{"id":11752984,"date":"2024-07-05T09:07:00","date_gmt":"2024-07-05T13:07:00","guid":{"rendered":"https:\/\/www.corumbaonline.com.br\/news\/?p=11752984"},"modified":"2024-07-05T11:26:57","modified_gmt":"2024-07-05T15:26:57","slug":"em-visita-ao-governo-de-ms-comando-conjunto-das-forcas-armadas-reintera-apoio-a-operacao-pantanal","status":"publish","type":"post","link":"https:\/\/www.corumbaonline.com.br\/news\/em-visita-ao-governo-de-ms-comando-conjunto-das-forcas-armadas-reintera-apoio-a-operacao-pantanal\/","title":{"rendered":"Em visita ao Governo de MS, Comando Conjunto das For\u00e7as Armadas reintera apoio \u00e0 Opera\u00e7\u00e3o Pantanal"},"content":{"rendered":"<p>O chefe do Comando Conjunto do Centro de Coordena\u00e7\u00e3o de Opera\u00e7\u00f5es do Comando Militar do Oeste (CCOp\/CMO), general de Ex\u00e9rcito Luiz Fernando Estorilho Baganha, se reuniu na tarde desta quinta-feira (4) com o governador do Estado, Eduardo Riedel.<\/p>\n<p>Acompanhado de\u00a0 generais que comp\u00f5em o Estado-Maior do CMO e do comandante da Base A\u00e9rea de Campo Grande, brigadeiro do ar Eric Breviglieri, o comandante do CMO atualizou ao chefe do Executivo estadual o emprego das tr\u00eas For\u00e7as Armadas (Marinha, Ex\u00e9rcito e Aeron\u00e1utica) e o compromisso do Comando Conjunto nas a\u00e7\u00f5es de combate aos inc\u00eandios no Pantanal.<\/p>\n<p>&#8220;Nossos recursos para apoiar esse combate t\u00eam sido exitosos. Come\u00e7amos com uma situa\u00e7\u00e3o mais dif\u00edcil, hoje j\u00e1 est\u00e1 bem mais controlada, e somando os nossos esfor\u00e7os, a gente atinge um resultado melhor&#8221;, acrescenta o general Baganha.<\/p>\n<div id=\"gallery-1\" class=\"gallery galleryid-482464 gallery-columns-3 gallery-size-large\">\n<figure class=\"gallery-item\">\n<div class=\"gallery-icon landscape\"><a href=\"https:\/\/agenciadenoticias.ms.gov.br\/wp-content\/uploads\/2024\/07\/WhatsApp-Image-2024-07-04-at-14.36.18-2.jpeg\"><img loading=\"lazy\" decoding=\"async\" class=\"attachment-large size-large\" src=\"https:\/\/agenciadenoticias.ms.gov.br\/wp-content\/uploads\/2024\/07\/WhatsApp-Image-2024-07-04-at-14.36.18-2-1024x682.jpeg\" sizes=\"auto, (max-width: 1024px) 100vw, 1024px\" srcset=\"https:\/\/agenciadenoticias.ms.gov.br\/wp-content\/uploads\/2024\/07\/WhatsApp-Image-2024-07-04-at-14.36.18-2-1024x682.jpeg 1024w, https:\/\/agenciadenoticias.ms.gov.br\/wp-content\/uploads\/2024\/07\/WhatsApp-Image-2024-07-04-at-14.36.18-2-300x200.jpeg 300w, https:\/\/agenciadenoticias.ms.gov.br\/wp-content\/uploads\/2024\/07\/WhatsApp-Image-2024-07-04-at-14.36.18-2-768x512.jpeg 768w, https:\/\/agenciadenoticias.ms.gov.br\/wp-content\/uploads\/2024\/07\/WhatsApp-Image-2024-07-04-at-14.36.18-2-350x232.jpeg 350w, https:\/\/agenciadenoticias.ms.gov.br\/wp-content\/uploads\/2024\/07\/WhatsApp-Image-2024-07-04-at-14.36.18-2.jpeg 1280w\" alt=\"\" width=\"1024\" height=\"682\" \/><\/a><\/div>\n<\/figure>\n<figure class=\"gallery-item\">\n<div class=\"gallery-icon landscape\"><a href=\"https:\/\/agenciadenoticias.ms.gov.br\/wp-content\/uploads\/2024\/07\/WhatsApp-Image-2024-07-04-at-14.36.18.jpeg\"><img loading=\"lazy\" decoding=\"async\" class=\"attachment-large size-large\" src=\"https:\/\/agenciadenoticias.ms.gov.br\/wp-content\/uploads\/2024\/07\/WhatsApp-Image-2024-07-04-at-14.36.18-1024x682.jpeg\" sizes=\"auto, (max-width: 1024px) 100vw, 1024px\" srcset=\"https:\/\/agenciadenoticias.ms.gov.br\/wp-content\/uploads\/2024\/07\/WhatsApp-Image-2024-07-04-at-14.36.18-1024x682.jpeg 1024w, https:\/\/agenciadenoticias.ms.gov.br\/wp-content\/uploads\/2024\/07\/WhatsApp-Image-2024-07-04-at-14.36.18-300x200.jpeg 300w, https:\/\/agenciadenoticias.ms.gov.br\/wp-content\/uploads\/2024\/07\/WhatsApp-Image-2024-07-04-at-14.36.18-768x512.jpeg 768w, https:\/\/agenciadenoticias.ms.gov.br\/wp-content\/uploads\/2024\/07\/WhatsApp-Image-2024-07-04-at-14.36.18-350x232.jpeg 350w, https:\/\/agenciadenoticias.ms.gov.br\/wp-content\/uploads\/2024\/07\/WhatsApp-Image-2024-07-04-at-14.36.18.jpeg 1280w\" alt=\"\" width=\"1024\" height=\"682\" \/><\/a><\/div>\n<\/figure>\n<figure class=\"gallery-item\">\n<div class=\"gallery-icon landscape\"><a href=\"https:\/\/agenciadenoticias.ms.gov.br\/wp-content\/uploads\/2024\/07\/WhatsApp-Image-2024-07-04-at-14.36.18-1.jpeg\"><img loading=\"lazy\" decoding=\"async\" class=\"attachment-large size-large\" src=\"https:\/\/agenciadenoticias.ms.gov.br\/wp-content\/uploads\/2024\/07\/WhatsApp-Image-2024-07-04-at-14.36.18-1-1024x682.jpeg\" sizes=\"auto, (max-width: 1024px) 100vw, 1024px\" srcset=\"https:\/\/agenciadenoticias.ms.gov.br\/wp-content\/uploads\/2024\/07\/WhatsApp-Image-2024-07-04-at-14.36.18-1-1024x682.jpeg 1024w, https:\/\/agenciadenoticias.ms.gov.br\/wp-content\/uploads\/2024\/07\/WhatsApp-Image-2024-07-04-at-14.36.18-1-300x200.jpeg 300w, https:\/\/agenciadenoticias.ms.gov.br\/wp-content\/uploads\/2024\/07\/WhatsApp-Image-2024-07-04-at-14.36.18-1-768x512.jpeg 768w, https:\/\/agenciadenoticias.ms.gov.br\/wp-content\/uploads\/2024\/07\/WhatsApp-Image-2024-07-04-at-14.36.18-1-350x232.jpeg 350w, https:\/\/agenciadenoticias.ms.gov.br\/wp-content\/uploads\/2024\/07\/WhatsApp-Image-2024-07-04-at-14.36.18-1.jpeg 1280w\" alt=\"\" width=\"1024\" height=\"682\" \/><\/a><\/div>\n<\/figure>\n<\/div>\n<p>O Minist\u00e9rio da Defesa, por meio da portaria n\u00ba 3.179, autorizou desde o dia 27 de junho, o emprego tempor\u00e1rio das For\u00e7as Armadas em atividades de apoio log\u00edstico \u00e0s a\u00e7\u00f5es de combate aos inc\u00eandios florestais no Pantanal.<\/p>\n<p><strong>Opera\u00e7\u00e3o Pantanal II<\/strong><\/p>\n<p>Com o aux\u00edlio de uma aeronave Cougar, do Ex\u00e9rcito Brasileiro, \u00e9 realizado o transporte de agentes da For\u00e7a Nacional aos locais de dif\u00edcil acesso para combater os inc\u00eandios que assolam o Pantanal. As a\u00e7\u00f5es de combate tamb\u00e9m s\u00e3o intensificadas por uma aeronave KC 390, da For\u00e7a A\u00e9rea Brasileira.<\/p>\n<p>As For\u00e7as Armadas atuam na regi\u00e3o desde o dia 5 de junho. A Marinha empregou 250 militares, uma aeronave, um navio patrulha, quatro embarca\u00e7\u00f5es e cinco viaturas em a\u00e7\u00f5es como transporte de pessoal e equipamentos, e combate a inc\u00eandio florestal na calha do Rio Paraguai.<\/p>\n<p>O Ex\u00e9rcito Brasileiro tamb\u00e9m empregou militares no controle de focos de inc\u00eandio nas proximidades do Forte Coimbra, em Corumb\u00e1.<\/p>\n<p>O emprego de militares nesta opera\u00e7\u00e3o \u00e9 de extrema funcionalidade, uma vez que esses profissionais s\u00e3o capacitados para atuar em condi\u00e7\u00f5es extremas, sob a miss\u00e3o de defender vidas e o bioma pantaneiro. As a\u00e7\u00f5es acontecem em Mato Grosso do Sul e Mato Grosso e tamb\u00e9m garantem suporte a profissionais de sa\u00fade.<\/p>\n","protected":false},"excerpt":{"rendered":"<p>O chefe do Comando Conjunto do Centro de Coordena\u00e7\u00e3o de Opera\u00e7\u00f5es do Comando Militar do&#8230;<\/p>\n","protected":false},"author":13,"featured_media":11752987,"comment_status":"closed","ping_status":"closed","sticky":false,"template":"","format":"standard","meta":{"footnotes":""},"categories":[8,17],"tags":[209],"class_list":["post-11752984","post","type-post","status-publish","format-standard","has-post-thumbnail","hentry","category-destaque","category-meio-ambiente","tag-meio-ambiente"],"_links":{"self":[{"href":"https:\/\/www.corumbaonline.com.br\/news\/wp-json\/wp\/v2\/posts\/11752984","targetHints":{"allow":["GET"]}}],"collection":[{"href":"https:\/\/www.corumbaonline.com.br\/news\/wp-json\/wp\/v2\/posts"}],"about":[{"href":"https:\/\/www.corumbaonline.com.br\/news\/wp-json\/wp\/v2\/types\/post"}],"author":[{"embeddable":true,"href":"https:\/\/www.corumbaonline.com.br\/news\/wp-json\/wp\/v2\/users\/13"}],"replies":[{"embeddable":true,"href":"https:\/\/www.corumbaonline.com.br\/news\/wp-json\/wp\/v2\/comments?post=11752984"}],"version-history":[{"count":1,"href":"https:\/\/www.corumbaonline.com.br\/news\/wp-json\/wp\/v2\/posts\/11752984\/revisions"}],"predecessor-version":[{"id":11752988,"href":"https:\/\/www.corumbaonline.com.br\/news\/wp-json\/wp\/v2\/posts\/11752984\/revisions\/11752988"}],"wp:featuredmedia":[{"embeddable":true,"href":"https:\/\/www.corumbaonline.com.br\/news\/wp-json\/wp\/v2\/media\/11752987"}],"wp:attachment":[{"href":"https:\/\/www.corumbaonline.com.br\/news\/wp-json\/wp\/v2\/media?parent=11752984"}],"wp:term":[{"taxonomy":"category","embeddable":true,"href":"https:\/\/www.corumbaonline.com.br\/news\/wp-json\/wp\/v2\/categories?post=11752984"},{"taxonomy":"post_tag","embeddable":true,"href":"https:\/\/www.corumbaonline.com.br\/news\/wp-json\/wp\/v2\/tags?post=11752984"}],"curies":[{"name":"wp","href":"https:\/\/api.w.org\/{rel}","templated":true}]}}