{"id":11752995,"date":"2024-07-05T09:56:00","date_gmt":"2024-07-05T13:56:00","guid":{"rendered":"https:\/\/www.corumbaonline.com.br\/news\/?p=11752995"},"modified":"2024-07-05T11:41:40","modified_gmt":"2024-07-05T15:41:40","slug":"bombeiros-de-ms-lutam-para-conter-grandes-chamas-na-regiao-do-nabileque","status":"publish","type":"post","link":"https:\/\/www.corumbaonline.com.br\/news\/bombeiros-de-ms-lutam-para-conter-grandes-chamas-na-regiao-do-nabileque\/","title":{"rendered":"Bombeiros de MS lutam para conter grandes chamas na regi\u00e3o do Nabileque"},"content":{"rendered":"<p>Com oito equipes em campo, o Corpo de Bombeiros trava uma batalha contra os fortes ventos e caracter\u00edsticas impares da regi\u00e3o do Nabileque, que hoje concentra v\u00e1rios focos de inc\u00eandios no Pantanal. O trabalho intenso desafia as grandes chamas para evitar que elas se propaguem pelo caminho. S\u00e3o mais de duas semanas de a\u00e7\u00f5es durante o dia e \u00e0 noite.<\/p>\n<p>A regi\u00e3o do Nabileque \u00e9 pr\u00f3ximo ao Buraco das Piranhas, ao sul da BR-262. Est\u00e3o em campo equipes do Corpo de Bombeiros do Mato Grosso do Sul, com apoio da For\u00e7a Nacional e bombeiros do Distrito Federal, em a\u00e7\u00e3o conjunta na regi\u00e3o que fica a sudeste de Corumb\u00e1.<\/p>\n<p>O tenente Randolfo Rocha est\u00e1 a frente da opera\u00e7\u00e3o. Ele contou que o combate se torna mais dif\u00edcil pelas caracter\u00edsticas da regi\u00e3o. &#8220;Aqui tem uma \u00e1rvore chamada carand\u00e1, que \u00e9 um coqueiro que quando pega fogo, as fagulhas v\u00e3o por centenas de metros de dist\u00e2ncia, o que gera focos secund\u00e1rios, que ultrapassam nossos aceiros e linha de defesa&#8221;, explica.<\/p>\n<div id=\"gallery-1\" class=\"gallery galleryid-482537 gallery-columns-2 gallery-size-large\">\n<figure class=\"gallery-item\">\n<div class=\"gallery-icon landscape\"><a href=\"https:\/\/agenciadenoticias.ms.gov.br\/wp-content\/uploads\/2024\/07\/Operacao-Pantanal-Foto-Alvaro-Rezende-14-1.jpeg\"><img loading=\"lazy\" decoding=\"async\" class=\"attachment-large size-large\" src=\"https:\/\/agenciadenoticias.ms.gov.br\/wp-content\/uploads\/2024\/07\/Operacao-Pantanal-Foto-Alvaro-Rezende-14-1-1024x682.jpeg\" sizes=\"auto, (max-width: 1024px) 100vw, 1024px\" srcset=\"https:\/\/agenciadenoticias.ms.gov.br\/wp-content\/uploads\/2024\/07\/Operacao-Pantanal-Foto-Alvaro-Rezende-14-1-1024x682.jpeg 1024w, https:\/\/agenciadenoticias.ms.gov.br\/wp-content\/uploads\/2024\/07\/Operacao-Pantanal-Foto-Alvaro-Rezende-14-1-300x200.jpeg 300w, https:\/\/agenciadenoticias.ms.gov.br\/wp-content\/uploads\/2024\/07\/Operacao-Pantanal-Foto-Alvaro-Rezende-14-1-768x512.jpeg 768w, https:\/\/agenciadenoticias.ms.gov.br\/wp-content\/uploads\/2024\/07\/Operacao-Pantanal-Foto-Alvaro-Rezende-14-1-350x232.jpeg 350w, https:\/\/agenciadenoticias.ms.gov.br\/wp-content\/uploads\/2024\/07\/Operacao-Pantanal-Foto-Alvaro-Rezende-14-1.jpeg 1280w\" alt=\"\" width=\"1024\" height=\"682\" \/><\/a><\/div>\n<\/figure>\n<figure class=\"gallery-item\">\n<div class=\"gallery-icon landscape\"><a href=\"https:\/\/agenciadenoticias.ms.gov.br\/wp-content\/uploads\/2024\/07\/Operacao-Pantanal-Foto-Alvaro-Rezende-4.jpeg\"><img loading=\"lazy\" decoding=\"async\" class=\"attachment-large size-large\" src=\"https:\/\/agenciadenoticias.ms.gov.br\/wp-content\/uploads\/2024\/07\/Operacao-Pantanal-Foto-Alvaro-Rezende-4-1024x682.jpeg\" sizes=\"auto, (max-width: 1024px) 100vw, 1024px\" srcset=\"https:\/\/agenciadenoticias.ms.gov.br\/wp-content\/uploads\/2024\/07\/Operacao-Pantanal-Foto-Alvaro-Rezende-4-1024x682.jpeg 1024w, https:\/\/agenciadenoticias.ms.gov.br\/wp-content\/uploads\/2024\/07\/Operacao-Pantanal-Foto-Alvaro-Rezende-4-300x200.jpeg 300w, https:\/\/agenciadenoticias.ms.gov.br\/wp-content\/uploads\/2024\/07\/Operacao-Pantanal-Foto-Alvaro-Rezende-4-768x512.jpeg 768w, https:\/\/agenciadenoticias.ms.gov.br\/wp-content\/uploads\/2024\/07\/Operacao-Pantanal-Foto-Alvaro-Rezende-4-350x232.jpeg 350w, https:\/\/agenciadenoticias.ms.gov.br\/wp-content\/uploads\/2024\/07\/Operacao-Pantanal-Foto-Alvaro-Rezende-4.jpeg 1280w\" alt=\"\" width=\"1024\" height=\"682\" \/><\/a><\/div>\n<\/figure>\n<figure class=\"gallery-item\">\n<div class=\"gallery-icon landscape\"><a href=\"https:\/\/agenciadenoticias.ms.gov.br\/wp-content\/uploads\/2024\/07\/Operacao-Pantanal-Foto-Alvaro-Rezende-10-1.jpeg\"><img loading=\"lazy\" decoding=\"async\" class=\"attachment-large size-large\" src=\"https:\/\/agenciadenoticias.ms.gov.br\/wp-content\/uploads\/2024\/07\/Operacao-Pantanal-Foto-Alvaro-Rezende-10-1-1024x682.jpeg\" sizes=\"auto, (max-width: 1024px) 100vw, 1024px\" srcset=\"https:\/\/agenciadenoticias.ms.gov.br\/wp-content\/uploads\/2024\/07\/Operacao-Pantanal-Foto-Alvaro-Rezende-10-1-1024x682.jpeg 1024w, https:\/\/agenciadenoticias.ms.gov.br\/wp-content\/uploads\/2024\/07\/Operacao-Pantanal-Foto-Alvaro-Rezende-10-1-300x200.jpeg 300w, https:\/\/agenciadenoticias.ms.gov.br\/wp-content\/uploads\/2024\/07\/Operacao-Pantanal-Foto-Alvaro-Rezende-10-1-768x512.jpeg 768w, https:\/\/agenciadenoticias.ms.gov.br\/wp-content\/uploads\/2024\/07\/Operacao-Pantanal-Foto-Alvaro-Rezende-10-1-350x232.jpeg 350w, https:\/\/agenciadenoticias.ms.gov.br\/wp-content\/uploads\/2024\/07\/Operacao-Pantanal-Foto-Alvaro-Rezende-10-1.jpeg 1280w\" alt=\"\" width=\"1024\" height=\"682\" \/><\/a><\/div>\n<\/figure>\n<figure class=\"gallery-item\">\n<div class=\"gallery-icon landscape\"><a href=\"https:\/\/agenciadenoticias.ms.gov.br\/wp-content\/uploads\/2024\/07\/Operacao-Pantanal-Foto-Alvaro-Rezende-24.jpeg\"><img loading=\"lazy\" decoding=\"async\" class=\"attachment-large size-large\" src=\"https:\/\/agenciadenoticias.ms.gov.br\/wp-content\/uploads\/2024\/07\/Operacao-Pantanal-Foto-Alvaro-Rezende-24-1024x682.jpeg\" sizes=\"auto, (max-width: 1024px) 100vw, 1024px\" srcset=\"https:\/\/agenciadenoticias.ms.gov.br\/wp-content\/uploads\/2024\/07\/Operacao-Pantanal-Foto-Alvaro-Rezende-24-1024x682.jpeg 1024w, https:\/\/agenciadenoticias.ms.gov.br\/wp-content\/uploads\/2024\/07\/Operacao-Pantanal-Foto-Alvaro-Rezende-24-300x200.jpeg 300w, https:\/\/agenciadenoticias.ms.gov.br\/wp-content\/uploads\/2024\/07\/Operacao-Pantanal-Foto-Alvaro-Rezende-24-768x512.jpeg 768w, https:\/\/agenciadenoticias.ms.gov.br\/wp-content\/uploads\/2024\/07\/Operacao-Pantanal-Foto-Alvaro-Rezende-24-350x232.jpeg 350w, https:\/\/agenciadenoticias.ms.gov.br\/wp-content\/uploads\/2024\/07\/Operacao-Pantanal-Foto-Alvaro-Rezende-24.jpeg 1280w\" alt=\"\" width=\"1024\" height=\"682\" \/><\/a><\/div>\n<\/figure>\n<\/div>\n<p>Rocha destacou que os ventos fortes tamb\u00e9m ajudam na propaga\u00e7\u00e3o do fogo. &#8220;Nosso foco era proteger a rodovia e o trilho do trem, agora com a progress\u00e3o dos focos a estrat\u00e9gia \u00e9 evitar a propaga\u00e7\u00e3o para outras \u00e1reas. O trabalho continua&#8221;.<\/p>\n<p>Os trabalhos t\u00eam o apoio dos fazendeiros locais e moradores que ajudam abrindo caminho com tratores, britadeiras e maquin\u00e1rios agr\u00edcolas. Tamb\u00e9m seguem em campo para ajudar a conter o fogo.<\/p>\n<p>O local tem chamas altas, com vento forte nos \u00faltimos dias. &#8220;A ajuda dos bombeiros \u00e9 muito importante e essencial, sem eles n\u00e3o ter\u00edamos o que fazer. Ajudamos no que for poss\u00edvel, com tratores e outras m\u00e1quinas&#8221;, afirma Jo\u00e3o Luiz. Ele mora h\u00e1 10 anos no Pantanal e trabalha na fazenda Alvorada.<\/p>\n<p>A mesma avalia\u00e7\u00e3o faz Gilson Maldonado, que mora no Pantanal h\u00e1 40 anos. &#8220;Infelizmente neste ano os inc\u00eandios come\u00e7aram mais cedo, normalmente intensifica em agosto, mas piorou devido o tempo seco e falta de chuva&#8221;.<\/p>\n<p>Ele ponderou que a ajuda dos bombeiros e do Estado faz a diferen\u00e7a. &#8220;N\u00e3o tem o que falar de todo este esfor\u00e7o deles, s\u00e3o v\u00e1rios dias atuando dia e noite aqui na regi\u00e3o&#8221;.<\/p>\n<p>Ao longo do combate desta quinta-feira (4), os bombeiros se empenharam em salvar as pontes, fazendo obst\u00e1culos naturais para evitar quem os inc\u00eandios destru\u00edssem as estruturas. O fogo se intensificou das 12h as 16h, exigindo um refor\u00e7o nas atividades, em fun\u00e7\u00e3o da mudan\u00e7a do vento.<\/p>\n<div id=\"gallery-2\" class=\"gallery galleryid-482537 gallery-columns-3 gallery-size-large\">\n<figure class=\"gallery-item\">\n<div class=\"gallery-icon landscape\"><a href=\"https:\/\/agenciadenoticias.ms.gov.br\/wp-content\/uploads\/2024\/07\/Operacao-Pantanal-Foto-Alvaro-Rezende-33.jpeg\"><img loading=\"lazy\" decoding=\"async\" class=\"attachment-large size-large\" src=\"https:\/\/agenciadenoticias.ms.gov.br\/wp-content\/uploads\/2024\/07\/Operacao-Pantanal-Foto-Alvaro-Rezende-33-1024x682.jpeg\" sizes=\"auto, (max-width: 1024px) 100vw, 1024px\" srcset=\"https:\/\/agenciadenoticias.ms.gov.br\/wp-content\/uploads\/2024\/07\/Operacao-Pantanal-Foto-Alvaro-Rezende-33-1024x682.jpeg 1024w, https:\/\/agenciadenoticias.ms.gov.br\/wp-content\/uploads\/2024\/07\/Operacao-Pantanal-Foto-Alvaro-Rezende-33-300x200.jpeg 300w, https:\/\/agenciadenoticias.ms.gov.br\/wp-content\/uploads\/2024\/07\/Operacao-Pantanal-Foto-Alvaro-Rezende-33-768x512.jpeg 768w, https:\/\/agenciadenoticias.ms.gov.br\/wp-content\/uploads\/2024\/07\/Operacao-Pantanal-Foto-Alvaro-Rezende-33-350x232.jpeg 350w, https:\/\/agenciadenoticias.ms.gov.br\/wp-content\/uploads\/2024\/07\/Operacao-Pantanal-Foto-Alvaro-Rezende-33.jpeg 1280w\" alt=\"\" width=\"1024\" height=\"682\" \/><\/a><\/div>\n<\/figure>\n<figure class=\"gallery-item\">\n<div class=\"gallery-icon landscape\"><a href=\"https:\/\/agenciadenoticias.ms.gov.br\/wp-content\/uploads\/2024\/07\/Operacao-Pantanal-Foto-Alvaro-Rezende-28.jpeg\"><img loading=\"lazy\" decoding=\"async\" class=\"attachment-large size-large\" src=\"https:\/\/agenciadenoticias.ms.gov.br\/wp-content\/uploads\/2024\/07\/Operacao-Pantanal-Foto-Alvaro-Rezende-28-1024x682.jpeg\" sizes=\"auto, (max-width: 1024px) 100vw, 1024px\" srcset=\"https:\/\/agenciadenoticias.ms.gov.br\/wp-content\/uploads\/2024\/07\/Operacao-Pantanal-Foto-Alvaro-Rezende-28-1024x682.jpeg 1024w, https:\/\/agenciadenoticias.ms.gov.br\/wp-content\/uploads\/2024\/07\/Operacao-Pantanal-Foto-Alvaro-Rezende-28-300x200.jpeg 300w, https:\/\/agenciadenoticias.ms.gov.br\/wp-content\/uploads\/2024\/07\/Operacao-Pantanal-Foto-Alvaro-Rezende-28-768x512.jpeg 768w, https:\/\/agenciadenoticias.ms.gov.br\/wp-content\/uploads\/2024\/07\/Operacao-Pantanal-Foto-Alvaro-Rezende-28-350x232.jpeg 350w, https:\/\/agenciadenoticias.ms.gov.br\/wp-content\/uploads\/2024\/07\/Operacao-Pantanal-Foto-Alvaro-Rezende-28.jpeg 1280w\" alt=\"\" width=\"1024\" height=\"682\" \/><\/a><\/div>\n<\/figure>\n<figure class=\"gallery-item\">\n<div class=\"gallery-icon landscape\"><a href=\"https:\/\/agenciadenoticias.ms.gov.br\/wp-content\/uploads\/2024\/07\/Operacao-Pantanal-Foto-Alvaro-Rezende-34.jpeg\"><img loading=\"lazy\" decoding=\"async\" class=\"attachment-large size-large\" src=\"https:\/\/agenciadenoticias.ms.gov.br\/wp-content\/uploads\/2024\/07\/Operacao-Pantanal-Foto-Alvaro-Rezende-34-1024x682.jpeg\" sizes=\"auto, (max-width: 1024px) 100vw, 1024px\" srcset=\"https:\/\/agenciadenoticias.ms.gov.br\/wp-content\/uploads\/2024\/07\/Operacao-Pantanal-Foto-Alvaro-Rezende-34-1024x682.jpeg 1024w, https:\/\/agenciadenoticias.ms.gov.br\/wp-content\/uploads\/2024\/07\/Operacao-Pantanal-Foto-Alvaro-Rezende-34-300x200.jpeg 300w, https:\/\/agenciadenoticias.ms.gov.br\/wp-content\/uploads\/2024\/07\/Operacao-Pantanal-Foto-Alvaro-Rezende-34-768x512.jpeg 768w, https:\/\/agenciadenoticias.ms.gov.br\/wp-content\/uploads\/2024\/07\/Operacao-Pantanal-Foto-Alvaro-Rezende-34-350x232.jpeg 350w, https:\/\/agenciadenoticias.ms.gov.br\/wp-content\/uploads\/2024\/07\/Operacao-Pantanal-Foto-Alvaro-Rezende-34.jpeg 1280w\" alt=\"\" width=\"1024\" height=\"682\" \/><\/a><\/div>\n<\/figure>\n<figure class=\"gallery-item\">\n<div class=\"gallery-icon landscape\"><a href=\"https:\/\/agenciadenoticias.ms.gov.br\/wp-content\/uploads\/2024\/07\/Operacao-Pantanal-Foto-Alvaro-Rezende-1.jpeg\"><img loading=\"lazy\" decoding=\"async\" class=\"attachment-large size-large\" src=\"https:\/\/agenciadenoticias.ms.gov.br\/wp-content\/uploads\/2024\/07\/Operacao-Pantanal-Foto-Alvaro-Rezende-1-1024x682.jpeg\" sizes=\"auto, (max-width: 1024px) 100vw, 1024px\" srcset=\"https:\/\/agenciadenoticias.ms.gov.br\/wp-content\/uploads\/2024\/07\/Operacao-Pantanal-Foto-Alvaro-Rezende-1-1024x682.jpeg 1024w, https:\/\/agenciadenoticias.ms.gov.br\/wp-content\/uploads\/2024\/07\/Operacao-Pantanal-Foto-Alvaro-Rezende-1-300x200.jpeg 300w, https:\/\/agenciadenoticias.ms.gov.br\/wp-content\/uploads\/2024\/07\/Operacao-Pantanal-Foto-Alvaro-Rezende-1-768x512.jpeg 768w, https:\/\/agenciadenoticias.ms.gov.br\/wp-content\/uploads\/2024\/07\/Operacao-Pantanal-Foto-Alvaro-Rezende-1-350x232.jpeg 350w, https:\/\/agenciadenoticias.ms.gov.br\/wp-content\/uploads\/2024\/07\/Operacao-Pantanal-Foto-Alvaro-Rezende-1.jpeg 1280w\" alt=\"\" width=\"1024\" height=\"682\" \/><\/a><\/div>\n<\/figure>\n<figure class=\"gallery-item\">\n<div class=\"gallery-icon landscape\"><a href=\"https:\/\/agenciadenoticias.ms.gov.br\/wp-content\/uploads\/2024\/07\/Operacao-Pantanal-Foto-Alvaro-Rezende-36.jpeg\"><img loading=\"lazy\" decoding=\"async\" class=\"attachment-large size-large\" src=\"https:\/\/agenciadenoticias.ms.gov.br\/wp-content\/uploads\/2024\/07\/Operacao-Pantanal-Foto-Alvaro-Rezende-36-1024x682.jpeg\" sizes=\"auto, (max-width: 1024px) 100vw, 1024px\" srcset=\"https:\/\/agenciadenoticias.ms.gov.br\/wp-content\/uploads\/2024\/07\/Operacao-Pantanal-Foto-Alvaro-Rezende-36-1024x682.jpeg 1024w, https:\/\/agenciadenoticias.ms.gov.br\/wp-content\/uploads\/2024\/07\/Operacao-Pantanal-Foto-Alvaro-Rezende-36-300x200.jpeg 300w, https:\/\/agenciadenoticias.ms.gov.br\/wp-content\/uploads\/2024\/07\/Operacao-Pantanal-Foto-Alvaro-Rezende-36-768x512.jpeg 768w, https:\/\/agenciadenoticias.ms.gov.br\/wp-content\/uploads\/2024\/07\/Operacao-Pantanal-Foto-Alvaro-Rezende-36-350x232.jpeg 350w, https:\/\/agenciadenoticias.ms.gov.br\/wp-content\/uploads\/2024\/07\/Operacao-Pantanal-Foto-Alvaro-Rezende-36.jpeg 1280w\" alt=\"\" width=\"1024\" height=\"682\" \/><\/a><\/div>\n<\/figure>\n<figure class=\"gallery-item\">\n<div class=\"gallery-icon landscape\"><a href=\"https:\/\/agenciadenoticias.ms.gov.br\/wp-content\/uploads\/2024\/07\/Operacao-Pantanal-Foto-Alvaro-Rezende-35.jpeg\"><img loading=\"lazy\" decoding=\"async\" class=\"attachment-large size-large\" src=\"https:\/\/agenciadenoticias.ms.gov.br\/wp-content\/uploads\/2024\/07\/Operacao-Pantanal-Foto-Alvaro-Rezende-35-1024x682.jpeg\" sizes=\"auto, (max-width: 1024px) 100vw, 1024px\" srcset=\"https:\/\/agenciadenoticias.ms.gov.br\/wp-content\/uploads\/2024\/07\/Operacao-Pantanal-Foto-Alvaro-Rezende-35-1024x682.jpeg 1024w, https:\/\/agenciadenoticias.ms.gov.br\/wp-content\/uploads\/2024\/07\/Operacao-Pantanal-Foto-Alvaro-Rezende-35-300x200.jpeg 300w, https:\/\/agenciadenoticias.ms.gov.br\/wp-content\/uploads\/2024\/07\/Operacao-Pantanal-Foto-Alvaro-Rezende-35-768x512.jpeg 768w, https:\/\/agenciadenoticias.ms.gov.br\/wp-content\/uploads\/2024\/07\/Operacao-Pantanal-Foto-Alvaro-Rezende-35-350x232.jpeg 350w, https:\/\/agenciadenoticias.ms.gov.br\/wp-content\/uploads\/2024\/07\/Operacao-Pantanal-Foto-Alvaro-Rezende-35.jpeg 1280w\" alt=\"\" width=\"1024\" height=\"682\" \/><\/a><\/div>\n<\/figure>\n<\/div>\n<p><strong>Apoio de fora<\/strong><\/p>\n<p>Al\u00e9m dos militares da For\u00e7a Nacional, o Governo de Mato Grosso do Sul recebeu apoio de bombeiros de outros estados, entre eles combatentes do Distrito Federal.<\/p>\n<p>O sargento Felipe In\u00e1cio \u00e9 um destes militares est\u00e3o ajudando nos trabalhos da regi\u00e3o do Nabileque. Ele afirma que nunca tinha enfrentado inc\u00eandios t\u00e3o grandes e um desafio desta natureza.<\/p>\n<p>&#8220;Cheguei na quarta-feira aqui na regi\u00e3o e j\u00e1 fui para o combate a tarde e a noite. Enfrentamos grandes chamas e tivemos que optar pelo combate indireto, usando t\u00e9cnicas para tentar conter os focos&#8221;.<\/p>\n<p>In\u00e1cio contou que as a\u00e7\u00f5es come\u00e7aram as 19h da noite e seguiram at\u00e9 \u00e0s 3h da madrugada. Ele ressaltou que vai ajudar no que for poss\u00edvel para ajudar o Pantanal.<\/p>\n<p>&#8220;O Pantanal \u00e9 uma riqueza mundial. A maior plan\u00edcie alagada do planeta, com maior concentra\u00e7\u00e3o de p\u00e1ssaros e uma vegeta\u00e7\u00e3o \u00edmpar. Um local que \u00e9 muito dif\u00edcil para fazer o combate, mas estamos nos empenhando&#8221;.<\/p>\n","protected":false},"excerpt":{"rendered":"<p>Com oito equipes em campo, o Corpo de Bombeiros trava uma batalha contra os fortes&#8230;<\/p>\n","protected":false},"author":13,"featured_media":11752998,"comment_status":"closed","ping_status":"closed","sticky":false,"template":"","format":"standard","meta":{"footnotes":""},"categories":[8,17],"tags":[209],"class_list":["post-11752995","post","type-post","status-publish","format-standard","has-post-thumbnail","hentry","category-destaque","category-meio-ambiente","tag-meio-ambiente"],"_links":{"self":[{"href":"https:\/\/www.corumbaonline.com.br\/news\/wp-json\/wp\/v2\/posts\/11752995","targetHints":{"allow":["GET"]}}],"collection":[{"href":"https:\/\/www.corumbaonline.com.br\/news\/wp-json\/wp\/v2\/posts"}],"about":[{"href":"https:\/\/www.corumbaonline.com.br\/news\/wp-json\/wp\/v2\/types\/post"}],"author":[{"embeddable":true,"href":"https:\/\/www.corumbaonline.com.br\/news\/wp-json\/wp\/v2\/users\/13"}],"replies":[{"embeddable":true,"href":"https:\/\/www.corumbaonline.com.br\/news\/wp-json\/wp\/v2\/comments?post=11752995"}],"version-history":[{"count":1,"href":"https:\/\/www.corumbaonline.com.br\/news\/wp-json\/wp\/v2\/posts\/11752995\/revisions"}],"predecessor-version":[{"id":11753003,"href":"https:\/\/www.corumbaonline.com.br\/news\/wp-json\/wp\/v2\/posts\/11752995\/revisions\/11753003"}],"wp:featuredmedia":[{"embeddable":true,"href":"https:\/\/www.corumbaonline.com.br\/news\/wp-json\/wp\/v2\/media\/11752998"}],"wp:attachment":[{"href":"https:\/\/www.corumbaonline.com.br\/news\/wp-json\/wp\/v2\/media?parent=11752995"}],"wp:term":[{"taxonomy":"category","embeddable":true,"href":"https:\/\/www.corumbaonline.com.br\/news\/wp-json\/wp\/v2\/categories?post=11752995"},{"taxonomy":"post_tag","embeddable":true,"href":"https:\/\/www.corumbaonline.com.br\/news\/wp-json\/wp\/v2\/tags?post=11752995"}],"curies":[{"name":"wp","href":"https:\/\/api.w.org\/{rel}","templated":true}]}}