{"id":11753051,"date":"2024-07-06T11:20:00","date_gmt":"2024-07-06T15:20:00","guid":{"rendered":"https:\/\/www.corumbaonline.com.br\/news\/?p=11753051"},"modified":"2024-07-06T12:51:39","modified_gmt":"2024-07-06T16:51:39","slug":"mpms-e-ihp-firmam-acordo-para-uso-de-ia-que-reconhece-incendios-no-pantanal","status":"publish","type":"post","link":"https:\/\/www.corumbaonline.com.br\/news\/mpms-e-ihp-firmam-acordo-para-uso-de-ia-que-reconhece-incendios-no-pantanal\/","title":{"rendered":"MPMS e IHP firmam acordo para uso de IA que reconhece inc\u00eandios no Pantanal"},"content":{"rendered":"<p class=\"u-text--justified\">O Minist\u00e9rio P\u00fablico de Mato Grosso do Sul assinou um acordo de coopera\u00e7\u00e3o t\u00e9cnica com o Instituto Homem Pantaneiro (IHP), para fortalecer o combate aos inc\u00eandios florestais no Pantanal sul-mato-grossense atrav\u00e9s do uso de tecnologia avan\u00e7ada. O ato oficial aconteceu no dia 5 de julho, na sede do IHP, em Corumb\u00e1.<\/p>\n<p class=\"u-text--justified\">O acordo foi assinado pelo Procurador-geral de Justi\u00e7a, Rom\u00e3o Avila Milham Junior, com a presen\u00e7a do Promotor de Justi\u00e7a Pedro de Oliveira Magalh\u00e3es, da 2\u00aa Promotoria de Justi\u00e7a de Corumb\u00e1, e do presidente do IHP, Angelo Rabelo.<\/p>\n<p class=\"u-text--justified\"><a href=\"https:\/\/www.corumbaonline.com.br\/news\/wp-content\/uploads\/2024\/07\/foto121865.jpg\"><img loading=\"lazy\" decoding=\"async\" class=\"aligncenter size-full wp-image-11753054\" src=\"https:\/\/www.corumbaonline.com.br\/news\/wp-content\/uploads\/2024\/07\/foto121865.jpg\" alt=\"\" width=\"1299\" height=\"600\" srcset=\"https:\/\/www.corumbaonline.com.br\/news\/wp-content\/uploads\/2024\/07\/foto121865.jpg 1299w, https:\/\/www.corumbaonline.com.br\/news\/wp-content\/uploads\/2024\/07\/foto121865-300x139.jpg 300w, https:\/\/www.corumbaonline.com.br\/news\/wp-content\/uploads\/2024\/07\/foto121865-1024x473.jpg 1024w, https:\/\/www.corumbaonline.com.br\/news\/wp-content\/uploads\/2024\/07\/foto121865-768x355.jpg 768w\" sizes=\"auto, (max-width: 1299px) 100vw, 1299px\" \/><\/a><\/p>\n<p class=\"u-text--justified\">O MPMS ter\u00e1 acesso integral e em tempo real ao sistema de monitoramento Pantera, mantido pelo IHP em parceria com a startup Um Grau e Meio. Este sistema utiliza intelig\u00eancia artificial para identificar sinais de fuma\u00e7a e reconhecer inc\u00eandios em quest\u00e3o de minutos, proporcionando uma resposta mais r\u00e1pida e eficaz do que os m\u00e9todos tradicionais de rastreamento por sat\u00e9lite.<\/p>\n<p class=\"u-text--justified\">Atualmente, o sistema Pantera opera na regi\u00e3o do Alto Pantanal, monitorando at\u00e9 1 milh\u00e3o de hectares, incluindo a Serra do Amolar. O sistema funciona 24 horas por dia, sete dias por semana, com cinco c\u00e2meras instaladas em locais remotos sem acesso por estradas.<\/p>\n<p class=\"u-text--justified\">O Promotor de Justi\u00e7a Pedro de Oliveira Magalh\u00e3es ressaltou a import\u00e2ncia do acordo, destacando que a tecnologia de IA permitir\u00e1 um monitoramento em tempo real dos inc\u00eandios no Pantanal. Angelo Rabelo, presidente do IHP, sublinhou a necessidade de uni\u00e3o de for\u00e7as para a conserva\u00e7\u00e3o do Pantanal, considerado um Patrim\u00f4nio Natural da Humanidade.<\/p>\n<p class=\"u-text--justified\">O acordo ter\u00e1 vig\u00eancia de julho a outubro de 2024, per\u00edodo cr\u00edtico para inc\u00eandios devido \u00e0 estiagem. O MPMS tamb\u00e9m atua por meio do N\u00facleo de Geotecnologias (NUGEO) para identificar e monitorar inc\u00eandios no Pantanal. Entre 10 de maio e 10 de junho, 8.836,35 hectares foram afetados por inc\u00eandios no Mato Grosso do Sul.<\/p>\n<p class=\"u-text--justified\"><strong>Sobre o IHP<\/strong><\/p>\n<p class=\"u-text--justified\">Fundado em 2002, o Instituto Homem Pantaneiro \u00e9 uma organiza\u00e7\u00e3o sem fins lucrativos dedicada \u00e0 conserva\u00e7\u00e3o do bioma Pantanal e da cultura local. Suas atividades incluem a gest\u00e3o de \u00e1reas protegidas, apoio a pesquisas cient\u00edficas e promo\u00e7\u00e3o do di\u00e1logo entre atores interessados na \u00e1rea.<\/p>\n","protected":false},"excerpt":{"rendered":"<p>O Minist\u00e9rio P\u00fablico de Mato Grosso do Sul assinou um acordo de coopera\u00e7\u00e3o t\u00e9cnica com&#8230;<\/p>\n","protected":false},"author":9,"featured_media":11753053,"comment_status":"closed","ping_status":"closed","sticky":false,"template":"","format":"standard","meta":{"footnotes":""},"categories":[17],"tags":[209],"class_list":["post-11753051","post","type-post","status-publish","format-standard","has-post-thumbnail","hentry","category-meio-ambiente","tag-meio-ambiente"],"_links":{"self":[{"href":"https:\/\/www.corumbaonline.com.br\/news\/wp-json\/wp\/v2\/posts\/11753051","targetHints":{"allow":["GET"]}}],"collection":[{"href":"https:\/\/www.corumbaonline.com.br\/news\/wp-json\/wp\/v2\/posts"}],"about":[{"href":"https:\/\/www.corumbaonline.com.br\/news\/wp-json\/wp\/v2\/types\/post"}],"author":[{"embeddable":true,"href":"https:\/\/www.corumbaonline.com.br\/news\/wp-json\/wp\/v2\/users\/9"}],"replies":[{"embeddable":true,"href":"https:\/\/www.corumbaonline.com.br\/news\/wp-json\/wp\/v2\/comments?post=11753051"}],"version-history":[{"count":1,"href":"https:\/\/www.corumbaonline.com.br\/news\/wp-json\/wp\/v2\/posts\/11753051\/revisions"}],"predecessor-version":[{"id":11753056,"href":"https:\/\/www.corumbaonline.com.br\/news\/wp-json\/wp\/v2\/posts\/11753051\/revisions\/11753056"}],"wp:featuredmedia":[{"embeddable":true,"href":"https:\/\/www.corumbaonline.com.br\/news\/wp-json\/wp\/v2\/media\/11753053"}],"wp:attachment":[{"href":"https:\/\/www.corumbaonline.com.br\/news\/wp-json\/wp\/v2\/media?parent=11753051"}],"wp:term":[{"taxonomy":"category","embeddable":true,"href":"https:\/\/www.corumbaonline.com.br\/news\/wp-json\/wp\/v2\/categories?post=11753051"},{"taxonomy":"post_tag","embeddable":true,"href":"https:\/\/www.corumbaonline.com.br\/news\/wp-json\/wp\/v2\/tags?post=11753051"}],"curies":[{"name":"wp","href":"https:\/\/api.w.org\/{rel}","templated":true}]}}