{"id":11755687,"date":"2024-09-05T15:04:00","date_gmt":"2024-09-05T19:04:00","guid":{"rendered":"https:\/\/www.corumbaonline.com.br\/news\/?p=11755687"},"modified":"2024-09-05T16:27:01","modified_gmt":"2024-09-05T20:27:01","slug":"situacao-de-seca-em-ms-intensifica-incendios-florestais-e-trabalho-de-combate-em-todos-os-biomas","status":"publish","type":"post","link":"https:\/\/www.corumbaonline.com.br\/news\/situacao-de-seca-em-ms-intensifica-incendios-florestais-e-trabalho-de-combate-em-todos-os-biomas\/","title":{"rendered":"Situa\u00e7\u00e3o de seca em MS intensifica inc\u00eandios florestais e trabalho de combate em todos os biomas"},"content":{"rendered":"<p>Com a\u00e7\u00f5es permanentes de combate aos inc\u00eandios florestais no Pantanal, Cerrado e Mata Atl\u00e2ntica, biomas presentes em Mato Grosso do Sul, o CBMMS (Corpo de Bombeiros de Mato Grosso do Sul) e os demais envolvidos no trabalho de controle e extin\u00e7\u00e3o das chamas, atuam em diferentes frentes para mitigar os impactos do fogo.<\/p>\n<p>O Governo do Estado transmitiu as informa\u00e7\u00f5es dos combates, nesta quinta-feira (5) \u2013 ao vivo pela internet (veja na \u00edntegra no final do texto) \u2013, no boletim semanal da Opera\u00e7\u00e3o Pantanal 2024.<\/p>\n<p>No Pantanal, a redu\u00e7\u00e3o da \u00e1rea alagada intensifica a seca e prejudica ainda mais as a\u00e7\u00f5es de combate. A situa\u00e7\u00e3o \u00e9 cr\u00edtica tamb\u00e9m por conta da seca na Amaz\u00f4nia que interfere nos ciclos do bioma pantaneiro, pois parte da chuva que chega ao Mato Grosso do Sul \u00e9 formada na floresta amaz\u00f4nica.<\/p>\n<p><a href=\"https:\/\/agenciadenoticias.ms.gov.br\/wp-content\/uploads\/2024\/09\/Live-Operacao-Pantanal-Foto-Bruno-Rezende-01-scaled.jpg\"><img loading=\"lazy\" decoding=\"async\" class=\"alignleft size-medium wp-image-489547\" src=\"https:\/\/agenciadenoticias.ms.gov.br\/wp-content\/uploads\/2024\/09\/Live-Operacao-Pantanal-Foto-Bruno-Rezende-01-300x200.jpg\" sizes=\"auto, (max-width: 300px) 100vw, 300px\" srcset=\"https:\/\/agenciadenoticias.ms.gov.br\/wp-content\/uploads\/2024\/09\/Live-Operacao-Pantanal-Foto-Bruno-Rezende-01-300x200.jpg 300w, https:\/\/agenciadenoticias.ms.gov.br\/wp-content\/uploads\/2024\/09\/Live-Operacao-Pantanal-Foto-Bruno-Rezende-01-1024x683.jpg 1024w, https:\/\/agenciadenoticias.ms.gov.br\/wp-content\/uploads\/2024\/09\/Live-Operacao-Pantanal-Foto-Bruno-Rezende-01-768x512.jpg 768w, https:\/\/agenciadenoticias.ms.gov.br\/wp-content\/uploads\/2024\/09\/Live-Operacao-Pantanal-Foto-Bruno-Rezende-01-1536x1024.jpg 1536w, https:\/\/agenciadenoticias.ms.gov.br\/wp-content\/uploads\/2024\/09\/Live-Operacao-Pantanal-Foto-Bruno-Rezende-01-2048x1365.jpg 2048w, https:\/\/agenciadenoticias.ms.gov.br\/wp-content\/uploads\/2024\/09\/Live-Operacao-Pantanal-Foto-Bruno-Rezende-01-350x232.jpg 350w, https:\/\/agenciadenoticias.ms.gov.br\/wp-content\/uploads\/2024\/09\/Live-Operacao-Pantanal-Foto-Bruno-Rezende-01-scaled.jpg 1920w\" alt=\"\" width=\"300\" height=\"200\" \/><\/a>\u201cA cobertura da superf\u00edcie com \u00e1gua tem diminu\u00eddo. Al\u00e9m disso, o Pantanal sofre tamb\u00e9m interfer\u00eancias de outros biomas. A floresta amaz\u00f4nica est\u00e1 tendo, ano a ano, desmatamento e aumento de queimadas. Em 2023 a situa\u00e7\u00e3o no Pantanal j\u00e1 foi extremamente cr\u00edtica, teve uma seca em outubro que perdura at\u00e9 agora. Ent\u00e3o falta um m\u00eas para completar um ano de seca no Pantanal e isso prejudica bastante as opera\u00e7\u00f5es de combate a inc\u00eandio, j\u00e1 que a vegeta\u00e7\u00e3o est\u00e1 seca, com altas temperaturas e baixa umidade relativa do ar. Isso interfere nas estrat\u00e9gias, nas t\u00e9cnicas e na quantidade de recursos que s\u00e3o necess\u00e1rias para o combate a inc\u00eandio\u201d, explicou M\u00e1rcio Yule,\u00a0coordenador do Prevfogo\/MS.<\/p>\n<p>Mesmo com os esfor\u00e7os do Governo do Estado, com o apoio de diversos \u00f3rg\u00e3os de outros estados e da Uni\u00e3o, os focos de inc\u00eandios est\u00e3o ativos em diversos locais e atingem todos os biomas \u2013 S\u00e3o Gabriel do Oeste, Miranda, Navira\u00ed, Porto Murtinho, Parana\u00edba, Corumb\u00e1 (Nabilque), Chapad\u00e3o do Sul. Al\u00e9m disso, est\u00e3o em monitoramento \u00e1reas no Parque Estadual das Nascentes do Rio Taquari (Costa Rica), Aquidauana, Corumb\u00e1 (Serra do Amolar, Passo do Lontra, Porto da Manga, Forte Coimbra, Porto Esperan\u00e7a, e Albuquerque); no Parque Estadual das V\u00e1rzeas do Rio Ivinhema, Coxim e Miranda (Betione).<\/p>\n<p>O representante do Ibama tamb\u00e9m destacou que a situa\u00e7\u00e3o do Pantanal demanda esfor\u00e7os que v\u00e3o al\u00e9m de recursos, j\u00e1 empregados pelo Estado e tamb\u00e9m pela Uni\u00e3o. \u201cEsse ano, e infelizmente nos anos vindouros, s\u00f3 recurso n\u00e3o vai resolver o problema de inc\u00eandio florestal. O manejo integrado do fogo e queima prescrita tem que envolver a todos para conscientizar as pessoas de n\u00e3o ascender e n\u00e3o colocar fogo no per\u00edodo da proibi\u00e7\u00e3o. Inclusive, que este ano o Governo do Estado antecipou para maio, e mesmo assim tivemos um m\u00eas de junho extremamente cr\u00edtico. A r\u00e9gua de Lad\u00e1rio (que mede o n\u00edvel do Rio Paraguai) assusta bastante, entrou em setembro em menos 20 (metros em rela\u00e7\u00e3o \u00e0 m\u00e9dia hist\u00f3rica), nunca esteve t\u00e3o seco, nunca come\u00e7ou a baixar t\u00e3o antes\u201d, disse Yule.<\/p>\n<div id=\"gallery-1\" class=\"gallery galleryid-489585 gallery-columns-2 gallery-size-large\">\n<figure class=\"gallery-item\">\n<div class=\"gallery-icon landscape\"><a href=\"https:\/\/agenciadenoticias.ms.gov.br\/wp-content\/uploads\/2024\/09\/WhatsApp-Image-2024-09-04-at-17.50.13-e1725549914802.jpeg\"><img loading=\"lazy\" decoding=\"async\" class=\"attachment-large size-large\" src=\"https:\/\/agenciadenoticias.ms.gov.br\/wp-content\/uploads\/2024\/09\/WhatsApp-Image-2024-09-04-at-17.50.13-1024x576.jpeg\" alt=\"\" width=\"1024\" height=\"576\" aria-describedby=\"gallery-1-489587\" \/><\/a><\/div><figcaption id=\"gallery-1-489587\" class=\"wp-caption-text gallery-caption\">Em Parana\u00edba, o cerrado tamb\u00e9m est\u00e1 em chamas,<\/figcaption><\/figure>\n<figure class=\"gallery-item\">\n<div class=\"gallery-icon landscape\"><a href=\"https:\/\/agenciadenoticias.ms.gov.br\/wp-content\/uploads\/2024\/09\/incendio-Pantanal_Forte-Coimbra-2-de-setembro-2024_CBMMS-e1725550043946.jpeg\"><img loading=\"lazy\" decoding=\"async\" class=\"attachment-large size-large\" src=\"https:\/\/agenciadenoticias.ms.gov.br\/wp-content\/uploads\/2024\/09\/incendio-Pantanal_Forte-Coimbra-2-de-setembro-2024_CBMMS-e1725550043946-1024x715.jpeg\" sizes=\"auto, (max-width: 1024px) 100vw, 1024px\" srcset=\"https:\/\/agenciadenoticias.ms.gov.br\/wp-content\/uploads\/2024\/09\/incendio-Pantanal_Forte-Coimbra-2-de-setembro-2024_CBMMS-e1725550043946-1024x715.jpeg 1024w, https:\/\/agenciadenoticias.ms.gov.br\/wp-content\/uploads\/2024\/09\/incendio-Pantanal_Forte-Coimbra-2-de-setembro-2024_CBMMS-e1725550043946-300x209.jpeg 300w, https:\/\/agenciadenoticias.ms.gov.br\/wp-content\/uploads\/2024\/09\/incendio-Pantanal_Forte-Coimbra-2-de-setembro-2024_CBMMS-e1725550043946-768x536.jpeg 768w, https:\/\/agenciadenoticias.ms.gov.br\/wp-content\/uploads\/2024\/09\/incendio-Pantanal_Forte-Coimbra-2-de-setembro-2024_CBMMS-e1725550043946-1536x1072.jpeg 1536w, https:\/\/agenciadenoticias.ms.gov.br\/wp-content\/uploads\/2024\/09\/incendio-Pantanal_Forte-Coimbra-2-de-setembro-2024_CBMMS-e1725550043946-344x240.jpeg 344w, https:\/\/agenciadenoticias.ms.gov.br\/wp-content\/uploads\/2024\/09\/incendio-Pantanal_Forte-Coimbra-2-de-setembro-2024_CBMMS-e1725550043946.jpeg 1600w\" alt=\"\" width=\"1024\" height=\"715\" aria-describedby=\"gallery-1-489588\" \/><\/a><\/div><figcaption id=\"gallery-1-489588\" class=\"wp-caption-text gallery-caption\">assim como na regi\u00e3o do Forte Coimbra, no Pantanal (Fotos: CBMMS)<\/figcaption><\/figure>\n<\/div>\n<p>Enquanto os esfor\u00e7os continuam a ser empregados para mitigar os efeitos do fogo, a previs\u00e3o clim\u00e1tica \u00e9 desfavor\u00e1vel \u2013 com risco extremo ou muito alto para a ocorr\u00eancia de inc\u00eandios florestais \u2013 mesmo com a chegada de uma frente fria a partir de hoje (5) no Estado \u2013 com registros de chuvas nas regi\u00f5es sul, sudeste e sudoeste.<\/p>\n<p>\u201cPara os pr\u00f3ximos dias, uma intensa massa de ar quente e seco deve se estabelecer. Ent\u00e3o, entre s\u00e1bado (7) at\u00e9 quarta-feira (12), vamos ter temperaturas acima da m\u00e9dia, que podem ficar entre 38\u00b0C e 43\u00b0C. E a humidade relativa do ar tamb\u00e9m estar\u00e1 muito baixa, entre 5% e 20%. Vai ser um per\u00edodo muito quente e muito seco, e todas as condi\u00e7\u00f5es atmosf\u00e9ricas favorecem a ocorr\u00eancia de inc\u00eandios florestais\u201d, explicou a meteorologista e coordenadora do Cemtec (Centro de Monitoramento do Templo e do Clima), Valesca Fernandes.<\/p>\n<p><strong>Atua\u00e7\u00e3o<\/strong><\/p>\n<p>As condi\u00e7\u00f5es clim\u00e1ticas extremas e desfavor\u00e1veis intensificam fen\u00f4menos espec\u00edficos, que contribuem para a propaga\u00e7\u00e3o r\u00e1pida das chamas. Esta semana, na regi\u00e3o de Aquidauana, durante atua\u00e7\u00e3o em \u00e1reas com chamas, o Corpo de Bombeiros registrou redemoinhos p\u00f3s-fogo em um campo que havia sido devastado, e tamb\u00e9m queima de turfa com fogo subterr\u00e2neo em uma \u00e1rea que j\u00e1 tinha queimado e recebido aceiro e outras medidas de contens\u00e3o \u2013 inclusive quatro caminh\u00f5es de \u00e1gua, que foram despejados na \u00e1rea para resfriamento do solo.<\/p>\n<p>Al\u00e9m do trabalho di\u00e1rio para combater e extinguir as chamas o CBMMS e demais envolvidos na Opera\u00e7\u00e3o Pantanal tamb\u00e9m atuam para resgatar animais nas \u00e1reas atingidas pelo fogo.<\/p>\n<p>\u201cEm meio a toda essa din\u00e2mica do combate do inc\u00eandio florestal, a gente se depara com os animais. Aqueles que a gente consegue fazer com que volte para um ambiente seguro ali pr\u00f3ximo mesmo, j\u00e1 fazemos isso de imediato. Mas quando a gente se depara com animais que precisam de tratamento, a gente faz o encaminhamento para o centro de recupera\u00e7\u00e3o mais pr\u00f3ximo. Tamb\u00e9m a temos o Gretap, que \u00e9 o Grupo de Resgate T\u00e9cnico de Animais, que durante toda a opera\u00e7\u00e3o trabalha em conjunto com a gente. S\u00e3o diversos resgates que esse grupo realiza em situa\u00e7\u00f5es de desastres\u201d, explicou a tenente-coronel Tatiane Inoue, que \u00e9 diretora de Prote\u00e7\u00e3o Ambiente do CBMMS e respons\u00e1vel pelo monitoramento e a\u00e7\u00f5es de combate aos inc\u00eandios florestais em Mato Grosso do Sul.<\/p>\n<p>Durante esta semana os bombeiros auxiliaram no resgate de diversos animais \u2013 tartaruga, pre\u00e1 (roedor), aves \u2013. E ontem na regi\u00e3o de Miranda, durante uma a\u00e7\u00e3o de combate \u00e0s chamas, um grupo de cervos pantaneiras foi flagrado pela equipe acompanhando o trabalho dos bombeiros.<\/p>\n","protected":false},"excerpt":{"rendered":"<p>Com a\u00e7\u00f5es permanentes de combate aos inc\u00eandios florestais no Pantanal, Cerrado e Mata Atl\u00e2ntica, biomas&#8230;<\/p>\n","protected":false},"author":13,"featured_media":11755689,"comment_status":"closed","ping_status":"closed","sticky":false,"template":"","format":"standard","meta":{"footnotes":""},"categories":[8,17],"tags":[209,249],"class_list":["post-11755687","post","type-post","status-publish","format-standard","has-post-thumbnail","hentry","category-destaque","category-meio-ambiente","tag-meio-ambiente","tag-seguranca"],"_links":{"self":[{"href":"https:\/\/www.corumbaonline.com.br\/news\/wp-json\/wp\/v2\/posts\/11755687","targetHints":{"allow":["GET"]}}],"collection":[{"href":"https:\/\/www.corumbaonline.com.br\/news\/wp-json\/wp\/v2\/posts"}],"about":[{"href":"https:\/\/www.corumbaonline.com.br\/news\/wp-json\/wp\/v2\/types\/post"}],"author":[{"embeddable":true,"href":"https:\/\/www.corumbaonline.com.br\/news\/wp-json\/wp\/v2\/users\/13"}],"replies":[{"embeddable":true,"href":"https:\/\/www.corumbaonline.com.br\/news\/wp-json\/wp\/v2\/comments?post=11755687"}],"version-history":[{"count":1,"href":"https:\/\/www.corumbaonline.com.br\/news\/wp-json\/wp\/v2\/posts\/11755687\/revisions"}],"predecessor-version":[{"id":11755690,"href":"https:\/\/www.corumbaonline.com.br\/news\/wp-json\/wp\/v2\/posts\/11755687\/revisions\/11755690"}],"wp:featuredmedia":[{"embeddable":true,"href":"https:\/\/www.corumbaonline.com.br\/news\/wp-json\/wp\/v2\/media\/11755689"}],"wp:attachment":[{"href":"https:\/\/www.corumbaonline.com.br\/news\/wp-json\/wp\/v2\/media?parent=11755687"}],"wp:term":[{"taxonomy":"category","embeddable":true,"href":"https:\/\/www.corumbaonline.com.br\/news\/wp-json\/wp\/v2\/categories?post=11755687"},{"taxonomy":"post_tag","embeddable":true,"href":"https:\/\/www.corumbaonline.com.br\/news\/wp-json\/wp\/v2\/tags?post=11755687"}],"curies":[{"name":"wp","href":"https:\/\/api.w.org\/{rel}","templated":true}]}}