{"id":11755722,"date":"2024-09-06T16:15:00","date_gmt":"2024-09-06T20:15:00","guid":{"rendered":"https:\/\/www.corumbaonline.com.br\/news\/?p=11755722"},"modified":"2024-09-06T16:33:47","modified_gmt":"2024-09-06T20:33:47","slug":"bom-ambiente-de-negocios-abre-caminho-para-novos-negocios-e-expansao-de-empreendimentos-em-ms","status":"publish","type":"post","link":"https:\/\/www.corumbaonline.com.br\/news\/bom-ambiente-de-negocios-abre-caminho-para-novos-negocios-e-expansao-de-empreendimentos-em-ms\/","title":{"rendered":"Bom ambiente de neg\u00f3cios abre caminho para novos neg\u00f3cios e expans\u00e3o de empreendimentos em MS"},"content":{"rendered":"<p>Baixo \u00edndice de desemprego, alta renda m\u00e9dia da popula\u00e7\u00e3o e crescimento econ\u00f4mico acima da m\u00e9dia nacional s\u00e3o alguns dos elementos que consolidam Mato Grosso do Sul como um espa\u00e7o aberto para novos neg\u00f3cios e para a amplia\u00e7\u00e3o dos j\u00e1 existentes. Esse foi o cen\u00e1rio destacado pelo governador Eduardo Riedel, na noite de ontem (5), durante o evento de lan\u00e7amento da expans\u00e3o do Shopping Campo Grande, administrado pela empresa Allos.<\/p>\n<p>A expectativa da administradora \u00e9 que o investimento de R$ 216 milh\u00f5es a ser aportado na expans\u00e3o amplie o total de 149 lojas do shopping para 300. Isso, obviamente, resulta em maior circula\u00e7\u00e3o de dinheiro no mercado e gera\u00e7\u00e3o de emprego e renda em Campo Grande. Atualmente o shopping \u00e9 respons\u00e1vel por 2,5 mil postos de trabalho diretos e indiretos.<\/p>\n<p>&#8220;Ver esse trabalho nos motiva a seguir trabalhando por nosso Estado. Mato Grosso do Sul busca criar um ambiente prop\u00edcio para atrair investimentos, pois acreditamos que \u00e9 o capital privado que vir\u00e1 a dar condi\u00e7\u00f5es para as pessoas. Nossa pol\u00edtica p\u00fablica \u00e9 voltada para atrair esses investimentos. Ano passado registramos o terceiro maior crescimento do pa\u00eds e essa realidade vai permanecer pelo que tem acontecido&#8221;, frisa o governador.<\/p>\n<p>Riedel prosseguiu sua fala apontando que o desembarque cada vez maior do investimento privado no Estado d\u00e1 essa certeza de crescimento cont\u00ednuo. &#8220;S\u00e3o investimento de m\u00e9dio e longo prazo. Passamos ainda por um processo de industrializa\u00e7\u00e3o, com novas matrizes e cadeias que acabam gerando renda. Tudo isso desagua no varejo, onde est\u00e3o inseridos os shoppings&#8221;.<\/p>\n<p>O governador concluiu sua fala destacando as melhorias em infraestrutura e log\u00edstica do Estado, os projetos de concess\u00e3o em estudo e que j\u00e1 foram apresentados na B3, em S\u00e3o Paulo (SP), al\u00e9m da Rota Bioce\u00e2nica, que abre caminho para o Oceano Pac\u00edfico e encurta o trajeto para a \u00c1sia, barateando projetos. &#8220;A Rota \u00e9 uma realidade daqui um ano e meio, e dessa maneira estamos construindo uma realidade diferente para Mato Grosso do Sul&#8221;.<\/p>\n<div id=\"gallery-1\" class=\"gallery galleryid-489719 gallery-columns-2 gallery-size-large\">\n<figure class=\"gallery-item\">\n<div class=\"gallery-icon landscape\"><a href=\"https:\/\/agenciadenoticias.ms.gov.br\/wp-content\/uploads\/2024\/09\/Lancamento-da-obra-do-Shopping-Campo-Grande-Foto-Bruno-Rezende-05-scaled.jpg\"><img loading=\"lazy\" decoding=\"async\" class=\"attachment-large size-large\" src=\"https:\/\/agenciadenoticias.ms.gov.br\/wp-content\/uploads\/2024\/09\/Lancamento-da-obra-do-Shopping-Campo-Grande-Foto-Bruno-Rezende-05-1024x683.jpg\" sizes=\"auto, (max-width: 1024px) 100vw, 1024px\" srcset=\"https:\/\/agenciadenoticias.ms.gov.br\/wp-content\/uploads\/2024\/09\/Lancamento-da-obra-do-Shopping-Campo-Grande-Foto-Bruno-Rezende-05-1024x683.jpg 1024w, https:\/\/agenciadenoticias.ms.gov.br\/wp-content\/uploads\/2024\/09\/Lancamento-da-obra-do-Shopping-Campo-Grande-Foto-Bruno-Rezende-05-300x200.jpg 300w, https:\/\/agenciadenoticias.ms.gov.br\/wp-content\/uploads\/2024\/09\/Lancamento-da-obra-do-Shopping-Campo-Grande-Foto-Bruno-Rezende-05-768x512.jpg 768w, https:\/\/agenciadenoticias.ms.gov.br\/wp-content\/uploads\/2024\/09\/Lancamento-da-obra-do-Shopping-Campo-Grande-Foto-Bruno-Rezende-05-1536x1024.jpg 1536w, https:\/\/agenciadenoticias.ms.gov.br\/wp-content\/uploads\/2024\/09\/Lancamento-da-obra-do-Shopping-Campo-Grande-Foto-Bruno-Rezende-05-2048x1365.jpg 2048w, https:\/\/agenciadenoticias.ms.gov.br\/wp-content\/uploads\/2024\/09\/Lancamento-da-obra-do-Shopping-Campo-Grande-Foto-Bruno-Rezende-05-350x232.jpg 350w, https:\/\/agenciadenoticias.ms.gov.br\/wp-content\/uploads\/2024\/09\/Lancamento-da-obra-do-Shopping-Campo-Grande-Foto-Bruno-Rezende-05-scaled.jpg 1920w\" alt=\"\" width=\"1024\" height=\"683\" \/><\/a><\/div>\n<\/figure>\n<figure class=\"gallery-item\">\n<div class=\"gallery-icon landscape\"><a href=\"https:\/\/agenciadenoticias.ms.gov.br\/wp-content\/uploads\/2024\/09\/Lancamento-da-obra-do-Shopping-Campo-Grande-Foto-Bruno-Rezende-06-scaled.jpg\"><img loading=\"lazy\" decoding=\"async\" class=\"attachment-large size-large\" src=\"https:\/\/agenciadenoticias.ms.gov.br\/wp-content\/uploads\/2024\/09\/Lancamento-da-obra-do-Shopping-Campo-Grande-Foto-Bruno-Rezende-06-1024x683.jpg\" sizes=\"auto, (max-width: 1024px) 100vw, 1024px\" srcset=\"https:\/\/agenciadenoticias.ms.gov.br\/wp-content\/uploads\/2024\/09\/Lancamento-da-obra-do-Shopping-Campo-Grande-Foto-Bruno-Rezende-06-1024x683.jpg 1024w, https:\/\/agenciadenoticias.ms.gov.br\/wp-content\/uploads\/2024\/09\/Lancamento-da-obra-do-Shopping-Campo-Grande-Foto-Bruno-Rezende-06-300x200.jpg 300w, https:\/\/agenciadenoticias.ms.gov.br\/wp-content\/uploads\/2024\/09\/Lancamento-da-obra-do-Shopping-Campo-Grande-Foto-Bruno-Rezende-06-768x512.jpg 768w, https:\/\/agenciadenoticias.ms.gov.br\/wp-content\/uploads\/2024\/09\/Lancamento-da-obra-do-Shopping-Campo-Grande-Foto-Bruno-Rezende-06-1536x1024.jpg 1536w, https:\/\/agenciadenoticias.ms.gov.br\/wp-content\/uploads\/2024\/09\/Lancamento-da-obra-do-Shopping-Campo-Grande-Foto-Bruno-Rezende-06-2048x1365.jpg 2048w, https:\/\/agenciadenoticias.ms.gov.br\/wp-content\/uploads\/2024\/09\/Lancamento-da-obra-do-Shopping-Campo-Grande-Foto-Bruno-Rezende-06-350x232.jpg 350w, https:\/\/agenciadenoticias.ms.gov.br\/wp-content\/uploads\/2024\/09\/Lancamento-da-obra-do-Shopping-Campo-Grande-Foto-Bruno-Rezende-06-scaled.jpg 1920w\" alt=\"\" width=\"1024\" height=\"683\" \/><\/a><\/div>\n<\/figure>\n<figure class=\"gallery-item\">\n<div class=\"gallery-icon landscape\"><a href=\"https:\/\/agenciadenoticias.ms.gov.br\/wp-content\/uploads\/2024\/09\/Lancamento-da-obra-do-Shopping-Campo-Grande-Foto-Bruno-Rezende-01-scaled.jpg\"><img loading=\"lazy\" decoding=\"async\" class=\"attachment-large size-large\" src=\"https:\/\/agenciadenoticias.ms.gov.br\/wp-content\/uploads\/2024\/09\/Lancamento-da-obra-do-Shopping-Campo-Grande-Foto-Bruno-Rezende-01-1024x683.jpg\" sizes=\"auto, (max-width: 1024px) 100vw, 1024px\" srcset=\"https:\/\/agenciadenoticias.ms.gov.br\/wp-content\/uploads\/2024\/09\/Lancamento-da-obra-do-Shopping-Campo-Grande-Foto-Bruno-Rezende-01-1024x683.jpg 1024w, https:\/\/agenciadenoticias.ms.gov.br\/wp-content\/uploads\/2024\/09\/Lancamento-da-obra-do-Shopping-Campo-Grande-Foto-Bruno-Rezende-01-300x200.jpg 300w, https:\/\/agenciadenoticias.ms.gov.br\/wp-content\/uploads\/2024\/09\/Lancamento-da-obra-do-Shopping-Campo-Grande-Foto-Bruno-Rezende-01-768x512.jpg 768w, https:\/\/agenciadenoticias.ms.gov.br\/wp-content\/uploads\/2024\/09\/Lancamento-da-obra-do-Shopping-Campo-Grande-Foto-Bruno-Rezende-01-1536x1024.jpg 1536w, https:\/\/agenciadenoticias.ms.gov.br\/wp-content\/uploads\/2024\/09\/Lancamento-da-obra-do-Shopping-Campo-Grande-Foto-Bruno-Rezende-01-2048x1365.jpg 2048w, https:\/\/agenciadenoticias.ms.gov.br\/wp-content\/uploads\/2024\/09\/Lancamento-da-obra-do-Shopping-Campo-Grande-Foto-Bruno-Rezende-01-350x232.jpg 350w, https:\/\/agenciadenoticias.ms.gov.br\/wp-content\/uploads\/2024\/09\/Lancamento-da-obra-do-Shopping-Campo-Grande-Foto-Bruno-Rezende-01-scaled.jpg 1920w\" alt=\"\" width=\"1024\" height=\"683\" \/><\/a><\/div>\n<\/figure>\n<figure class=\"gallery-item\">\n<div class=\"gallery-icon landscape\"><a href=\"https:\/\/agenciadenoticias.ms.gov.br\/wp-content\/uploads\/2024\/09\/Lancamento-da-obra-do-Shopping-Campo-Grande-Foto-Bruno-Rezende-scaled.jpg\"><img loading=\"lazy\" decoding=\"async\" class=\"attachment-large size-large\" src=\"https:\/\/agenciadenoticias.ms.gov.br\/wp-content\/uploads\/2024\/09\/Lancamento-da-obra-do-Shopping-Campo-Grande-Foto-Bruno-Rezende-1024x683.jpg\" sizes=\"auto, (max-width: 1024px) 100vw, 1024px\" srcset=\"https:\/\/agenciadenoticias.ms.gov.br\/wp-content\/uploads\/2024\/09\/Lancamento-da-obra-do-Shopping-Campo-Grande-Foto-Bruno-Rezende-1024x683.jpg 1024w, https:\/\/agenciadenoticias.ms.gov.br\/wp-content\/uploads\/2024\/09\/Lancamento-da-obra-do-Shopping-Campo-Grande-Foto-Bruno-Rezende-300x200.jpg 300w, https:\/\/agenciadenoticias.ms.gov.br\/wp-content\/uploads\/2024\/09\/Lancamento-da-obra-do-Shopping-Campo-Grande-Foto-Bruno-Rezende-768x512.jpg 768w, https:\/\/agenciadenoticias.ms.gov.br\/wp-content\/uploads\/2024\/09\/Lancamento-da-obra-do-Shopping-Campo-Grande-Foto-Bruno-Rezende-1536x1024.jpg 1536w, https:\/\/agenciadenoticias.ms.gov.br\/wp-content\/uploads\/2024\/09\/Lancamento-da-obra-do-Shopping-Campo-Grande-Foto-Bruno-Rezende-2048x1365.jpg 2048w, https:\/\/agenciadenoticias.ms.gov.br\/wp-content\/uploads\/2024\/09\/Lancamento-da-obra-do-Shopping-Campo-Grande-Foto-Bruno-Rezende-350x232.jpg 350w, https:\/\/agenciadenoticias.ms.gov.br\/wp-content\/uploads\/2024\/09\/Lancamento-da-obra-do-Shopping-Campo-Grande-Foto-Bruno-Rezende-scaled.jpg 1920w\" alt=\"\" width=\"1024\" height=\"683\" \/><\/a><\/div>\n<\/figure>\n<\/div>\n<p><strong>Escolha r\u00e1pida<\/strong><\/p>\n<p>Fruto de uma recente fus\u00e3o entre Aliansce Sonae e BR Malls, a Allos decidiu em apenas quatro meses como ocorreria a expans\u00e3o em Mato Grosso do Sul, per\u00edodo este considerado curto pelo CEO da empresa, Rafael Sales, tamb\u00e9m presente no evento de lan\u00e7amento.<\/p>\n<p>&#8220;Foi r\u00e1pido pois \u00e9 um mercado muito bom, pronto para receber o que vamos trazer&#8221;, explica em fala que vai na mesma dire\u00e7\u00e3o da realidade de ambiente prop\u00edcio para neg\u00f3cios em Campo Grande e todo o Estado. &#8220;Esse projeto tem a ver com devolver o que recebemos ao longo de 35 anos aqui. \u00c9 um projeto da magnitude que Mato Grosso do Sul merece ter, conectando as ra\u00edzes locais com o que h\u00e1 de melhor no varejo. Estamos aqui para conectar neg\u00f3cios&#8221;, concluiu.<\/p>\n<p>Fruto de uma recente fus\u00e3o entre a Aliansce Sonae e BR Malls, a Allos \u00e9 o maior grupo do setor de shoppings center do Brasil e possui participa\u00e7\u00e3o em 47 empreendimentos no pa\u00eds, tendo 70,9% da unidade em Campo Grande. A previs\u00e3o \u00e9 que at\u00e9 2027 a expans\u00e3o esteja completa, incluindo a adi\u00e7\u00e3o de tr\u00eas torres corporativas, quatro residencias e um hotel. Hoje, j\u00e1 h\u00e1 duas torres corporativas incorporadas ao empreendimento.<\/p>\n<p>A expectativa da Allos \u00e9 que o Shopping Campo Grande chegue a uma TIR (Taxa Interna de Retorno) nominal alavancada de 20,8% ao ano, com um VGV (Valor Geral de Vendas) potencial de praticamente R$ 1 bilh\u00e3o, segundo dados da pr\u00f3pria empresa.<\/p>\n","protected":false},"excerpt":{"rendered":"<p>Baixo \u00edndice de desemprego, alta renda m\u00e9dia da popula\u00e7\u00e3o e crescimento econ\u00f4mico acima da m\u00e9dia&#8230;<\/p>\n","protected":false},"author":13,"featured_media":11755723,"comment_status":"closed","ping_status":"closed","sticky":false,"template":"","format":"standard","meta":{"footnotes":""},"categories":[8,19],"tags":[188],"class_list":["post-11755722","post","type-post","status-publish","format-standard","has-post-thumbnail","hentry","category-destaque","category-politica","tag-politica"],"_links":{"self":[{"href":"https:\/\/www.corumbaonline.com.br\/news\/wp-json\/wp\/v2\/posts\/11755722","targetHints":{"allow":["GET"]}}],"collection":[{"href":"https:\/\/www.corumbaonline.com.br\/news\/wp-json\/wp\/v2\/posts"}],"about":[{"href":"https:\/\/www.corumbaonline.com.br\/news\/wp-json\/wp\/v2\/types\/post"}],"author":[{"embeddable":true,"href":"https:\/\/www.corumbaonline.com.br\/news\/wp-json\/wp\/v2\/users\/13"}],"replies":[{"embeddable":true,"href":"https:\/\/www.corumbaonline.com.br\/news\/wp-json\/wp\/v2\/comments?post=11755722"}],"version-history":[{"count":1,"href":"https:\/\/www.corumbaonline.com.br\/news\/wp-json\/wp\/v2\/posts\/11755722\/revisions"}],"predecessor-version":[{"id":11755724,"href":"https:\/\/www.corumbaonline.com.br\/news\/wp-json\/wp\/v2\/posts\/11755722\/revisions\/11755724"}],"wp:featuredmedia":[{"embeddable":true,"href":"https:\/\/www.corumbaonline.com.br\/news\/wp-json\/wp\/v2\/media\/11755723"}],"wp:attachment":[{"href":"https:\/\/www.corumbaonline.com.br\/news\/wp-json\/wp\/v2\/media?parent=11755722"}],"wp:term":[{"taxonomy":"category","embeddable":true,"href":"https:\/\/www.corumbaonline.com.br\/news\/wp-json\/wp\/v2\/categories?post=11755722"},{"taxonomy":"post_tag","embeddable":true,"href":"https:\/\/www.corumbaonline.com.br\/news\/wp-json\/wp\/v2\/tags?post=11755722"}],"curies":[{"name":"wp","href":"https:\/\/api.w.org\/{rel}","templated":true}]}}