{"id":11755738,"date":"2024-09-07T12:20:00","date_gmt":"2024-09-07T16:20:00","guid":{"rendered":"https:\/\/www.corumbaonline.com.br\/news\/?p=11755738"},"modified":"2024-09-07T12:02:06","modified_gmt":"2024-09-07T16:02:06","slug":"coleta-de-dna-familiares-de-37-desaparecidos-de-ms-fornecem-material-para-bancos-de-perfis-geneticos","status":"publish","type":"post","link":"https:\/\/www.corumbaonline.com.br\/news\/coleta-de-dna-familiares-de-37-desaparecidos-de-ms-fornecem-material-para-bancos-de-perfis-geneticos\/","title":{"rendered":"Coleta de DNA: familiares de 37 desaparecidos de MS fornecem material para bancos de perfis gen\u00e9ticos"},"content":{"rendered":"<p>A Mobiliza\u00e7\u00e3o Nacional de Identifica\u00e7\u00e3o e Busca de Pessoas Desaparecidas, realizada entre 26 e 30 de agosto de 2024, trouxe resultados importantes em Mato Grosso do Sul. A campanha, coordenada pelo Minist\u00e9rio da Justi\u00e7a e Seguran\u00e7a P\u00fablica, em parceria com a Pol\u00edcia Civil e a Pol\u00edcia Cient\u00edfica do estado, envolveu a coleta de material gen\u00e9tico de familiares de desaparecidos.<\/p>\n<p>Lan\u00e7ada oficialmente no dia 27 de agosto na Delegacia Especializada de Homic\u00eddios e Prote\u00e7\u00e3o \u00e0 Pessoa (DHPP), em Campo Grande, a iniciativa teve como objetivo principal refor\u00e7ar o Banco Estadual e Nacional de Perfis Gen\u00e9ticos, promovendo a identifica\u00e7\u00e3o de pessoas desaparecidas em todo o Brasil.<\/p>\n<p>O evento contou com a presen\u00e7a da perita Josemirtes Prado, diretora do Instituto de An\u00e1lises Laboratoriais Forenses (IALF), e do delegado Carlos Delano, titular da DHPP, que ressaltaram a import\u00e2ncia da coleta de DNA como passo essencial para o sucesso da mobiliza\u00e7\u00e3o.<\/p>\n<p><strong>Resultados expressivos<\/strong><\/p>\n<p>Durante a campanha realizada em Mato Grosso do Sul, foram coletadas amostras de DNA de familiares em 37 casos de desaparecimento, somando 49 coletas no estado. Campo Grande registrou o maior n\u00famero, com 16 familiares participando, seguido por Dourados, com 16 coletas, e Costa Rica, que contabilizou 7 familiares. Nos demais munic\u00edpios &#8211; Aquidauana, Corumb\u00e1, Jardim, Navira\u00ed, Nova Andradina, Ponta Por\u00e3 e Tr\u00eas Lagoas &#8211; foram realizadas 10 coletas ao todo.<\/p>\n<p>Essas amostras foram enviadas para an\u00e1lise e integrar\u00e3o a Rede Integrada de Bancos de Perfis Gen\u00e9ticos (RIBPG), que permite o confronto de dados com outras amostras de todo o pa\u00eds.<\/p>\n<p>Esse cruzamento de informa\u00e7\u00f5es \u00e9 uma ferramenta essencial para a localiza\u00e7\u00e3o de desaparecidos, especialmente em casos de longa data, como o de Edmilson de Lisboa Duarte, desaparecido h\u00e1 dois anos no bairro Tijuca.<\/p>\n<p>Seu irm\u00e3o, Nildo Duarte, foi um dos primeiros a doar material gen\u00e9tico na campanha, mantendo a esperan\u00e7a de encontrar o familiar desaparecido.<\/p>\n<div id=\"gallery-1\" class=\"gallery galleryid-489723 gallery-columns-2 gallery-size-large\">\n<figure class=\"gallery-item\">\n<div class=\"gallery-icon landscape\"><a href=\"https:\/\/agenciadenoticias.ms.gov.br\/wp-content\/uploads\/2024\/09\/WhatsApp-Image-2024-09-05-at-16.34.48.jpeg\"><img loading=\"lazy\" decoding=\"async\" class=\"attachment-large size-large\" src=\"https:\/\/agenciadenoticias.ms.gov.br\/wp-content\/uploads\/2024\/09\/WhatsApp-Image-2024-09-05-at-16.34.48-1024x768.jpeg\" sizes=\"auto, (max-width: 1024px) 100vw, 1024px\" srcset=\"https:\/\/agenciadenoticias.ms.gov.br\/wp-content\/uploads\/2024\/09\/WhatsApp-Image-2024-09-05-at-16.34.48-1024x768.jpeg 1024w, https:\/\/agenciadenoticias.ms.gov.br\/wp-content\/uploads\/2024\/09\/WhatsApp-Image-2024-09-05-at-16.34.48-300x225.jpeg 300w, https:\/\/agenciadenoticias.ms.gov.br\/wp-content\/uploads\/2024\/09\/WhatsApp-Image-2024-09-05-at-16.34.48-768x576.jpeg 768w, https:\/\/agenciadenoticias.ms.gov.br\/wp-content\/uploads\/2024\/09\/WhatsApp-Image-2024-09-05-at-16.34.48-1536x1152.jpeg 1536w, https:\/\/agenciadenoticias.ms.gov.br\/wp-content\/uploads\/2024\/09\/WhatsApp-Image-2024-09-05-at-16.34.48-320x240.jpeg 320w, https:\/\/agenciadenoticias.ms.gov.br\/wp-content\/uploads\/2024\/09\/WhatsApp-Image-2024-09-05-at-16.34.48.jpeg 1600w\" alt=\"\" width=\"1024\" height=\"768\" \/><\/a><\/div>\n<\/figure>\n<figure class=\"gallery-item\">\n<div class=\"gallery-icon landscape\"><a href=\"https:\/\/agenciadenoticias.ms.gov.br\/wp-content\/uploads\/2024\/09\/WhatsApp-Image-2024-09-05-at-16.35.37.jpeg\"><img loading=\"lazy\" decoding=\"async\" class=\"attachment-large size-large\" src=\"https:\/\/agenciadenoticias.ms.gov.br\/wp-content\/uploads\/2024\/09\/WhatsApp-Image-2024-09-05-at-16.35.37-1024x768.jpeg\" sizes=\"auto, (max-width: 1024px) 100vw, 1024px\" srcset=\"https:\/\/agenciadenoticias.ms.gov.br\/wp-content\/uploads\/2024\/09\/WhatsApp-Image-2024-09-05-at-16.35.37-1024x768.jpeg 1024w, https:\/\/agenciadenoticias.ms.gov.br\/wp-content\/uploads\/2024\/09\/WhatsApp-Image-2024-09-05-at-16.35.37-300x225.jpeg 300w, https:\/\/agenciadenoticias.ms.gov.br\/wp-content\/uploads\/2024\/09\/WhatsApp-Image-2024-09-05-at-16.35.37-768x576.jpeg 768w, https:\/\/agenciadenoticias.ms.gov.br\/wp-content\/uploads\/2024\/09\/WhatsApp-Image-2024-09-05-at-16.35.37-1536x1152.jpeg 1536w, https:\/\/agenciadenoticias.ms.gov.br\/wp-content\/uploads\/2024\/09\/WhatsApp-Image-2024-09-05-at-16.35.37-320x240.jpeg 320w, https:\/\/agenciadenoticias.ms.gov.br\/wp-content\/uploads\/2024\/09\/WhatsApp-Image-2024-09-05-at-16.35.37.jpeg 1600w\" alt=\"\" width=\"1024\" height=\"768\" \/><\/a><\/div>\n<\/figure>\n<\/div>\n<p><strong>Avan\u00e7os nas etapas futuras<\/strong><\/p>\n<p>A campanha segue em outras fases. A segunda etapa se concentrar\u00e1 na coleta de impress\u00f5es digitais e material gen\u00e9tico de pessoas vivas sem identifica\u00e7\u00e3o, enquanto a terceira fase, chamada de an\u00e1lise do backlog, far\u00e1 a verifica\u00e7\u00e3o das impress\u00f5es digitais de corpos n\u00e3o identificados que est\u00e3o armazenadas em bancos de dados estaduais e federais.<\/p>\n<p>Todos os dados coletados ser\u00e3o integrados ao banco nacional, com a expectativa de confrontar mais de 220 mil perfis gen\u00e9ticos registrados desde 2014.<\/p>\n<p><strong>O desafio dos n\u00fameros<\/strong><\/p>\n<p>Mato Grosso do Sul registrou 1.468 desaparecimentos em 2023, sendo que em 2024, at\u00e9 agosto, o n\u00famero j\u00e1 alcan\u00e7a 803 casos, a maioria composta por homens. Esses n\u00fameros refletem o desafio enfrentado pelas autoridades para identificar desaparecidos, muitos dos quais acabam sendo encontrados ap\u00f3s reaparecerem por conta pr\u00f3pria.<\/p>\n<p>Contudo, a persist\u00eancia dos casos n\u00e3o resolvidos \u00e9 o foco dessa campanha nacional.<\/p>\n<p>Com 15 pontos de coleta de material gen\u00e9tico de familiares de pessoas desaparecidas no estado, essa a\u00e7\u00e3o \u00e9 constante.<\/p>\n<p>A diretora do IALF, Josemirtes refor\u00e7a que &#8220;a mobiliza\u00e7\u00e3o e as pr\u00f3ximas etapas servem como alerta para aqueles que t\u00eam um familiar desaparecido. Procurem as autoridades e uma das unidades da Pol\u00edcia Cient\u00edfica, pois a coleta de material gen\u00e9tico \u00e9 um servi\u00e7o cont\u00ednuo&#8221;.<\/p>\n<p>Essa mobiliza\u00e7\u00e3o \u00e9 um passo essencial na luta para reduzir o n\u00famero de desaparecidos e fornecer respostas \u00e0s fam\u00edlias que aguardam not\u00edcias de seus entes queridos.<\/p>\n<div id=\"gallery-2\" class=\"gallery galleryid-489723 gallery-columns-1 gallery-size-large\">\n<figure class=\"gallery-item\">\n<div class=\"gallery-icon landscape\"><a href=\"https:\/\/agenciadenoticias.ms.gov.br\/wp-content\/uploads\/2024\/09\/WhatsApp-Image-2024-09-05-at-16.35.36.jpeg\"><img loading=\"lazy\" decoding=\"async\" class=\"attachment-large size-large\" src=\"https:\/\/agenciadenoticias.ms.gov.br\/wp-content\/uploads\/2024\/09\/WhatsApp-Image-2024-09-05-at-16.35.36-1024x682.jpeg\" sizes=\"auto, (max-width: 1024px) 100vw, 1024px\" srcset=\"https:\/\/agenciadenoticias.ms.gov.br\/wp-content\/uploads\/2024\/09\/WhatsApp-Image-2024-09-05-at-16.35.36-1024x682.jpeg 1024w, https:\/\/agenciadenoticias.ms.gov.br\/wp-content\/uploads\/2024\/09\/WhatsApp-Image-2024-09-05-at-16.35.36-300x200.jpeg 300w, https:\/\/agenciadenoticias.ms.gov.br\/wp-content\/uploads\/2024\/09\/WhatsApp-Image-2024-09-05-at-16.35.36-768x512.jpeg 768w, https:\/\/agenciadenoticias.ms.gov.br\/wp-content\/uploads\/2024\/09\/WhatsApp-Image-2024-09-05-at-16.35.36-350x232.jpeg 350w, https:\/\/agenciadenoticias.ms.gov.br\/wp-content\/uploads\/2024\/09\/WhatsApp-Image-2024-09-05-at-16.35.36.jpeg 1280w\" alt=\"\" width=\"1024\" height=\"682\" \/><\/a><\/div>\n<\/figure>\n<\/div>\n<p><em>\u00a0<\/em><\/p>\n","protected":false},"excerpt":{"rendered":"<p>A Mobiliza\u00e7\u00e3o Nacional de Identifica\u00e7\u00e3o e Busca de Pessoas Desaparecidas, realizada entre 26 e 30&#8230;<\/p>\n","protected":false},"author":13,"featured_media":11755740,"comment_status":"closed","ping_status":"closed","sticky":false,"template":"","format":"standard","meta":{"footnotes":""},"categories":[18],"tags":[249],"class_list":["post-11755738","post","type-post","status-publish","format-standard","has-post-thumbnail","hentry","category-seguranca","tag-seguranca"],"_links":{"self":[{"href":"https:\/\/www.corumbaonline.com.br\/news\/wp-json\/wp\/v2\/posts\/11755738","targetHints":{"allow":["GET"]}}],"collection":[{"href":"https:\/\/www.corumbaonline.com.br\/news\/wp-json\/wp\/v2\/posts"}],"about":[{"href":"https:\/\/www.corumbaonline.com.br\/news\/wp-json\/wp\/v2\/types\/post"}],"author":[{"embeddable":true,"href":"https:\/\/www.corumbaonline.com.br\/news\/wp-json\/wp\/v2\/users\/13"}],"replies":[{"embeddable":true,"href":"https:\/\/www.corumbaonline.com.br\/news\/wp-json\/wp\/v2\/comments?post=11755738"}],"version-history":[{"count":1,"href":"https:\/\/www.corumbaonline.com.br\/news\/wp-json\/wp\/v2\/posts\/11755738\/revisions"}],"predecessor-version":[{"id":11755742,"href":"https:\/\/www.corumbaonline.com.br\/news\/wp-json\/wp\/v2\/posts\/11755738\/revisions\/11755742"}],"wp:featuredmedia":[{"embeddable":true,"href":"https:\/\/www.corumbaonline.com.br\/news\/wp-json\/wp\/v2\/media\/11755740"}],"wp:attachment":[{"href":"https:\/\/www.corumbaonline.com.br\/news\/wp-json\/wp\/v2\/media?parent=11755738"}],"wp:term":[{"taxonomy":"category","embeddable":true,"href":"https:\/\/www.corumbaonline.com.br\/news\/wp-json\/wp\/v2\/categories?post=11755738"},{"taxonomy":"post_tag","embeddable":true,"href":"https:\/\/www.corumbaonline.com.br\/news\/wp-json\/wp\/v2\/tags?post=11755738"}],"curies":[{"name":"wp","href":"https:\/\/api.w.org\/{rel}","templated":true}]}}