{"id":11756137,"date":"2024-09-16T08:20:00","date_gmt":"2024-09-16T12:20:00","guid":{"rendered":"https:\/\/www.corumbaonline.com.br\/news\/?p=11756137"},"modified":"2024-09-16T08:49:13","modified_gmt":"2024-09-16T12:49:13","slug":"datena-agride-pablo-marcal-com-cadeirada-durante-debate-em-sao-paulo","status":"publish","type":"post","link":"https:\/\/www.corumbaonline.com.br\/news\/datena-agride-pablo-marcal-com-cadeirada-durante-debate-em-sao-paulo\/","title":{"rendered":"Datena agride Pablo Mar\u00e7al com cadeirada durante debate em S\u00e3o Paulo"},"content":{"rendered":"<div id=\"chunk-9j671\">\n<div class=\"mc-column content-text active-extra-styles \" data-block-type=\"unstyled\" data-block-weight=\"37\" data-block-id=\"2\">\n<p class=\" content-text__container \" data-track-category=\"Link no Texto\" data-track-links=\"\" data-mrf-recirculation=\"Article links\">Jos\u00e9 Luiz Datena\u00a0(PSDB) agrediu\u00a0Pablo Mar\u00e7al\u00a0(PRTB) com uma cadeirada durante um debate com os candidatos \u00e0 Prefeitura de\u00a0S\u00e3o Paulo, neste domingo (15). O encontro, organizado pela<strong>\u00a0<\/strong>TV Cultura, foi temporariamente interrompido ap\u00f3s o incidente.<\/p>\n<\/div>\n<\/div>\n<div class=\"wall protected-content\">\n<div id=\"chunk-8437m\">\n<div class=\"mc-column content-text active-extra-styles \" data-block-type=\"unstyled\" data-block-weight=\"26\" data-block-id=\"4\">\n<p class=\" content-text__container \" data-track-category=\"Link no Texto\" data-track-links=\"\" data-mrf-recirculation=\"Article links\">Mar\u00e7al foi levado para o Hospital S\u00edrio-Liban\u00eas e, segundo a equipe dele, sofreu uma fratura na costela. O hospital, entretanto, ainda n\u00e3o divulgou boletim m\u00e9dico.<\/p>\n<\/div>\n<\/div>\n<\/div>\n\n<p>A agress\u00e3o aconteceu depois que Pablo Mar\u00e7al fez uma pergunta para Datena. O candidato do PRTB perguntou ao apresentador quando ele pararia com a &#8220;palha\u00e7ada&#8221; e desistiria da candidatura. Antes, ele havia citado uma den\u00fancia de ass\u00e9dio sexual contra Datena.<\/p>\n\n\n<figure class=\"wp-block-video\"><video height=\"310\" style=\"aspect-ratio: 600 \/ 310;\" width=\"600\" controls src=\"https:\/\/www.corumbaonline.com.br\/news\/wp-content\/uploads\/2024\/09\/gravando2024-09-15232019-ezgif.com-video-to-gif-converter.mp4\"><\/video><\/figure>\n\n\n<div id=\"chunk-5mkhh\">\n<div class=\"mc-column content-text active-extra-styles \" data-block-type=\"unstyled\" data-block-weight=\"42\" data-block-id=\"8\">\n<p class=\" content-text__container \" data-track-category=\"Link no Texto\" data-track-links=\"\" data-mrf-recirculation=\"Article links\">&#8220;A gente quer saber que horas voc\u00ea vai parar. J\u00e1 abandonou entrevista chorando. Voc\u00ea, que \u00e9 um cara que s\u00f3 fala quando tem uma televis\u00e3ozinha escrevendo ali, que horas o Datena vai parar com essa palha\u00e7ada que ele t\u00e1 fazendo aqui?&#8221;, disse.<\/p>\n<\/div>\n<\/div>\n<div id=\"chunk-2a9ou\">\n<div class=\"mc-column content-text active-extra-styles \" data-block-type=\"unstyled\" data-block-weight=\"17\" data-block-id=\"9\">\n<p class=\" content-text__container \" data-track-category=\"Link no Texto\" data-track-links=\"\" data-mrf-recirculation=\"Article links\">Datena disse que Mar\u00e7al estava fazendo acusa\u00e7\u00f5es e cal\u00fanias contra ele. O apresentador chamou Mar\u00e7al de &#8220;bandidinho&#8221;.<\/p>\n<\/div>\n<\/div>\n<div id=\"chunk-7c4f4\">\n<div class=\"mc-column content-text active-extra-styles \" data-block-type=\"unstyled\" data-block-weight=\"44\" data-block-id=\"10\">\n<p class=\" content-text__container \" data-track-category=\"Link no Texto\" data-track-links=\"\" data-mrf-recirculation=\"Article links\">&#8220;A acusa\u00e7\u00e3o que voc\u00ea fez sobre mim eu j\u00e1, repito, n\u00e3o foi investigada porque n\u00e3o havia provas. Foi arquivada pelo Minist\u00e9rio P\u00fablico&#8221;, disse. &#8220;O que voc\u00ea fez comigo hoje foi terr\u00edvel. Espero que Deus lhe perdoe. Voc\u00ea me pediu perd\u00e3o anteontem. Eu te perdoei.&#8221;<\/p>\n<\/div>\n<\/div>\n<div id=\"chunk-fbeik\">\n<div class=\"mc-column content-text active-extra-styles \" data-block-type=\"unstyled\" data-block-weight=\"34\" data-block-id=\"11\">\n<p class=\" content-text__container \" data-track-category=\"Link no Texto\" data-track-links=\"\" data-mrf-recirculation=\"Article links\">Na r\u00e9plica, Mar\u00e7al disse que Datena n\u00e3o sabia o que estava fazendo no debate e o chamou de &#8220;arreg\u00e3o&#8221;. Ele disse que Datena queria agredi-lo no debate da TV Gazeta, em 8 de setembro.<\/p>\n<\/div>\n<\/div>\n<div id=\"chunk-9h8r6\">\n<div class=\"mc-column content-text active-extra-styles \" data-block-type=\"unstyled\" data-block-weight=\"44\" data-block-id=\"12\">\n<p class=\" content-text__container \" data-track-category=\"Link no Texto\" data-track-links=\"\" data-mrf-recirculation=\"Article links\">&#8220;Voc\u00ea n\u00e3o respondeu \u00e0 pergunta. A gente quer saber. Voc\u00ea \u00e9 um arreg\u00e3o. Voc\u00ea atravessou o debate esses dias para me dar tapa e falou que voc\u00ea queria ter feito. Voc\u00ea n\u00e3o \u00e9 homem nem para fazer isso. Voc\u00ea n\u00e3o \u00e9 homem,\u201d afirmou Mar\u00e7al.<\/p>\n<\/div>\n<\/div>\n<div id=\"chunk-aapln\">\n<div class=\"mc-column content-text active-extra-styles \" data-block-type=\"unstyled\" data-block-weight=\"13\" data-block-id=\"13\">\n<p class=\" content-text__container \" data-track-category=\"Link no Texto\" data-track-links=\"\" data-mrf-recirculation=\"Article links\">Na sequ\u00eancia, Datena agrediu Pablo Mar\u00e7al com uma cadeira. O programa foi interrompido.<\/p>\n<\/div>\n<\/div>\n<div id=\"chunk-b6t85\">\n<div class=\"mc-column content-text active-extra-styles \" data-block-type=\"unstyled\" data-block-weight=\"35\" data-block-id=\"14\">\n<p class=\" content-text__container \" data-track-category=\"Link no Texto\" data-track-links=\"\" data-mrf-recirculation=\"Article links\">Um v\u00eddeo publicado no Instagram da jornalista Monica Bergamo, da &#8220;Folha de S.Paulo&#8221;, mostra os momentos seguintes \u00e0 agress\u00e3o. As imagens registraram Datena e Mar\u00e7al sendo separados e trocando ofensas. Mar\u00e7al, ent\u00e3o, voltou ao p\u00falpito.<\/p>\n<\/div>\n<\/div>\n\n<div id=\"chunk-e2jo7\">\n<div class=\"mc-column content-text active-extra-styles\" data-block-type=\"raw\" data-block-weight=\"2\" data-block-id=\"18\">\n<div class=\"content-intertitle\">\n<h2>Datena expulso<\/h2>\n<\/div>\n<p>\u00a0<\/p>\n<\/div>\n<\/div>\n<div id=\"chunk-e8set\">\n<div class=\"mc-column content-text active-extra-styles \" data-block-type=\"unstyled\" data-block-weight=\"24\" data-block-id=\"19\">\n<p class=\" content-text__container \" data-track-category=\"Link no Texto\" data-track-links=\"\" data-mrf-recirculation=\"Article links\">Ao voltar ao ar, o moderador do debate, Le\u00e3o Serva, anunciou que Datena havia sido expulso do encontro por causa da agress\u00e3o f\u00edsica.<\/p>\n<\/div>\n<\/div>\n\n<div id=\"chunk-b9q49\">\n<div class=\"mc-column content-text active-extra-styles \" data-block-type=\"unstyled\" data-block-weight=\"37\" data-block-id=\"21\">\n<p class=\" content-text__container \" data-track-category=\"Link no Texto\" data-track-links=\"\" data-mrf-recirculation=\"Article links\">Le\u00e3o Serva afirmou que Mar\u00e7al abandonou o debate para buscar atendimento de sa\u00fade, j\u00e1 que n\u00e3o estava se sentindo bem. Ainda segundo o moderador, o candidato tamb\u00e9m receberia uma advert\u00eancia da organiza\u00e7\u00e3o por ter agredido verbalmente Datena.<\/p>\n<\/div>\n<\/div>\n<div id=\"chunk-77j33\">\n<div class=\"mc-column content-text active-extra-styles \" data-block-type=\"unstyled\" data-block-weight=\"26\" data-block-id=\"22\">\n<p class=\" content-text__container \" data-track-category=\"Link no Texto\" data-track-links=\"\" data-mrf-recirculation=\"Article links\">O programa continuou com a presen\u00e7a dos demais candidatos. Em nota, a TV Cultura lamentou o ocorrido.<\/p>\n<\/div>\n<\/div>\n<div id=\"chunk-770qv\">\n<div class=\"mc-column content-text active-extra-styles\" data-block-type=\"raw\" data-block-weight=\"3\" data-block-id=\"23\">\n<p class=\"content-text__container\" data-mrf-recirculation=\"Article links\">\u00a0<\/p>\n<div class=\"content-intertitle\">\n<h2>Mar\u00e7al no hospital<\/h2>\n<\/div>\n<p>\u00a0<\/p>\n<\/div>\n<\/div>\n<div id=\"chunk-ajhv6\">\n<div class=\"mc-column content-text active-extra-styles \" data-block-type=\"unstyled\" data-block-weight=\"30\" data-block-id=\"24\">\n<p class=\" content-text__container \" data-track-category=\"Link no Texto\" data-track-links=\"\" data-mrf-recirculation=\"Article links\">A equipe de Pablo Mar\u00e7al afirmou que o candidato\u00a0foi encaminhado para o Hospital S\u00edrio-Liban\u00eas. Ele fraturou uma costela e deve passar a madrugada desta segunda-feira (16) em observa\u00e7\u00e3o.<\/p>\n<\/div>\n<\/div>\n\n<p>O hospital ainda n\u00e3o divulgou boletim m\u00e9dico com detalhes sobre o estado de sa\u00fade do candidato.<\/p>\n\n<div id=\"chunk-c0rnh\">\n<div class=\"mc-column content-text active-extra-styles \" data-block-type=\"unstyled\" data-block-weight=\"37\" data-block-id=\"28\">\n<p class=\" content-text__container \" data-track-category=\"Link no Texto\" data-track-links=\"\" data-mrf-recirculation=\"Article links\">A equipe informou ainda que Mar\u00e7al foi medicado e passou por exames, incluindo uma tomografia. Al\u00e9m disso, um advogado do candidato foi at\u00e9 a Pol\u00edcia Civil\u00a0registrar boletim de ocorr\u00eancia de les\u00e3o corporal e inj\u00faria\u00a0contra Datena.<\/p>\n<\/div>\n<\/div>\n<div id=\"chunk-2ss4l\">\n<div class=\"mc-column content-text active-extra-styles \" data-block-type=\"unstyled\" data-block-weight=\"9\" data-block-id=\"29\">\n<p class=\" content-text__container \" data-track-category=\"Link no Texto\" data-track-links=\"\" data-mrf-recirculation=\"Article links\">A agenda de campanha para esta segunda-feira foi cancelada.<\/p>\n<\/div>\n<\/div>\n<div id=\"chunk-8cjff\">\n<div class=\"mc-column content-text active-extra-styles\" data-block-type=\"raw\" data-block-weight=\"4\" data-block-id=\"30\">\n<p class=\"content-text__container\" data-mrf-recirculation=\"Article links\">\u00a0<\/p>\n<div class=\"content-intertitle\">\n<h2>O que diz Datena<\/h2>\n<\/div>\n<p>\u00a0<\/p>\n<\/div>\n<\/div>\n<div id=\"chunk-2htvk\">\n<div class=\"mc-column content-text active-extra-styles \" data-block-type=\"unstyled\" data-block-weight=\"33\" data-block-id=\"31\">\n<p class=\" content-text__container \" data-track-category=\"Link no Texto\" data-track-links=\"\" data-mrf-recirculation=\"Article links\">Datena\u00a0comentou sobre o caso na sa\u00edda do debate e afirmou que &#8220;perdeu a cabe\u00e7a&#8221;\u00a0ao lembrar da morte da sogra por AVCs depois de uma den\u00fancia de suposto ass\u00e9dio sexual contra ele.<\/p>\n<\/div>\n<\/div>\n<div id=\"chunk-3t426\">\n<div class=\"mc-column content-text active-extra-styles \" data-block-type=\"unstyled\" data-block-weight=\"61\" data-block-id=\"32\">\n<p class=\" content-text__container \" data-track-category=\"Link no Texto\" data-track-links=\"\" data-mrf-recirculation=\"Article links\">&#8220;Eu n\u00e3o escolho momento da emo\u00e7\u00e3o. Eu sou um cara de verdade. Eu lembrei da minha sogra morrendo ali nos bra\u00e7os da minha mulher e depois de passar por tudo aquilo que eu passei e trabalhando todo dia na televis\u00e3o me defendendo no foro adequado, com processo arquivado no foro adequado, foram os piores momentos que passei da minha vida&#8221;, disse.<\/p>\n<\/div>\n<\/div>\n\n<p>&#8220;E tenho certeza que minha sogra morreu por causa disso, porque foi em um momento que ela ouviu que havia esse processo e ela teve o primeiro AVC logo em seguida. Eu senti tudo isso voltar na minha cabe\u00e7a e, na verdade, eu n\u00e3o pude me conter. T\u00f4 errado? T\u00f4. Mas fazer o que? J\u00e1 foi&#8221;, afirmou.<\/p>","protected":false},"excerpt":{"rendered":"<p>Jos\u00e9 Luiz Datena\u00a0(PSDB) agrediu\u00a0Pablo Mar\u00e7al\u00a0(PRTB) com uma cadeirada durante um debate com os candidatos \u00e0&#8230;<\/p>\n","protected":false},"author":3,"featured_media":11756140,"comment_status":"closed","ping_status":"closed","sticky":false,"template":"","format":"standard","meta":{"footnotes":""},"categories":[101],"tags":[279],"class_list":["post-11756137","post","type-post","status-publish","format-standard","has-post-thumbnail","hentry","category-eleicoes","tag-eleicoes"],"_links":{"self":[{"href":"https:\/\/www.corumbaonline.com.br\/news\/wp-json\/wp\/v2\/posts\/11756137","targetHints":{"allow":["GET"]}}],"collection":[{"href":"https:\/\/www.corumbaonline.com.br\/news\/wp-json\/wp\/v2\/posts"}],"about":[{"href":"https:\/\/www.corumbaonline.com.br\/news\/wp-json\/wp\/v2\/types\/post"}],"author":[{"embeddable":true,"href":"https:\/\/www.corumbaonline.com.br\/news\/wp-json\/wp\/v2\/users\/3"}],"replies":[{"embeddable":true,"href":"https:\/\/www.corumbaonline.com.br\/news\/wp-json\/wp\/v2\/comments?post=11756137"}],"version-history":[{"count":1,"href":"https:\/\/www.corumbaonline.com.br\/news\/wp-json\/wp\/v2\/posts\/11756137\/revisions"}],"predecessor-version":[{"id":11756141,"href":"https:\/\/www.corumbaonline.com.br\/news\/wp-json\/wp\/v2\/posts\/11756137\/revisions\/11756141"}],"wp:featuredmedia":[{"embeddable":true,"href":"https:\/\/www.corumbaonline.com.br\/news\/wp-json\/wp\/v2\/media\/11756140"}],"wp:attachment":[{"href":"https:\/\/www.corumbaonline.com.br\/news\/wp-json\/wp\/v2\/media?parent=11756137"}],"wp:term":[{"taxonomy":"category","embeddable":true,"href":"https:\/\/www.corumbaonline.com.br\/news\/wp-json\/wp\/v2\/categories?post=11756137"},{"taxonomy":"post_tag","embeddable":true,"href":"https:\/\/www.corumbaonline.com.br\/news\/wp-json\/wp\/v2\/tags?post=11756137"}],"curies":[{"name":"wp","href":"https:\/\/api.w.org\/{rel}","templated":true}]}}