{"id":11757009,"date":"2024-10-08T16:16:00","date_gmt":"2024-10-08T20:16:00","guid":{"rendered":"https:\/\/www.corumbaonline.com.br\/news\/?p=11757009"},"modified":"2024-10-08T16:50:17","modified_gmt":"2024-10-08T20:50:17","slug":"com-menor-nivel-historico-rio-paraguai-registra-recorde-e-imasul-emite-alerta","status":"publish","type":"post","link":"https:\/\/www.corumbaonline.com.br\/news\/com-menor-nivel-historico-rio-paraguai-registra-recorde-e-imasul-emite-alerta\/","title":{"rendered":"Com menor n\u00edvel hist\u00f3rico, Rio Paraguai registra recorde e Imasul emite alerta"},"content":{"rendered":"<p>Em situa\u00e7\u00e3o cr\u00edtica, o Rio Paraguai atingiu nesta ter\u00e7a-feira (8), o menor n\u00edvel hist\u00f3rico, com 62 cent\u00edmetros, de acordo com o Imasul (Instituto de Meio Ambiente de Mato Grosso do Sul). Devido a situa\u00e7\u00e3o recorde, que supera o ano de 1964 e \u00e9 o pior \u00edndice desde o in\u00edcio do monitoramento em 1900, o Imasul emitiu um alerta.<\/p>\n<p>A Sala de Situa\u00e7\u00e3o do Imasul, respons\u00e1vel pelo monitoramento h\u00eddrico do Estado, informou que o n\u00edvel do rio apresenta quedas di\u00e1rias de 1 a 2 cent\u00edmetros, agravando a situa\u00e7\u00e3o. Esses dados s\u00e3o fundamentais para a navega\u00e7\u00e3o e o abastecimento das comunidades ribeirinhas, que dependem do rio para subsist\u00eancia e transporte.<\/p>\n<p><strong>Profundidade<\/strong><\/p>\n<p><a href=\"https:\/\/agenciadenoticias.ms.gov.br\/wp-content\/uploads\/2024\/10\/monitoramento_Rio-Paraguai-outubro-2024_Imasul.jpeg\"><img loading=\"lazy\" decoding=\"async\" class=\"alignleft size-full wp-image-492817\" src=\"https:\/\/agenciadenoticias.ms.gov.br\/wp-content\/uploads\/2024\/10\/monitoramento_Rio-Paraguai-outubro-2024_Imasul.jpeg\" sizes=\"auto, (max-width: 750px) 100vw, 750px\" srcset=\"https:\/\/agenciadenoticias.ms.gov.br\/wp-content\/uploads\/2024\/10\/monitoramento_Rio-Paraguai-outubro-2024_Imasul.jpeg 750w, https:\/\/agenciadenoticias.ms.gov.br\/wp-content\/uploads\/2024\/10\/monitoramento_Rio-Paraguai-outubro-2024_Imasul-300x225.jpeg 300w, https:\/\/agenciadenoticias.ms.gov.br\/wp-content\/uploads\/2024\/10\/monitoramento_Rio-Paraguai-outubro-2024_Imasul-320x240.jpeg 320w\" alt=\"\" width=\"750\" height=\"563\" \/><\/a><\/p>\n<p>Apesar de estar abaixo da cota zero, o Rio Paraguai n\u00e3o est\u00e1 completamente seco. Os t\u00e9cnicos do Imasul explicam que em Lad\u00e1rio, o rio mant\u00e9m aproximadamente 5 metros de profundidade devido \u00e0s caracter\u00edsticas geol\u00f3gicas da regi\u00e3o, que criam um canal natural no leito. Este canal preserva um volume de \u00e1gua suficiente para garantir um n\u00edvel m\u00ednimo de navegabilidade, mesmo em tempos de seca extrema.<\/p>\n<p>A cota zero \u00e9 uma refer\u00eancia hist\u00f3rica que marca um ponto cr\u00edtico de profundidade, mas isso n\u00e3o significa aus\u00eancia total de \u00e1gua. Quando o n\u00edvel fica abaixo desse ponto, o rio ainda possui profundidades variadas ao longo de seu curso, o que permite a manuten\u00e7\u00e3o de algumas atividades essenciais, como o abastecimento e o transporte fluvial.<\/p>\n<p><strong>Impactos<\/strong><\/p>\n<p>A queda no n\u00edvel do Rio Paraguai tem implica\u00e7\u00f5es diretas para a economia e para o meio ambiente. O turismo e a pesca, atividades econ\u00f4micas essenciais para a regi\u00e3o, j\u00e1 sofrem com as consequ\u00eancias da redu\u00e7\u00e3o no volume de \u00e1gua. Al\u00e9m disso, comunidades ribeirinhas enfrentam dificuldades para garantir o abastecimento de \u00e1gua e manter suas atividades de subsist\u00eancia.<\/p>\n<p>Especialistas associam essa redu\u00e7\u00e3o dr\u00e1stica \u00e0 variabilidade clim\u00e1tica e \u00e0 escassez de chuvas na bacia hidrogr\u00e1fica. O Pantanal, um dos biomas mais fr\u00e1geis e importantes do planeta, est\u00e1 particularmente vulner\u00e1vel a essas mudan\u00e7as, que afetam tanto a biodiversidade quanto as comunidades.<\/p>\n<p>&#8220;O baixo n\u00edvel do Rio Paraguai impacta diretamente a vida das comunidades e das atividades econ\u00f4micas, como turismo e pesca. O Imasul est\u00e1 mobilizado para acompanhar a situa\u00e7\u00e3o de perto e repassar informa\u00e7\u00f5es precisas&#8221;, disse Andr\u00e9 Borges, diretor-presidente do Imasul.<\/p>\n<p>Diante da situa\u00e7\u00e3o cr\u00edtica, o Imasul, em parceria com outros \u00f3rg\u00e3os, adota medidas emergenciais para apoiar as comunidades locais. Thays Yamaciro, da Sala de Situa\u00e7\u00e3o do Imasul, destacou a import\u00e2ncia do monitoramento cont\u00ednuo para entender e mitigar os efeitos da seca prolongada. &#8220;O monitoramento cont\u00ednuo \u00e9 crucial para entendermos o comportamento do rio e adotarmos a\u00e7\u00f5es preventivas\u201d, conclui.<\/p>\n<div id=\"gallery-1\" class=\"gallery galleryid-492815 gallery-columns-2 gallery-size-full\">\n<figure class=\"gallery-item\">\n<div class=\"gallery-icon landscape\"><a href=\"https:\/\/agenciadenoticias.ms.gov.br\/wp-content\/uploads\/2024\/07\/Turismo-em-Corumba-Pantanal-Foto-Alvaro-Rezende-12.jpeg\"><img loading=\"lazy\" decoding=\"async\" class=\"attachment-full size-full\" src=\"https:\/\/agenciadenoticias.ms.gov.br\/wp-content\/uploads\/2024\/07\/Turismo-em-Corumba-Pantanal-Foto-Alvaro-Rezende-12.jpeg\" sizes=\"auto, (max-width: 1600px) 100vw, 1600px\" srcset=\"https:\/\/agenciadenoticias.ms.gov.br\/wp-content\/uploads\/2024\/07\/Turismo-em-Corumba-Pantanal-Foto-Alvaro-Rezende-12.jpeg 1600w, https:\/\/agenciadenoticias.ms.gov.br\/wp-content\/uploads\/2024\/07\/Turismo-em-Corumba-Pantanal-Foto-Alvaro-Rezende-12-300x200.jpeg 300w, https:\/\/agenciadenoticias.ms.gov.br\/wp-content\/uploads\/2024\/07\/Turismo-em-Corumba-Pantanal-Foto-Alvaro-Rezende-12-1024x683.jpeg 1024w, https:\/\/agenciadenoticias.ms.gov.br\/wp-content\/uploads\/2024\/07\/Turismo-em-Corumba-Pantanal-Foto-Alvaro-Rezende-12-768x512.jpeg 768w, https:\/\/agenciadenoticias.ms.gov.br\/wp-content\/uploads\/2024\/07\/Turismo-em-Corumba-Pantanal-Foto-Alvaro-Rezende-12-1536x1024.jpeg 1536w, https:\/\/agenciadenoticias.ms.gov.br\/wp-content\/uploads\/2024\/07\/Turismo-em-Corumba-Pantanal-Foto-Alvaro-Rezende-12-350x232.jpeg 350w\" alt=\"\" width=\"1600\" height=\"1067\" aria-describedby=\"gallery-1-482690\" \/><\/a><\/div><figcaption id=\"gallery-1-482690\" class=\"wp-caption-text gallery-caption\">Foto: \u00c1lvaro Rezende<\/figcaption><\/figure>\n<figure class=\"gallery-item\">\n<div class=\"gallery-icon landscape\"><a href=\"https:\/\/agenciadenoticias.ms.gov.br\/wp-content\/uploads\/2024\/07\/Pantanal-Foto-Saul-Schramm-29-scaled.jpg\"><img loading=\"lazy\" decoding=\"async\" class=\"attachment-full size-full\" src=\"https:\/\/agenciadenoticias.ms.gov.br\/wp-content\/uploads\/2024\/07\/Pantanal-Foto-Saul-Schramm-29-scaled.jpg\" sizes=\"auto, (max-width: 1920px) 100vw, 1920px\" srcset=\"https:\/\/agenciadenoticias.ms.gov.br\/wp-content\/uploads\/2024\/07\/Pantanal-Foto-Saul-Schramm-29-scaled.jpg 1920w, https:\/\/agenciadenoticias.ms.gov.br\/wp-content\/uploads\/2024\/07\/Pantanal-Foto-Saul-Schramm-29-300x190.jpg 300w, https:\/\/agenciadenoticias.ms.gov.br\/wp-content\/uploads\/2024\/07\/Pantanal-Foto-Saul-Schramm-29-1024x647.jpg 1024w, https:\/\/agenciadenoticias.ms.gov.br\/wp-content\/uploads\/2024\/07\/Pantanal-Foto-Saul-Schramm-29-768x485.jpg 768w, https:\/\/agenciadenoticias.ms.gov.br\/wp-content\/uploads\/2024\/07\/Pantanal-Foto-Saul-Schramm-29-1536x971.jpg 1536w, https:\/\/agenciadenoticias.ms.gov.br\/wp-content\/uploads\/2024\/07\/Pantanal-Foto-Saul-Schramm-29-2048x1295.jpg 2048w, https:\/\/agenciadenoticias.ms.gov.br\/wp-content\/uploads\/2024\/07\/Pantanal-Foto-Saul-Schramm-29-350x221.jpg 350w\" alt=\"\" width=\"1920\" height=\"1214\" aria-describedby=\"gallery-1-482039\" \/><\/a><\/div><figcaption id=\"gallery-1-482039\" class=\"wp-caption-text gallery-caption\">Foto: Saul Schramm<\/figcaption><\/figure>\n<\/div>\n<p><strong>Servi\u00e7o<\/strong><\/p>\n<p>Para mais informa\u00e7\u00f5es sobre o n\u00edvel do Rio Paraguai e de outros pontos monitorados, o Imasul disponibiliza um Boletim Di\u00e1rio atualizado em sua p\u00e1gina, com dados de 14 pontos de monitoramento em Mato Grosso do Sul. Acompanhe as atualiza\u00e7\u00f5es na\u00a0<a href=\"https:\/\/www.imasul.ms.gov.br\/sala-de-situacao\/\" data-saferedirecturl=\"https:\/\/www.google.com\/url?q=https:\/\/www.imasul.ms.gov.br\/sala-de-situacao\/&amp;source=gmail&amp;ust=1728503084805000&amp;usg=AOvVaw0hGFn1F0O9a3ud3piD6sTA\">Sala de Situa\u00e7\u00e3o &#8211; Imasul<\/a>.<\/p>\n","protected":false},"excerpt":{"rendered":"<p>Em situa\u00e7\u00e3o cr\u00edtica, o Rio Paraguai atingiu nesta ter\u00e7a-feira (8), o menor n\u00edvel hist\u00f3rico, com&#8230;<\/p>\n","protected":false},"author":13,"featured_media":11757010,"comment_status":"closed","ping_status":"closed","sticky":false,"template":"","format":"standard","meta":{"footnotes":""},"categories":[8,17],"tags":[209],"class_list":["post-11757009","post","type-post","status-publish","format-standard","has-post-thumbnail","hentry","category-destaque","category-meio-ambiente","tag-meio-ambiente"],"_links":{"self":[{"href":"https:\/\/www.corumbaonline.com.br\/news\/wp-json\/wp\/v2\/posts\/11757009","targetHints":{"allow":["GET"]}}],"collection":[{"href":"https:\/\/www.corumbaonline.com.br\/news\/wp-json\/wp\/v2\/posts"}],"about":[{"href":"https:\/\/www.corumbaonline.com.br\/news\/wp-json\/wp\/v2\/types\/post"}],"author":[{"embeddable":true,"href":"https:\/\/www.corumbaonline.com.br\/news\/wp-json\/wp\/v2\/users\/13"}],"replies":[{"embeddable":true,"href":"https:\/\/www.corumbaonline.com.br\/news\/wp-json\/wp\/v2\/comments?post=11757009"}],"version-history":[{"count":1,"href":"https:\/\/www.corumbaonline.com.br\/news\/wp-json\/wp\/v2\/posts\/11757009\/revisions"}],"predecessor-version":[{"id":11757012,"href":"https:\/\/www.corumbaonline.com.br\/news\/wp-json\/wp\/v2\/posts\/11757009\/revisions\/11757012"}],"wp:featuredmedia":[{"embeddable":true,"href":"https:\/\/www.corumbaonline.com.br\/news\/wp-json\/wp\/v2\/media\/11757010"}],"wp:attachment":[{"href":"https:\/\/www.corumbaonline.com.br\/news\/wp-json\/wp\/v2\/media?parent=11757009"}],"wp:term":[{"taxonomy":"category","embeddable":true,"href":"https:\/\/www.corumbaonline.com.br\/news\/wp-json\/wp\/v2\/categories?post=11757009"},{"taxonomy":"post_tag","embeddable":true,"href":"https:\/\/www.corumbaonline.com.br\/news\/wp-json\/wp\/v2\/tags?post=11757009"}],"curies":[{"name":"wp","href":"https:\/\/api.w.org\/{rel}","templated":true}]}}