{"id":11757771,"date":"2024-10-28T13:48:00","date_gmt":"2024-10-28T17:48:00","guid":{"rendered":"https:\/\/www.corumbaonline.com.br\/news\/?p=11757771"},"modified":"2024-10-28T13:39:44","modified_gmt":"2024-10-28T17:39:44","slug":"voucher-desenvolvedor-estudantes-de-ms-iniciam-busca-por-estagios-e-sonham-com-carreira-promissora","status":"publish","type":"post","link":"https:\/\/www.corumbaonline.com.br\/news\/voucher-desenvolvedor-estudantes-de-ms-iniciam-busca-por-estagios-e-sonham-com-carreira-promissora\/","title":{"rendered":"Voucher Desenvolvedor: estudantes de MS iniciam busca por est\u00e1gios e sonham com carreira promissora"},"content":{"rendered":"<p>Os estudantes da rede p\u00fablica que fazem parte do programa &#8216;Voucher Desenvolvedor&#8217; j\u00e1 iniciaram as entrevistas em busca de est\u00e1gios remunerados. Eles sonham em construir uma carreira promissora e de sucesso na \u00e1rea da tecnologia da informa\u00e7\u00e3o. Uma oportunidade concedida pelo Governo do Estado, em parceria com o Senac (Servi\u00e7o Nacional de Aprendizagem Comercial).<\/p>\n<p>Guilherme Nantes, de 16 anos, estuda de manh\u00e3 na Escola Estadual Silvio de Oliveira, que fica no bairro Aero Rancho. A tarde segue de \u00f4nibus para o Senac, na \u00e1rea central da cidade, para fazer o que mais gosta no dia, que \u00e9 aprender sobre tecnologia da informa\u00e7\u00e3o. Ele come\u00e7ou o curso neste ano e pretende seguir carreira na profiss\u00e3o.<\/p>\n<p>&#8220;Este \u00e9 curso \u00e9 muito bom, melhor coisa que j\u00e1 me aconteceu. J\u00e1 era interessado na \u00e1rea, tinha um certo conhecimento, mas precisava de um curso para me aprofundar, e pretendo seguir nesta carreira, este \u00e9 o ponto de partida. Venho todos os dias de \u00f4nibus, mas quando a gente se esfor\u00e7o tudo d\u00e1 certo&#8221;.<\/p>\n<figure id=\"attachment_493996\" class=\"wp-caption aligncenter\" aria-describedby=\"caption-attachment-493996\"><a href=\"https:\/\/agenciadenoticias.ms.gov.br\/wp-content\/uploads\/2024\/10\/Foto-Alvaro-Rezende-13-1-scaled.jpg\"><img loading=\"lazy\" decoding=\"async\" class=\"wp-image-493996 size-large\" src=\"https:\/\/agenciadenoticias.ms.gov.br\/wp-content\/uploads\/2024\/10\/Foto-Alvaro-Rezende-13-1-1024x683.jpg\" sizes=\"auto, (max-width: 1024px) 100vw, 1024px\" srcset=\"https:\/\/agenciadenoticias.ms.gov.br\/wp-content\/uploads\/2024\/10\/Foto-Alvaro-Rezende-13-1-1024x683.jpg 1024w, https:\/\/agenciadenoticias.ms.gov.br\/wp-content\/uploads\/2024\/10\/Foto-Alvaro-Rezende-13-1-300x200.jpg 300w, https:\/\/agenciadenoticias.ms.gov.br\/wp-content\/uploads\/2024\/10\/Foto-Alvaro-Rezende-13-1-768x512.jpg 768w, https:\/\/agenciadenoticias.ms.gov.br\/wp-content\/uploads\/2024\/10\/Foto-Alvaro-Rezende-13-1-1536x1024.jpg 1536w, https:\/\/agenciadenoticias.ms.gov.br\/wp-content\/uploads\/2024\/10\/Foto-Alvaro-Rezende-13-1-2048x1365.jpg 2048w, https:\/\/agenciadenoticias.ms.gov.br\/wp-content\/uploads\/2024\/10\/Foto-Alvaro-Rezende-13-1-350x232.jpg 350w, https:\/\/agenciadenoticias.ms.gov.br\/wp-content\/uploads\/2024\/10\/Foto-Alvaro-Rezende-13-1-scaled.jpg 1920w\" alt=\"\" width=\"1024\" height=\"683\" \/><\/a><figcaption id=\"caption-attachment-493996\" class=\"wp-caption-text\"><em>Estudante Guilherme Nantes faz parte Voucher Desenvolvedor<\/em><\/figcaption><\/figure>\n<p>Ele contou que seu pai ficou sabendo do curso e logo j\u00e1 o incentivou a participar. &#8220;Fui l\u00e1 fiz a prova, n\u00e3o tinha confian\u00e7a nenhuma que iria passar, mas gl\u00f3ria a Deus que eu consegui entrar. J\u00e1 fiz minha inscri\u00e7\u00e3o para tentar est\u00e1gio. O curso \u00e9 importante porque me ajuda a abrir as portas ao mercado de trabalho, nesta \u00e1rea que tem pouca m\u00e3o de obra. Al\u00e9m disto o sal\u00e1rio \u00e9 bem atrativo&#8221;.<\/p>\n<p>Isabella Miho Yamasaki Sawamura, de 18 anos, tamb\u00e9m iniciou as entrevistas de est\u00e1gio. &#8220;Estou muito confiante (est\u00e1gio), com certeza quero seguir carreira nesta \u00e1rea. Depois quero inclusive fazer uma faculdade na \u00e1rea, \u00e9 uma profiss\u00e3o que al\u00e9m de me interessar, tem a compensa\u00e7\u00e3o financeira, pois o sal\u00e1rio \u00e9 bom&#8221;.<\/p>\n<div id=\"gallery-1\" class=\"gallery galleryid-494334 gallery-columns-2 gallery-size-large\">\n<figure class=\"gallery-item\">\n<div class=\"gallery-icon landscape\"><a href=\"https:\/\/agenciadenoticias.ms.gov.br\/foto-alvaro-rezende-8-5\/\"><img loading=\"lazy\" decoding=\"async\" class=\"attachment-large size-large\" src=\"https:\/\/agenciadenoticias.ms.gov.br\/wp-content\/uploads\/2024\/10\/Foto-Alvaro-Rezende-8-1-1024x683.jpg\" sizes=\"auto, (max-width: 1024px) 100vw, 1024px\" srcset=\"https:\/\/agenciadenoticias.ms.gov.br\/wp-content\/uploads\/2024\/10\/Foto-Alvaro-Rezende-8-1-1024x683.jpg 1024w, https:\/\/agenciadenoticias.ms.gov.br\/wp-content\/uploads\/2024\/10\/Foto-Alvaro-Rezende-8-1-300x200.jpg 300w, https:\/\/agenciadenoticias.ms.gov.br\/wp-content\/uploads\/2024\/10\/Foto-Alvaro-Rezende-8-1-768x512.jpg 768w, https:\/\/agenciadenoticias.ms.gov.br\/wp-content\/uploads\/2024\/10\/Foto-Alvaro-Rezende-8-1-1536x1024.jpg 1536w, https:\/\/agenciadenoticias.ms.gov.br\/wp-content\/uploads\/2024\/10\/Foto-Alvaro-Rezende-8-1-2048x1365.jpg 2048w, https:\/\/agenciadenoticias.ms.gov.br\/wp-content\/uploads\/2024\/10\/Foto-Alvaro-Rezende-8-1-350x232.jpg 350w, https:\/\/agenciadenoticias.ms.gov.br\/wp-content\/uploads\/2024\/10\/Foto-Alvaro-Rezende-8-1-scaled.jpg 1920w\" alt=\"\" width=\"1024\" height=\"683\" aria-describedby=\"gallery-1-494004\" \/><\/a><\/div><figcaption id=\"gallery-1-494004\" class=\"wp-caption-text gallery-caption\">Alexandre Anast\u00e1cio<\/figcaption><\/figure>\n<figure class=\"gallery-item\">\n<div class=\"gallery-icon landscape\"><a href=\"https:\/\/agenciadenoticias.ms.gov.br\/foto-alvaro-rezende-10-5\/\"><img loading=\"lazy\" decoding=\"async\" class=\"attachment-large size-large\" src=\"https:\/\/agenciadenoticias.ms.gov.br\/wp-content\/uploads\/2024\/10\/Foto-Alvaro-Rezende-10-1-1024x683.jpg\" sizes=\"auto, (max-width: 1024px) 100vw, 1024px\" srcset=\"https:\/\/agenciadenoticias.ms.gov.br\/wp-content\/uploads\/2024\/10\/Foto-Alvaro-Rezende-10-1-1024x683.jpg 1024w, https:\/\/agenciadenoticias.ms.gov.br\/wp-content\/uploads\/2024\/10\/Foto-Alvaro-Rezende-10-1-300x200.jpg 300w, https:\/\/agenciadenoticias.ms.gov.br\/wp-content\/uploads\/2024\/10\/Foto-Alvaro-Rezende-10-1-768x512.jpg 768w, https:\/\/agenciadenoticias.ms.gov.br\/wp-content\/uploads\/2024\/10\/Foto-Alvaro-Rezende-10-1-1536x1024.jpg 1536w, https:\/\/agenciadenoticias.ms.gov.br\/wp-content\/uploads\/2024\/10\/Foto-Alvaro-Rezende-10-1-2048x1365.jpg 2048w, https:\/\/agenciadenoticias.ms.gov.br\/wp-content\/uploads\/2024\/10\/Foto-Alvaro-Rezende-10-1-350x232.jpg 350w, https:\/\/agenciadenoticias.ms.gov.br\/wp-content\/uploads\/2024\/10\/Foto-Alvaro-Rezende-10-1-scaled.jpg 1920w\" alt=\"\" width=\"1024\" height=\"683\" aria-describedby=\"gallery-1-493993\" \/><\/a><\/div><figcaption id=\"gallery-1-493993\" class=\"wp-caption-text gallery-caption\">Mateus Storti<\/figcaption><\/figure>\n<\/div>\n<p>Ela iniciou o curso t\u00e9cnico por inspira\u00e7\u00e3o e curiosidade, j\u00e1 que seu irm\u00e3o j\u00e1 trabalha na \u00e1rea. \u201cFiquei sabendo do programa no ano passado, minha m\u00e3e ouviu no r\u00e1dio. Fiz a inscri\u00e7\u00e3o e passei na prova. Comecei o curso em mar\u00e7o e as aulas s\u00e3o durante toda semana, no per\u00edodo da tarde. Estou gostando muito de participar. \u00c9 um curso que est\u00e1 sendo bem rico em aprendizado\u201d.<\/p>\n<p>Desde pequeno Mateus Storti Helmann, 17, se interessava pela \u00e1rea, inclusive fez alguns cursos de programa\u00e7\u00e3o. Entrar no Voucher Desenvolvedor foi uma escalada dentro desta carreira, que pretende seguir. &#8220;\u00c9 uma \u00e1rea que pretendo atuar, tem muito futuro, porque precisa de gente qualificada para trabalhar&#8221;.<\/p>\n<p>Helmann s\u00f3 tem elogios ao curso e aos profissionais que trabalham no programa. &#8220;\u00c9 muito bom, engloba muitos conte\u00fados de maneira bem detalhada e tem aprendizado na pr\u00e1tica, que inclusive acho \u00e9 ponto forte do curso, assim conseguimos aprender muito mais f\u00e1cil. A estrutura \u00e9 boa e os professores s\u00e3o \u00f3timos, todos nos ajudam muito, s\u00e3o incr\u00edveis&#8221;.<\/p>\n<div id=\"gallery-2\" class=\"gallery galleryid-494334 gallery-columns-3 gallery-size-large\">\n<figure class=\"gallery-item\">\n<div class=\"gallery-icon landscape\"><a href=\"https:\/\/agenciadenoticias.ms.gov.br\/foto-alvaro-rezende-2-7\/\"><img loading=\"lazy\" decoding=\"async\" class=\"attachment-large size-large\" src=\"https:\/\/agenciadenoticias.ms.gov.br\/wp-content\/uploads\/2024\/10\/Foto-Alvaro-Rezende-2-1-1024x683.jpg\" sizes=\"auto, (max-width: 1024px) 100vw, 1024px\" srcset=\"https:\/\/agenciadenoticias.ms.gov.br\/wp-content\/uploads\/2024\/10\/Foto-Alvaro-Rezende-2-1-1024x683.jpg 1024w, https:\/\/agenciadenoticias.ms.gov.br\/wp-content\/uploads\/2024\/10\/Foto-Alvaro-Rezende-2-1-300x200.jpg 300w, https:\/\/agenciadenoticias.ms.gov.br\/wp-content\/uploads\/2024\/10\/Foto-Alvaro-Rezende-2-1-768x512.jpg 768w, https:\/\/agenciadenoticias.ms.gov.br\/wp-content\/uploads\/2024\/10\/Foto-Alvaro-Rezende-2-1-1536x1024.jpg 1536w, https:\/\/agenciadenoticias.ms.gov.br\/wp-content\/uploads\/2024\/10\/Foto-Alvaro-Rezende-2-1-2048x1365.jpg 2048w, https:\/\/agenciadenoticias.ms.gov.br\/wp-content\/uploads\/2024\/10\/Foto-Alvaro-Rezende-2-1-350x232.jpg 350w, https:\/\/agenciadenoticias.ms.gov.br\/wp-content\/uploads\/2024\/10\/Foto-Alvaro-Rezende-2-1-scaled.jpg 1920w\" alt=\"\" width=\"1024\" height=\"683\" \/><\/a><\/div>\n<\/figure>\n<figure class=\"gallery-item\">\n<div class=\"gallery-icon landscape\"><a href=\"https:\/\/agenciadenoticias.ms.gov.br\/foto-alvaro-rezende-11-4\/\"><img loading=\"lazy\" decoding=\"async\" class=\"attachment-large size-large\" src=\"https:\/\/agenciadenoticias.ms.gov.br\/wp-content\/uploads\/2024\/10\/Foto-Alvaro-Rezende-11-1-1024x683.jpg\" sizes=\"auto, (max-width: 1024px) 100vw, 1024px\" srcset=\"https:\/\/agenciadenoticias.ms.gov.br\/wp-content\/uploads\/2024\/10\/Foto-Alvaro-Rezende-11-1-1024x683.jpg 1024w, https:\/\/agenciadenoticias.ms.gov.br\/wp-content\/uploads\/2024\/10\/Foto-Alvaro-Rezende-11-1-300x200.jpg 300w, https:\/\/agenciadenoticias.ms.gov.br\/wp-content\/uploads\/2024\/10\/Foto-Alvaro-Rezende-11-1-768x512.jpg 768w, https:\/\/agenciadenoticias.ms.gov.br\/wp-content\/uploads\/2024\/10\/Foto-Alvaro-Rezende-11-1-1536x1024.jpg 1536w, https:\/\/agenciadenoticias.ms.gov.br\/wp-content\/uploads\/2024\/10\/Foto-Alvaro-Rezende-11-1-2048x1365.jpg 2048w, https:\/\/agenciadenoticias.ms.gov.br\/wp-content\/uploads\/2024\/10\/Foto-Alvaro-Rezende-11-1-350x232.jpg 350w, https:\/\/agenciadenoticias.ms.gov.br\/wp-content\/uploads\/2024\/10\/Foto-Alvaro-Rezende-11-1-scaled.jpg 1920w\" alt=\"\" width=\"1024\" height=\"683\" \/><\/a><\/div>\n<\/figure>\n<figure class=\"gallery-item\">\n<div class=\"gallery-icon landscape\"><a href=\"https:\/\/agenciadenoticias.ms.gov.br\/foto-alvaro-rezende-1-6\/\"><img loading=\"lazy\" decoding=\"async\" class=\"attachment-large size-large\" src=\"https:\/\/agenciadenoticias.ms.gov.br\/wp-content\/uploads\/2024\/10\/Foto-Alvaro-Rezende-1-1-1024x683.jpg\" sizes=\"auto, (max-width: 1024px) 100vw, 1024px\" srcset=\"https:\/\/agenciadenoticias.ms.gov.br\/wp-content\/uploads\/2024\/10\/Foto-Alvaro-Rezende-1-1-1024x683.jpg 1024w, https:\/\/agenciadenoticias.ms.gov.br\/wp-content\/uploads\/2024\/10\/Foto-Alvaro-Rezende-1-1-300x200.jpg 300w, https:\/\/agenciadenoticias.ms.gov.br\/wp-content\/uploads\/2024\/10\/Foto-Alvaro-Rezende-1-1-768x512.jpg 768w, https:\/\/agenciadenoticias.ms.gov.br\/wp-content\/uploads\/2024\/10\/Foto-Alvaro-Rezende-1-1-1536x1024.jpg 1536w, https:\/\/agenciadenoticias.ms.gov.br\/wp-content\/uploads\/2024\/10\/Foto-Alvaro-Rezende-1-1-2048x1365.jpg 2048w, https:\/\/agenciadenoticias.ms.gov.br\/wp-content\/uploads\/2024\/10\/Foto-Alvaro-Rezende-1-1-350x232.jpg 350w, https:\/\/agenciadenoticias.ms.gov.br\/wp-content\/uploads\/2024\/10\/Foto-Alvaro-Rezende-1-1-scaled.jpg 1920w\" alt=\"\" width=\"1024\" height=\"683\" \/><\/a><\/div>\n<\/figure>\n<\/div>\n<p><strong>Curso t\u00e9cnico<\/strong><\/p>\n<p>O curso t\u00e9cnico de &#8216;Tecnologia da Informa\u00e7\u00e3o&#8217; dispon\u00edvel de forma gratuita pelo programa Voucher Desenvolvedor contempla estudantes da rede p\u00fablica estadual. Al\u00e9m de promover a qualifica\u00e7\u00e3o profissional, tamb\u00e9m vai fazer a ponte para o mercado de trabalho.<\/p>\n<p>Ele \u00e9 promovido pelo Governo do Estado, por meio da Semadesc (Secretaria de Estado de Meio Ambiente, Desenvolvimento, Ci\u00eancia, Tecnologia e Inova\u00e7\u00e3o) e SED (Secretaria de Estado de Educa\u00e7\u00e3o), em parceria com o Senac. Atualmente, 13 turmas com 288 alunos est\u00e3o no segundo semestre da forma\u00e7\u00e3o t\u00e9cnica e 80 novos alunos iniciaram o curso nos munic\u00edpios de Corumb\u00e1, Ponta Por\u00e3 e Tr\u00eas Lagoas em setembro.<\/p>\n<p>&#8220;O curso tem 1.200 horas. A primeira fase foi sobre algoritmos, documentos e requisitos para o desenvolvimento de um software. Na segunda eles de fato v\u00e3o desenvolver um software, j\u00e1 que tiveram a base na oferta anterior. J\u00e1 na terceira j\u00e1 trata dos testes (software) que eles v\u00e3o colocar no mercado&#8221;, afirmou o coordenador pedag\u00f3gico do curso no Senac, Alexandre Anast\u00e1cio de Oliveira.<\/p>\n<figure id=\"attachment_494348\" class=\"wp-caption aligncenter\" aria-describedby=\"caption-attachment-494348\"><a href=\"https:\/\/agenciadenoticias.ms.gov.br\/wp-content\/uploads\/2024\/10\/Turma-Iasabela-1-scaled.jpg\"><img loading=\"lazy\" decoding=\"async\" class=\"wp-image-494348 size-large\" src=\"https:\/\/agenciadenoticias.ms.gov.br\/wp-content\/uploads\/2024\/10\/Turma-Iasabela-1-1024x768.jpg\" sizes=\"auto, (max-width: 1024px) 100vw, 1024px\" srcset=\"https:\/\/agenciadenoticias.ms.gov.br\/wp-content\/uploads\/2024\/10\/Turma-Iasabela-1-1024x768.jpg 1024w, https:\/\/agenciadenoticias.ms.gov.br\/wp-content\/uploads\/2024\/10\/Turma-Iasabela-1-300x225.jpg 300w, https:\/\/agenciadenoticias.ms.gov.br\/wp-content\/uploads\/2024\/10\/Turma-Iasabela-1-768x576.jpg 768w, https:\/\/agenciadenoticias.ms.gov.br\/wp-content\/uploads\/2024\/10\/Turma-Iasabela-1-1536x1152.jpg 1536w, https:\/\/agenciadenoticias.ms.gov.br\/wp-content\/uploads\/2024\/10\/Turma-Iasabela-1-2048x1536.jpg 2048w, https:\/\/agenciadenoticias.ms.gov.br\/wp-content\/uploads\/2024\/10\/Turma-Iasabela-1-320x240.jpg 320w, https:\/\/agenciadenoticias.ms.gov.br\/wp-content\/uploads\/2024\/10\/Turma-Iasabela-1-scaled.jpg 1920w\" alt=\"\" width=\"1024\" height=\"768\" \/><\/a><figcaption id=\"caption-attachment-494348\" class=\"wp-caption-text\"><em>Turma de estudantes do Voucher Desenvolvedor (Foto: Divulga\u00e7\u00e3o)<\/em><\/figcaption><\/figure>\n<p>Oliveira ponderou que os alunos est\u00e3o com uma perspectiva muito positiva da profiss\u00e3o, que est\u00e1 em plena ascens\u00e3o. &#8220;O mercado de TI est\u00e1 aquecido, as empresas est\u00e3o demandando muito esta m\u00e3o de obra. Uma \u00e1rea dif\u00edcil e complexa que precisa de m\u00e3o de obra qualificada. Os alunos hoje t\u00eam a oportunidade de est\u00e1gio, j\u00e1 est\u00e3o na sele\u00e7\u00e3o das vagas&#8221;.<\/p>\n","protected":false},"excerpt":{"rendered":"<p>Os estudantes da rede p\u00fablica que fazem parte do programa &#8216;Voucher Desenvolvedor&#8217; j\u00e1 iniciaram as&#8230;<\/p>\n","protected":false},"author":13,"featured_media":0,"comment_status":"closed","ping_status":"closed","sticky":false,"template":"","format":"standard","meta":{"footnotes":""},"categories":[10],"tags":[],"class_list":["post-11757771","post","type-post","status-publish","format-standard","hentry","category-educacao"],"_links":{"self":[{"href":"https:\/\/www.corumbaonline.com.br\/news\/wp-json\/wp\/v2\/posts\/11757771","targetHints":{"allow":["GET"]}}],"collection":[{"href":"https:\/\/www.corumbaonline.com.br\/news\/wp-json\/wp\/v2\/posts"}],"about":[{"href":"https:\/\/www.corumbaonline.com.br\/news\/wp-json\/wp\/v2\/types\/post"}],"author":[{"embeddable":true,"href":"https:\/\/www.corumbaonline.com.br\/news\/wp-json\/wp\/v2\/users\/13"}],"replies":[{"embeddable":true,"href":"https:\/\/www.corumbaonline.com.br\/news\/wp-json\/wp\/v2\/comments?post=11757771"}],"version-history":[{"count":1,"href":"https:\/\/www.corumbaonline.com.br\/news\/wp-json\/wp\/v2\/posts\/11757771\/revisions"}],"predecessor-version":[{"id":11757772,"href":"https:\/\/www.corumbaonline.com.br\/news\/wp-json\/wp\/v2\/posts\/11757771\/revisions\/11757772"}],"wp:attachment":[{"href":"https:\/\/www.corumbaonline.com.br\/news\/wp-json\/wp\/v2\/media?parent=11757771"}],"wp:term":[{"taxonomy":"category","embeddable":true,"href":"https:\/\/www.corumbaonline.com.br\/news\/wp-json\/wp\/v2\/categories?post=11757771"},{"taxonomy":"post_tag","embeddable":true,"href":"https:\/\/www.corumbaonline.com.br\/news\/wp-json\/wp\/v2\/tags?post=11757771"}],"curies":[{"name":"wp","href":"https:\/\/api.w.org\/{rel}","templated":true}]}}