{"id":11757784,"date":"2024-10-28T15:48:00","date_gmt":"2024-10-28T19:48:00","guid":{"rendered":"https:\/\/www.corumbaonline.com.br\/news\/?p=11757784"},"modified":"2024-10-29T08:42:39","modified_gmt":"2024-10-29T12:42:39","slug":"da-sala-de-aula-ao-senado-federal-jornada-de-professora-e-aluno-da-rede-publica-de-ms-inspira-o-futuro","status":"publish","type":"post","link":"https:\/\/www.corumbaonline.com.br\/news\/da-sala-de-aula-ao-senado-federal-jornada-de-professora-e-aluno-da-rede-publica-de-ms-inspira-o-futuro\/","title":{"rendered":"Da sala de aula ao Senado Federal: jornada de professora e aluno da Rede P\u00fablica de MS inspira o futuro"},"content":{"rendered":"\n<p>As paredes da Escola Estadual Waldemir Barros da Silva, no bairro Moreninhas, em Campo Grande, testemunharam momentos inesquec\u00edveis da jornada de Izabel e Miguel, uma dupla que representa o impacto silencioso, mas poderoso dos servidores p\u00fablicos no cotidiano das pessoas.<\/p>\n\n\n\n<p>Com 20 anos de atua\u00e7\u00e3o como professora do Estado e h\u00e1 seis anos na escola, Izabel Menezes transformou o ambiente escolar em um espa\u00e7o de incentivo e acolhimento. A \u00faltima conquista, a participa\u00e7\u00e3o e vit\u00f3ria de seu aluno Miguel Partzlaff no concurso Jovem Senador, ilustra o resultado de um trabalho incans\u00e1vel. Ganharam direito a ir a Bras\u00edlia recentemente para uma semana de viv\u00eancia legislativa.&nbsp;<\/p>\n\n\n\n<p>\u201cTrabalhar com o estudante \u00e9 o resultado que d\u00e1 certo\u201d, comenta a educadora, sorrindo ao lembrar das aulas e conversas que prepararam Miguel para o concurso. Entre planos de aula e ensaios de reda\u00e7\u00e3o, foi cultivada a confian\u00e7a que transformou o aluno. \u201cComo eu sempre digo, a conviv\u00eancia \u00e9 o ponto de partida\u201d, ela refor\u00e7a.<\/p>\n\n\n\n<p>Izabel acredita que \u00e9 a rela\u00e7\u00e3o de confian\u00e7a e proximidade com os alunos que permite a eles explorar o seu potencial, superando desafios e limita\u00e7\u00f5es.<\/p>\n\n\n\n<p>Para Miguel, o apoio foi decisivo. \u201cEu at\u00e9 n\u00e3o queria participar, n\u00e3o me senti capaz, mas a minha professora me ajudou\u201d. Miguel mergulhou na pesquisa hist\u00f3rica e legislativa, e, por meio de estudos e encorajamento, finalmente conseguiu embarcar rumo ao Congresso Nacional, onde se encontrou com jovens de todos os cantos do Brasil. \u201cFoi muito bom ter a Izabel como minha apoiadora, minha professora\u201d, comemora.<\/p>\n\n\n\n<figure class=\"wp-block-image\"><a href=\"https:\/\/agenciadenoticias.ms.gov.br\/wp-content\/uploads\/2024\/10\/IMG_4418-scaled.jpg\"><img decoding=\"async\" src=\"https:\/\/agenciadenoticias.ms.gov.br\/wp-content\/uploads\/2024\/10\/IMG_4418-1024x576.jpg\" alt=\"\"\/><\/a><\/figure>\n\n\n\n<figure class=\"wp-block-image\"><a href=\"https:\/\/agenciadenoticias.ms.gov.br\/wp-content\/uploads\/2024\/10\/IMG_4413-scaled.jpg\"><img decoding=\"async\" src=\"https:\/\/agenciadenoticias.ms.gov.br\/wp-content\/uploads\/2024\/10\/IMG_4413-1024x576.jpg\" alt=\"\"\/><\/a><\/figure>\n\n\n\n<p><em>Izabel em atividade com seus alunos na biblioteca da escola estadual<\/em><\/p>\n\n\n\n<p>Na vis\u00e3o da professora, essa conquista vai al\u00e9m de uma competi\u00e7\u00e3o. Ela simboliza a evolu\u00e7\u00e3o pessoal do jovem que agora, como ela diz, \u00e9 \u201cum Miguel que foi e outro que voltou\u201d. Izabel, emocionada, fala do orgulho de ver seu aluno desbravar novos espa\u00e7os e do impacto positivo da experi\u00eancia. &#8220;Ver ele conhecendo outras culturas, vislumbrando outras possibilidades dentro do pr\u00f3prio pa\u00eds, foi muito gratificante.&#8221;<\/p>\n\n\n\n<p>Miguel n\u00e3o apenas absorveu o conhecimento sobre a estrutura pol\u00edtica do pa\u00eds, mas tamb\u00e9m passou a acreditar em sua capacidade de transforma\u00e7\u00e3o. A experi\u00eancia no Senado mudou sua perspectiva sobre o pr\u00f3prio futuro e o projetou a planejar novos caminhos, refor\u00e7ando sua confian\u00e7a no poder transformador da educa\u00e7\u00e3o e no papel fundamental dos professores.<\/p>\n\n\n\n<p>\u201cAcredito que a educa\u00e7\u00e3o pode sim transformar a juventude e os professores s\u00e3o muito especiais nesse contexto, porque eles fazem o estudante perceber que \u00e9 capaz de mudar sua realidade\u201d, afirma.<\/p>\n\n\n\n<p>Essa narrativa \u00e9 a primeira de muitas que refor\u00e7am a alian\u00e7a entre o governo e a sociedade sul-mato-grossense, evidenciando como os servidores, que atuam com dedica\u00e7\u00e3o em diversas \u00e1reas, s\u00e3o fundamentais para o acesso da popula\u00e7\u00e3o aos seus direitos e para o fortalecimento da cidadania.<\/p>\n\n\n\n<p>Em hist\u00f3rias como a de Izabel e Miguel, vemos que o trabalho desses profissionais n\u00e3o apenas transforma o presente, mas tamb\u00e9m lan\u00e7a sementes para um futuro promissor, sem deixar ningu\u00e9m para tr\u00e1s.<\/p>\n\n\n\n<figure class=\"wp-block-image\"><a href=\"https:\/\/agenciadenoticias.ms.gov.br\/wp-content\/uploads\/2024\/10\/IMG_4415-scaled.jpg\"><img decoding=\"async\" src=\"https:\/\/agenciadenoticias.ms.gov.br\/wp-content\/uploads\/2024\/10\/IMG_4415-1024x576.jpg\" alt=\"\"\/><\/a><\/figure>\n","protected":false},"excerpt":{"rendered":"<p>As paredes da Escola Estadual Waldemir Barros da Silva, no bairro Moreninhas, em Campo Grande,&#8230;<\/p>\n","protected":false},"author":13,"featured_media":11757785,"comment_status":"closed","ping_status":"closed","sticky":false,"template":"","format":"standard","meta":{"footnotes":""},"categories":[8,10],"tags":[],"class_list":["post-11757784","post","type-post","status-publish","format-standard","has-post-thumbnail","hentry","category-destaque","category-educacao"],"_links":{"self":[{"href":"https:\/\/www.corumbaonline.com.br\/news\/wp-json\/wp\/v2\/posts\/11757784","targetHints":{"allow":["GET"]}}],"collection":[{"href":"https:\/\/www.corumbaonline.com.br\/news\/wp-json\/wp\/v2\/posts"}],"about":[{"href":"https:\/\/www.corumbaonline.com.br\/news\/wp-json\/wp\/v2\/types\/post"}],"author":[{"embeddable":true,"href":"https:\/\/www.corumbaonline.com.br\/news\/wp-json\/wp\/v2\/users\/13"}],"replies":[{"embeddable":true,"href":"https:\/\/www.corumbaonline.com.br\/news\/wp-json\/wp\/v2\/comments?post=11757784"}],"version-history":[{"count":1,"href":"https:\/\/www.corumbaonline.com.br\/news\/wp-json\/wp\/v2\/posts\/11757784\/revisions"}],"predecessor-version":[{"id":11757787,"href":"https:\/\/www.corumbaonline.com.br\/news\/wp-json\/wp\/v2\/posts\/11757784\/revisions\/11757787"}],"wp:featuredmedia":[{"embeddable":true,"href":"https:\/\/www.corumbaonline.com.br\/news\/wp-json\/wp\/v2\/media\/11757785"}],"wp:attachment":[{"href":"https:\/\/www.corumbaonline.com.br\/news\/wp-json\/wp\/v2\/media?parent=11757784"}],"wp:term":[{"taxonomy":"category","embeddable":true,"href":"https:\/\/www.corumbaonline.com.br\/news\/wp-json\/wp\/v2\/categories?post=11757784"},{"taxonomy":"post_tag","embeddable":true,"href":"https:\/\/www.corumbaonline.com.br\/news\/wp-json\/wp\/v2\/tags?post=11757784"}],"curies":[{"name":"wp","href":"https:\/\/api.w.org\/{rel}","templated":true}]}}