{"id":11757829,"date":"2024-10-29T11:50:00","date_gmt":"2024-10-29T15:50:00","guid":{"rendered":"https:\/\/www.corumbaonline.com.br\/news\/?p=11757829"},"modified":"2024-10-29T14:42:12","modified_gmt":"2024-10-29T18:42:12","slug":"potencialidades-e-vantagens-de-ms-sao-apresentadas-para-empresarios-e-liderancas-em-londres","status":"publish","type":"post","link":"https:\/\/www.corumbaonline.com.br\/news\/potencialidades-e-vantagens-de-ms-sao-apresentadas-para-empresarios-e-liderancas-em-londres\/","title":{"rendered":"Potencialidades e vantagens de MS s\u00e3o apresentadas para empres\u00e1rios e lideran\u00e7as em Londres"},"content":{"rendered":"<p>As potencialidades e vantagens competitivas de Mato Grosso do Sul foram apresentadas pelo governador Eduardo Riedel para empres\u00e1rios de diversos setores durante o &#8216;Lide Brazil Conference&#8217;, que \u00e9 realizado em Londres, capital do Reino Unido. O evento \u00e9 uma realiza\u00e7\u00e3o do Lide (Grupo de L\u00edderes Empresariais) com o jornal Folha de S\u00e3o Paulo e o portal UOL.<\/p>\n<p>Riedel foi um dos conferencistas do painel realizado hoje (29), que debateu oportunidades de investimentos no \u00e2mbito do tema &#8216;agricultura e meio ambiente&#8217;. Os secret\u00e1rios Rodrigo Perez (Segov) e Jaime Verruck (Semadesc) tamb\u00e9m participam do evento, que re\u00fane investidores, empres\u00e1rios e l\u00edderes do Brasil e de outros pa\u00edses.<\/p>\n<p>O Estado desponta com transforma\u00e7\u00f5es em log\u00edstica, gera\u00e7\u00e3o de emprego e melhoria da qualidade de vida e da renda da popula\u00e7\u00e3o. Com foco na seguran\u00e7a alimentar, transi\u00e7\u00e3o energ\u00e9tica, sustentabilidade e inclus\u00e3o social, o Mato Grosso do Sul tem pol\u00edticas p\u00fablicas espec\u00edficas baseadas nos eixos &#8216;digital, verde, pr\u00f3spero e inclusivo&#8217;.<\/p>\n<p><a href=\"https:\/\/agenciadenoticias.ms.gov.br\/wp-content\/uploads\/2024\/10\/Foto-Felipe-Goncalves-LIDE-22-scaled.jpg\"><img loading=\"lazy\" decoding=\"async\" class=\"aligncenter wp-image-494559 size-large\" src=\"https:\/\/agenciadenoticias.ms.gov.br\/wp-content\/uploads\/2024\/10\/Foto-Felipe-Goncalves-LIDE-22-1024x683.jpg\" sizes=\"auto, (max-width: 1024px) 100vw, 1024px\" srcset=\"https:\/\/agenciadenoticias.ms.gov.br\/wp-content\/uploads\/2024\/10\/Foto-Felipe-Goncalves-LIDE-22-1024x683.jpg 1024w, https:\/\/agenciadenoticias.ms.gov.br\/wp-content\/uploads\/2024\/10\/Foto-Felipe-Goncalves-LIDE-22-300x200.jpg 300w, https:\/\/agenciadenoticias.ms.gov.br\/wp-content\/uploads\/2024\/10\/Foto-Felipe-Goncalves-LIDE-22-768x512.jpg 768w, https:\/\/agenciadenoticias.ms.gov.br\/wp-content\/uploads\/2024\/10\/Foto-Felipe-Goncalves-LIDE-22-1536x1024.jpg 1536w, https:\/\/agenciadenoticias.ms.gov.br\/wp-content\/uploads\/2024\/10\/Foto-Felipe-Goncalves-LIDE-22-2048x1365.jpg 2048w, https:\/\/agenciadenoticias.ms.gov.br\/wp-content\/uploads\/2024\/10\/Foto-Felipe-Goncalves-LIDE-22-350x232.jpg 350w, https:\/\/agenciadenoticias.ms.gov.br\/wp-content\/uploads\/2024\/10\/Foto-Felipe-Goncalves-LIDE-22-scaled.jpg 1920w\" alt=\"\" width=\"1024\" height=\"683\" \/><\/a><\/p>\n<p>Grandes empresas mundiais \u2013 Suzano, Eldorado, Bracell, Arauco \u2013 investem na \u00e1rea de florestas plantadas. &#8220;S\u00e3o investimentos robustos dentro do Estado, transformando 1,5 milh\u00e3o de hectares, vindo de pastagem degrada. S\u00e3o mais de 4 milh\u00f5es de hectares que sa\u00edram do sistema produtivo de baixa produtividade, basicamente pecu\u00e1ria extensiva, para sistemas produtivos de alta produtividade, agricultura, floresta plantada, e agora produ\u00e7\u00e3o de citrus, a nova fronteira agr\u00edcola. E todas elas v\u00eam acompanhada da industrializa\u00e7\u00e3o&#8221;, explicou o governador.<\/p>\n<p>A industrializa\u00e7\u00e3o baseada e verde \u00e9 uma das a\u00e7\u00f5es em desenvolvimento no Estado, j\u00e1 com o olhar para as mudan\u00e7as que podem ocorrer no Brasil.<\/p>\n<p>&#8220;A reforma tribut\u00e1ria no Congresso Nacional, talvez v\u00e1 impor uma mudan\u00e7a muito consider\u00e1vel de posicionamento de cada estado. Discuss\u00e3o e incentivo fiscal n\u00e3o ser\u00e3o mais regra para poder atrair investimentos de industrializa\u00e7\u00e3o ou servi\u00e7o. Ser\u00e1 a capacidade que cada estado tem de oferecer infraestrutura, competitividade, e dentro daquilo que naturalmente j\u00e1 se coloca como diferencial para poder oferecer ao empresariado de uma maneira geral&#8221;, disse Riedel.<\/p>\n<p>Com a\u00e7\u00e3o vigorosa para atra\u00e7\u00e3o de ind\u00fastrias, grandes setores se destacam atualmente no Estado. &#8220;Temos quatro grandes setores, o florestal, de bioenergia, citrus e as prote\u00ednas animais, que sempre foi um forte, mas est\u00e1 expandindo agora com as cooperativas do Paran\u00e1, Santa Catarina e Rio Grande do Sul. Com as empresas de transforma\u00e7\u00e3o da pecu\u00e1ria bovina, frango, su\u00edno e o que o Brasil \u00e9 l\u00edder global em produ\u00e7\u00e3o e exporta\u00e7\u00e3o. E o Estado se posicionou dentro deste sistema para poder buscar aquilo que a gente quer ver em qualquer sociedade, que \u00e9 desenvolvimento e inclus\u00e3o social&#8221;, explicou o governador.<\/p>\n<p>Na \u00e1rea da infraestrutura, os projetos est\u00e3o em andamento para melhorar a log\u00edstica e o escoamento produtivo.<\/p>\n<p>&#8220;Os grandes projetos de infraestrutura ter\u00e3o no MS uma carteira extremamente vigorosa. N\u00f3s estamos falando j\u00e1 de R$ 10 bi realizados em concess\u00f5es rodovi\u00e1rias. E t\u00e3o importantes quanto as estradas s\u00e3o as infovias digitais. Ouvimos falar aqui o sucesso brasileiro em rela\u00e7\u00e3o a todas as transa\u00e7\u00f5es digitais e a gente ainda carece de infraestrutura para que isso ocorra de maneira mais c\u00e9lere. E por isso uma PPP que envolve a cobertura dos 79 munic\u00edpios com mais de 7 mil km de fibra \u00f3tica termina este ano. O MS passa a estar absolutamente conectado com o mundo, desde a fazenda, o campo, a digitaliza\u00e7\u00e3o do agro, at\u00e9 as \u00e1reas urbanas e principalmente os servi\u00e7os p\u00fablicos em sa\u00fade, com a telemedicina, em educa\u00e7\u00e3o, dentro da sala de aula, e na seguran\u00e7a p\u00fablica. E os novos projetos que continuam, agora estamos negociando na Bolsa de Valores R$ 5,7 bi para 870 km de rodovias federais e estaduais. E toda uma negocia\u00e7\u00e3o de investimentos em hidrovia, rodovias, ferrovias, que s\u00e3o absolutamente imprescind\u00edveis para o que acontecendo no Estado&#8221;, afirmou Riedel.<\/p>\n<div id=\"gallery-1\" class=\"gallery galleryid-494563 gallery-columns-2 gallery-size-full\">\n<figure class=\"gallery-item\">\n<div class=\"gallery-icon landscape\"><a href=\"https:\/\/agenciadenoticias.ms.gov.br\/wp-content\/uploads\/2024\/10\/Foto-Felipe-Goncalves-LIDE-4-scaled.jpg\"><img loading=\"lazy\" decoding=\"async\" class=\"attachment-full size-full\" src=\"https:\/\/agenciadenoticias.ms.gov.br\/wp-content\/uploads\/2024\/10\/Foto-Felipe-Goncalves-LIDE-4-scaled.jpg\" sizes=\"auto, (max-width: 1920px) 100vw, 1920px\" srcset=\"https:\/\/agenciadenoticias.ms.gov.br\/wp-content\/uploads\/2024\/10\/Foto-Felipe-Goncalves-LIDE-4-scaled.jpg 1920w, https:\/\/agenciadenoticias.ms.gov.br\/wp-content\/uploads\/2024\/10\/Foto-Felipe-Goncalves-LIDE-4-300x200.jpg 300w, https:\/\/agenciadenoticias.ms.gov.br\/wp-content\/uploads\/2024\/10\/Foto-Felipe-Goncalves-LIDE-4-1024x683.jpg 1024w, https:\/\/agenciadenoticias.ms.gov.br\/wp-content\/uploads\/2024\/10\/Foto-Felipe-Goncalves-LIDE-4-768x512.jpg 768w, https:\/\/agenciadenoticias.ms.gov.br\/wp-content\/uploads\/2024\/10\/Foto-Felipe-Goncalves-LIDE-4-1536x1024.jpg 1536w, https:\/\/agenciadenoticias.ms.gov.br\/wp-content\/uploads\/2024\/10\/Foto-Felipe-Goncalves-LIDE-4-2048x1365.jpg 2048w, https:\/\/agenciadenoticias.ms.gov.br\/wp-content\/uploads\/2024\/10\/Foto-Felipe-Goncalves-LIDE-4-350x232.jpg 350w\" alt=\"\" width=\"1920\" height=\"1280\" \/><\/a><\/div>\n<\/figure>\n<figure class=\"gallery-item\">\n<div class=\"gallery-icon landscape\"><a href=\"https:\/\/agenciadenoticias.ms.gov.br\/wp-content\/uploads\/2024\/10\/Foto-Felipe-Goncalves-LIDE-30-1-scaled.jpg\"><img loading=\"lazy\" decoding=\"async\" class=\"attachment-full size-full\" src=\"https:\/\/agenciadenoticias.ms.gov.br\/wp-content\/uploads\/2024\/10\/Foto-Felipe-Goncalves-LIDE-30-1-scaled.jpg\" sizes=\"auto, (max-width: 1920px) 100vw, 1920px\" srcset=\"https:\/\/agenciadenoticias.ms.gov.br\/wp-content\/uploads\/2024\/10\/Foto-Felipe-Goncalves-LIDE-30-1-scaled.jpg 1920w, https:\/\/agenciadenoticias.ms.gov.br\/wp-content\/uploads\/2024\/10\/Foto-Felipe-Goncalves-LIDE-30-1-300x200.jpg 300w, https:\/\/agenciadenoticias.ms.gov.br\/wp-content\/uploads\/2024\/10\/Foto-Felipe-Goncalves-LIDE-30-1-1024x683.jpg 1024w, https:\/\/agenciadenoticias.ms.gov.br\/wp-content\/uploads\/2024\/10\/Foto-Felipe-Goncalves-LIDE-30-1-768x512.jpg 768w, https:\/\/agenciadenoticias.ms.gov.br\/wp-content\/uploads\/2024\/10\/Foto-Felipe-Goncalves-LIDE-30-1-1536x1024.jpg 1536w, https:\/\/agenciadenoticias.ms.gov.br\/wp-content\/uploads\/2024\/10\/Foto-Felipe-Goncalves-LIDE-30-1-2048x1365.jpg 2048w, https:\/\/agenciadenoticias.ms.gov.br\/wp-content\/uploads\/2024\/10\/Foto-Felipe-Goncalves-LIDE-30-1-350x232.jpg 350w\" alt=\"\" width=\"1920\" height=\"1280\" \/><\/a><\/div>\n<\/figure>\n<\/div>\n<p><a href=\"https:\/\/agenciadenoticias.ms.gov.br\/wp-content\/uploads\/2024\/10\/Foto-Felipe-Goncalves-LIDE-20-scaled.jpg\"><img loading=\"lazy\" decoding=\"async\" class=\"aligncenter size-full wp-image-494558\" src=\"https:\/\/agenciadenoticias.ms.gov.br\/wp-content\/uploads\/2024\/10\/Foto-Felipe-Goncalves-LIDE-20-scaled.jpg\" sizes=\"auto, (max-width: 1920px) 100vw, 1920px\" srcset=\"https:\/\/agenciadenoticias.ms.gov.br\/wp-content\/uploads\/2024\/10\/Foto-Felipe-Goncalves-LIDE-20-scaled.jpg 1920w, https:\/\/agenciadenoticias.ms.gov.br\/wp-content\/uploads\/2024\/10\/Foto-Felipe-Goncalves-LIDE-20-300x200.jpg 300w, https:\/\/agenciadenoticias.ms.gov.br\/wp-content\/uploads\/2024\/10\/Foto-Felipe-Goncalves-LIDE-20-1024x683.jpg 1024w, https:\/\/agenciadenoticias.ms.gov.br\/wp-content\/uploads\/2024\/10\/Foto-Felipe-Goncalves-LIDE-20-768x512.jpg 768w, https:\/\/agenciadenoticias.ms.gov.br\/wp-content\/uploads\/2024\/10\/Foto-Felipe-Goncalves-LIDE-20-1536x1024.jpg 1536w, https:\/\/agenciadenoticias.ms.gov.br\/wp-content\/uploads\/2024\/10\/Foto-Felipe-Goncalves-LIDE-20-2048x1365.jpg 2048w, https:\/\/agenciadenoticias.ms.gov.br\/wp-content\/uploads\/2024\/10\/Foto-Felipe-Goncalves-LIDE-20-350x232.jpg 350w\" alt=\"\" width=\"1920\" height=\"1280\" \/><\/a><\/p>\n<p>O resultado dos in\u00fameros investimentos em andamento no Estado \u00e9 o desenvolvimento social. &#8220;No Estado estamos com 3,8, uma das menores taxas de pobreza extrema do pa\u00eds, e ainda assim n\u00f3s vamos perseguir a elimina\u00e7\u00e3o da pobreza extrema no pa\u00eds. N\u00f3s n\u00e3o podemos admitir que num estado como o nosso ainda exista pobreza extrema, n\u00f3s vamos buscar isso atrav\u00e9s da inclus\u00e3o. E um crescimento que se traduz em bem-estar, renda m\u00e9dia maior e elevada para a nossa popula\u00e7\u00e3o de uma maneira geral&#8221;, disse o governador.<\/p>\n<p>Outra grande \u00e1rea de atua\u00e7\u00e3o do Estado \u00e9 o meio ambiente. &#8220;E falando do meio ambiente, n\u00e3o temo como separar desenvolvimento, a economia, do social e do ambiental, conceito cl\u00e1ssico da sustentabilidade. A gente resolveu tamb\u00e9m se posicionar nos tr\u00eas grandes eixos \u00e1gua, biodiversidade, balan\u00e7o de carbono, de uma maneira extremamente proativa e atrelando isso a pol\u00edticas p\u00fablicas que premiem, a pol\u00edticas p\u00fablicas que levem pelo bolso a responsabilidade de todos, que de alguma forma tem uma conex\u00e3o com a preserva\u00e7\u00e3o. Saindo de uma l\u00f3gica punitiva para uma l\u00f3gica de valorizar os ativos ambientais. E a gente tem feio isso de uma maneira a usar diferentes instrumentos, para que a gente possa premiar essas a\u00e7\u00f5es. N\u00f3s estamos falando de induzir e diminuir carga tribut\u00e1ria de sistemas produtivos absolutamente mais eficientes&#8221;, pontuou Riedel.<\/p>\n<p>No primeiro trimestre de 2025, o Governo de MS vai lan\u00e7ar um programa para a preserva\u00e7\u00e3o de biodiversidade no Pantanal.<\/p>\n<p>&#8220;Que \u00e9 o pagamento por servi\u00e7o ambiental a partir dessa l\u00f3gica e dentro da lei, aqueles que resolverem a preservar v\u00e3o ser remunerados por isso tamb\u00e9m. Ent\u00e3o a l\u00f3gica do incentivo, \u00e9 a que vai prevalecer, e por isso n\u00f3s constitu\u00edmos o Fundo Pantanal que tem recebido recursos do Governo, com or\u00e7amento pr\u00f3prio, calibrado, para que a gente fa\u00e7a esta pol\u00edtica. E n\u00f3s vamos caminhar para ter um estado carbono neutro em 2030. E isso tamb\u00e9m \u00e9 um ativo ambiental. Com a contribui\u00e7\u00e3o de todos estes setores e com a indu\u00e7\u00e3o da pol\u00edtica p\u00fablica para chegarmos l\u00e1, n\u00f3s vamos buscar posicionar o MS dentro dessa l\u00f3gica e trazer isso tamb\u00e9m para o ambiente econ\u00f4mico. A remunera\u00e7\u00e3o destes processos para o Estado, transformados em pol\u00edtica p\u00fablica para a sociedade de uma maneira geral. O meio ambiente tamb\u00e9m \u00e9 recurso econ\u00f4mico, assim deve ser para que a gente d\u00ea sustentabilidade para este projeto. O MS est\u00e1 preparado para esta nova onda, esta gera\u00e7\u00e3o, n\u00e3o \u00e9 mais s\u00f3 do Estado, ou do brasil, \u00e9 global&#8221;, finalizou o governador.<\/p>\n","protected":false},"excerpt":{"rendered":"<p>As potencialidades e vantagens competitivas de Mato Grosso do Sul foram apresentadas pelo governador Eduardo&#8230;<\/p>\n","protected":false},"author":13,"featured_media":11757831,"comment_status":"closed","ping_status":"closed","sticky":false,"template":"","format":"standard","meta":{"footnotes":""},"categories":[8,9],"tags":[189],"class_list":["post-11757829","post","type-post","status-publish","format-standard","has-post-thumbnail","hentry","category-destaque","category-economia","tag-economia"],"_links":{"self":[{"href":"https:\/\/www.corumbaonline.com.br\/news\/wp-json\/wp\/v2\/posts\/11757829","targetHints":{"allow":["GET"]}}],"collection":[{"href":"https:\/\/www.corumbaonline.com.br\/news\/wp-json\/wp\/v2\/posts"}],"about":[{"href":"https:\/\/www.corumbaonline.com.br\/news\/wp-json\/wp\/v2\/types\/post"}],"author":[{"embeddable":true,"href":"https:\/\/www.corumbaonline.com.br\/news\/wp-json\/wp\/v2\/users\/13"}],"replies":[{"embeddable":true,"href":"https:\/\/www.corumbaonline.com.br\/news\/wp-json\/wp\/v2\/comments?post=11757829"}],"version-history":[{"count":1,"href":"https:\/\/www.corumbaonline.com.br\/news\/wp-json\/wp\/v2\/posts\/11757829\/revisions"}],"predecessor-version":[{"id":11757832,"href":"https:\/\/www.corumbaonline.com.br\/news\/wp-json\/wp\/v2\/posts\/11757829\/revisions\/11757832"}],"wp:featuredmedia":[{"embeddable":true,"href":"https:\/\/www.corumbaonline.com.br\/news\/wp-json\/wp\/v2\/media\/11757831"}],"wp:attachment":[{"href":"https:\/\/www.corumbaonline.com.br\/news\/wp-json\/wp\/v2\/media?parent=11757829"}],"wp:term":[{"taxonomy":"category","embeddable":true,"href":"https:\/\/www.corumbaonline.com.br\/news\/wp-json\/wp\/v2\/categories?post=11757829"},{"taxonomy":"post_tag","embeddable":true,"href":"https:\/\/www.corumbaonline.com.br\/news\/wp-json\/wp\/v2\/tags?post=11757829"}],"curies":[{"name":"wp","href":"https:\/\/api.w.org\/{rel}","templated":true}]}}