{"id":11757849,"date":"2024-10-30T08:47:00","date_gmt":"2024-10-30T12:47:00","guid":{"rendered":"https:\/\/www.corumbaonline.com.br\/news\/?p=11757849"},"modified":"2024-10-30T10:27:16","modified_gmt":"2024-10-30T14:27:16","slug":"investimento-de-r-13-bi-moderniza-producao-de-etanol-e-reforca-ms-como-referencia-em-bioenergia","status":"publish","type":"post","link":"https:\/\/www.corumbaonline.com.br\/news\/investimento-de-r-13-bi-moderniza-producao-de-etanol-e-reforca-ms-como-referencia-em-bioenergia\/","title":{"rendered":"Investimento de R$ 1,3 bi moderniza produ\u00e7\u00e3o de etanol e refor\u00e7a MS como refer\u00eancia em bioenergia"},"content":{"rendered":"<p>Durante a apresenta\u00e7\u00e3o das possibilidades de investimentos em Mato Grosso do Sul durante o &#8216;Lide Brazil Conference&#8217;, em Londres, capital do Reino Unido, o Governo do Estado recebeu a confirma\u00e7\u00e3o de mais um grande investimento no setor sucroenerg\u00e9tico: R$ 1,3 bilh\u00e3o para a ampliar e modernizar a produ\u00e7\u00e3o da usina da Ra\u00edzen em Caarap\u00f3, no sul do Estado.<\/p>\n<p>Parte do grupo Cosan, conglomerado brasileiro com neg\u00f3cios nas \u00e1reas de a\u00e7\u00facar, \u00e1lcool, energia, lubrificantes e log\u00edstica, a Ra\u00edzen vai investir na produ\u00e7\u00e3o do chamado etanol de segunda gera\u00e7\u00e3o, biocombust\u00edvel avan\u00e7ado feito a partir dos res\u00edduos restantes do processo de fabrica\u00e7\u00e3o do etanol comum, chamado etanol de primeira gera\u00e7\u00e3o.<\/p>\n<p>Captado durante no MS Day em agosto de 2023, o investimento agora confirmado pela alta c\u00fapula da empresa refor\u00e7a o potencial sul-mato-grossense para receber novos investimentos e sua refer\u00eancia para o momento de transi\u00e7\u00e3o energ\u00e9tica que emerge globalmente.<\/p>\n<p>&#8220;Em reuni\u00e3o com o vice-presidente de Rela\u00e7\u00f5es Institucionais da Cosan, Claudio Oliveira, ele confirmou o investimento de R$ 1,3 bilh\u00e3o em Caarap\u00f3, que vai aumentar o n\u00famero de empregos, de renda para o Estado, renda para as pessoas e principalmente para o desenvolvimento do munic\u00edpio [de Carrap\u00f3] e toda a regi\u00e3o&#8221;, frisa o governador Eduardo Riedel.<\/p>\n<p>O chefe do Executivo de Mato Grosso do Sul ainda completa que &#8220;foi uma reuni\u00e3o muito produtiva e a gente tem a capacidade de mostrar o Mato Grosso do Sul para investidores do Brasil e de fora, dentro dessa linha de gera\u00e7\u00e3o de energia, transi\u00e7\u00e3o energ\u00e9tica e de produ\u00e7\u00e3o de alimentos que vem crescendo e se desenvolvendo cada vez mais&#8221;.<\/p>\n<div id=\"gallery-1\" class=\"gallery galleryid-494601 gallery-columns-2 gallery-size-large\">\n<figure class=\"gallery-item\">\n<div class=\"gallery-icon landscape\"><a href=\"https:\/\/agenciadenoticias.ms.gov.br\/wp-content\/uploads\/2024\/10\/Lide-em-Londres-VP-da-Cosan-Claudio-Oliveira-Foto-Felipe-Goncalves-LIDE-e1730238730259.jpeg\"><img loading=\"lazy\" decoding=\"async\" class=\"attachment-large size-large\" src=\"https:\/\/agenciadenoticias.ms.gov.br\/wp-content\/uploads\/2024\/10\/Lide-em-Londres-VP-da-Cosan-Claudio-Oliveira-Foto-Felipe-Goncalves-LIDE-e1730238730259-1024x721.jpeg\" sizes=\"auto, (max-width: 1024px) 100vw, 1024px\" srcset=\"https:\/\/agenciadenoticias.ms.gov.br\/wp-content\/uploads\/2024\/10\/Lide-em-Londres-VP-da-Cosan-Claudio-Oliveira-Foto-Felipe-Goncalves-LIDE-e1730238730259-1024x721.jpeg 1024w, https:\/\/agenciadenoticias.ms.gov.br\/wp-content\/uploads\/2024\/10\/Lide-em-Londres-VP-da-Cosan-Claudio-Oliveira-Foto-Felipe-Goncalves-LIDE-e1730238730259-300x211.jpeg 300w, https:\/\/agenciadenoticias.ms.gov.br\/wp-content\/uploads\/2024\/10\/Lide-em-Londres-VP-da-Cosan-Claudio-Oliveira-Foto-Felipe-Goncalves-LIDE-e1730238730259-768x541.jpeg 768w, https:\/\/agenciadenoticias.ms.gov.br\/wp-content\/uploads\/2024\/10\/Lide-em-Londres-VP-da-Cosan-Claudio-Oliveira-Foto-Felipe-Goncalves-LIDE-e1730238730259-341x240.jpeg 341w, https:\/\/agenciadenoticias.ms.gov.br\/wp-content\/uploads\/2024\/10\/Lide-em-Londres-VP-da-Cosan-Claudio-Oliveira-Foto-Felipe-Goncalves-LIDE-e1730238730259.jpeg 1514w\" alt=\"\" width=\"1024\" height=\"721\" \/><\/a><\/div>\n<\/figure>\n<figure class=\"gallery-item\">\n<div class=\"gallery-icon landscape\"><a href=\"https:\/\/agenciadenoticias.ms.gov.br\/wp-content\/uploads\/2024\/10\/Foto-Felipe-Goncalves-LIDE-25-scaled.jpg\"><img loading=\"lazy\" decoding=\"async\" class=\"attachment-large size-large\" src=\"https:\/\/agenciadenoticias.ms.gov.br\/wp-content\/uploads\/2024\/10\/Foto-Felipe-Goncalves-LIDE-25-1024x718.jpg\" sizes=\"auto, (max-width: 1024px) 100vw, 1024px\" srcset=\"https:\/\/agenciadenoticias.ms.gov.br\/wp-content\/uploads\/2024\/10\/Foto-Felipe-Goncalves-LIDE-25-1024x718.jpg 1024w, https:\/\/agenciadenoticias.ms.gov.br\/wp-content\/uploads\/2024\/10\/Foto-Felipe-Goncalves-LIDE-25-300x210.jpg 300w, https:\/\/agenciadenoticias.ms.gov.br\/wp-content\/uploads\/2024\/10\/Foto-Felipe-Goncalves-LIDE-25-768x539.jpg 768w, https:\/\/agenciadenoticias.ms.gov.br\/wp-content\/uploads\/2024\/10\/Foto-Felipe-Goncalves-LIDE-25-1536x1077.jpg 1536w, https:\/\/agenciadenoticias.ms.gov.br\/wp-content\/uploads\/2024\/10\/Foto-Felipe-Goncalves-LIDE-25-2048x1437.jpg 2048w, https:\/\/agenciadenoticias.ms.gov.br\/wp-content\/uploads\/2024\/10\/Foto-Felipe-Goncalves-LIDE-25-342x240.jpg 342w, https:\/\/agenciadenoticias.ms.gov.br\/wp-content\/uploads\/2024\/10\/Foto-Felipe-Goncalves-LIDE-25-scaled.jpg 1920w\" alt=\"\" width=\"1024\" height=\"718\" \/><\/a><\/div>\n<\/figure>\n<\/div>\n<p><em>Claudio Oliveira e Eduardo Riedel durante o Lide Brazil Conference, em Londres<\/em><\/p>\n<p>&#8220;N\u00f3s temos um projeto de nove plantas. J\u00e1 temos duas em opera\u00e7\u00e3o e quatro que est\u00e3o em constru\u00e7\u00e3o. E naturalmente temos mais tr\u00eas que v\u00e3o entrar em constru\u00e7\u00e3o e uma delas em Mato Grosso do Sul&#8221;, afirmou Claudio Oliveira sobre os investimentos da Cosan e da Ra\u00edzen.<\/p>\n<p>O etanol de segunda gera\u00e7\u00e3o, basicamente, explica o governador Eduardo Riedel, \u00e9 o uso do baga\u00e7o de cana para produzir etanol. Isso ser\u00e1 feito na mesma planta da Ra\u00edzen j\u00e1 existente em Caarap\u00f3, e significa mais 88 milh\u00f5es de litros e uma consider\u00e1vel descarboniza\u00e7\u00e3o em toda a cadeia produtiva sem precisar aumentar a \u00e1rea plantada.<\/p>\n<p><strong>Lide em Londres<\/strong><\/p>\n<p>As potencialidades e vantagens competitivas de Mato Grosso do Sul foram apresentadas nesta ter\u00e7a-feira (29) pelo governador para empres\u00e1rios de diversos setores durante o f\u00f3rum do Lide (Grupo de L\u00edderes Empresariais), realizado em Londres pelo grupo em parceria com o jornal Folha de S\u00e3o Paulo e tamb\u00e9m com o portal de conte\u00fado UOL.<\/p>\n<p>Riedel foi um dos conferencistas do painel que debateu oportunidades de investimentos no \u00e2mbito do tema &#8216;agricultura e meio ambiente&#8217;. Os secret\u00e1rios Rodrigo Perez (Governo e Gest\u00e3o Estrat\u00e9gica) e Jaime Verruck (Meio Ambiente, Desenvolvimento e Inova\u00e7\u00e3o) tamb\u00e9m participaram do evento, que re\u00fane investidores, empres\u00e1rios e l\u00edderes do Brasil e de outros pa\u00edses.<\/p>\n","protected":false},"excerpt":{"rendered":"<p>Durante a apresenta\u00e7\u00e3o das possibilidades de investimentos em Mato Grosso do Sul durante o &#8216;Lide&#8230;<\/p>\n","protected":false},"author":13,"featured_media":11757850,"comment_status":"closed","ping_status":"closed","sticky":false,"template":"","format":"standard","meta":{"footnotes":""},"categories":[8,9],"tags":[189],"class_list":["post-11757849","post","type-post","status-publish","format-standard","has-post-thumbnail","hentry","category-destaque","category-economia","tag-economia"],"_links":{"self":[{"href":"https:\/\/www.corumbaonline.com.br\/news\/wp-json\/wp\/v2\/posts\/11757849","targetHints":{"allow":["GET"]}}],"collection":[{"href":"https:\/\/www.corumbaonline.com.br\/news\/wp-json\/wp\/v2\/posts"}],"about":[{"href":"https:\/\/www.corumbaonline.com.br\/news\/wp-json\/wp\/v2\/types\/post"}],"author":[{"embeddable":true,"href":"https:\/\/www.corumbaonline.com.br\/news\/wp-json\/wp\/v2\/users\/13"}],"replies":[{"embeddable":true,"href":"https:\/\/www.corumbaonline.com.br\/news\/wp-json\/wp\/v2\/comments?post=11757849"}],"version-history":[{"count":1,"href":"https:\/\/www.corumbaonline.com.br\/news\/wp-json\/wp\/v2\/posts\/11757849\/revisions"}],"predecessor-version":[{"id":11757852,"href":"https:\/\/www.corumbaonline.com.br\/news\/wp-json\/wp\/v2\/posts\/11757849\/revisions\/11757852"}],"wp:featuredmedia":[{"embeddable":true,"href":"https:\/\/www.corumbaonline.com.br\/news\/wp-json\/wp\/v2\/media\/11757850"}],"wp:attachment":[{"href":"https:\/\/www.corumbaonline.com.br\/news\/wp-json\/wp\/v2\/media?parent=11757849"}],"wp:term":[{"taxonomy":"category","embeddable":true,"href":"https:\/\/www.corumbaonline.com.br\/news\/wp-json\/wp\/v2\/categories?post=11757849"},{"taxonomy":"post_tag","embeddable":true,"href":"https:\/\/www.corumbaonline.com.br\/news\/wp-json\/wp\/v2\/tags?post=11757849"}],"curies":[{"name":"wp","href":"https:\/\/api.w.org\/{rel}","templated":true}]}}