{"id":11759639,"date":"2024-12-12T16:57:57","date_gmt":"2024-12-12T20:57:57","guid":{"rendered":"https:\/\/www.corumbaonline.com.br\/news\/?p=11759639"},"modified":"2024-12-12T16:57:59","modified_gmt":"2024-12-12T20:57:59","slug":"no-primeiro-ano-como-deputado-caravina-se-destaca-pela-atuacao-e-produtividade-legislativa","status":"publish","type":"post","link":"https:\/\/www.corumbaonline.com.br\/news\/no-primeiro-ano-como-deputado-caravina-se-destaca-pela-atuacao-e-produtividade-legislativa\/","title":{"rendered":"No primeiro ano como deputado, Caravina se destaca pela atua\u00e7\u00e3o e produtividade legislativa"},"content":{"rendered":"<p>O deputado Pedro Caravina (PSDB), se destacou, neste ano de 2024, ocupando um espa\u00e7o de representa\u00e7\u00e3o na Assembleia Legislativa do Mato Grosso do Sul (ALEMS) e trabalhando com foco na propositura de diversas mat\u00e9rias de interesse p\u00fablico.<\/p>\n<p>Este \u00e9 o primeiro ano de Caravina atuando na Assembleia Legislativa, eleito nas elei\u00e7\u00f5es de 2022, o deputado tomou posse em 2023 e se licencenciou para exercer o cargo de Secret\u00e1rio de Governo, da gest\u00e3o Eduardo Riedel, retornando para Assembleia em fevereiro deste ano.<\/p>\n<p>Em menos de um ano no exerc\u00edcio do mandato, o parlamentar apresentou 10 Projetos de Lei; 8 Projetos de Resolu\u00e7\u00e3o Legislativa, 109 indica\u00e7\u00f5es, mo\u00e7\u00f5es e requerimentos e emitiu 97 pareceres nas comiss\u00f5es. \u201cNosso compromisso com o trabalho legislativo reflete n\u00e3o apenas na quantidade dos projetos e indica\u00e7\u00f5es apresentados. Procuramos, principalmente, apresentar iniciativas de qualidade, abordando quest\u00f5es cruciais para a melhoria da qualidade de vida das pessoas e para o desenvolvimento do Mato Grosso do Sul\u201d, afirmou o deputado.<\/p>\n<p>Caravina focou sua atua\u00e7\u00e3o parlamentar na defesa dos munic\u00edpios; na amplia\u00e7\u00e3o ao acesso \u00e0 Sa\u00fade, al\u00e9m do fortalecimento das for\u00e7as policiais e da valoriza\u00e7\u00e3o do funcionalismo p\u00fablico.<\/p>\n<p>Mandato Municipalista<br \/>\nCom a experi\u00eancia de j\u00e1 ter sido prefeito e presidente da Assomasul, Caravina tem trabalhado para buscar encurtar a dist\u00e2ncia entre os munic\u00edpios e o Estado, contribuindo por meio de um mandato municipalista e receptivo as demandas individuais apresentadas pelos representantes do povo.<\/p>\n<p>Uma de suas primeiras a\u00e7\u00f5es como deputado Estadual, foi criar a Frente Parlamentar Municipalista, importante instrumento de fortalecimento desse municipalismo, atrav\u00e9s do di\u00e1logo com a classe pol\u00edtica dos munic\u00edpios e a interlocu\u00e7\u00e3o com o Governo do Estado.<\/p>\n<p>Investimentos nos munic\u00edpios<\/p>\n<p>Atrav\u00e9s de emenda do pr\u00f3prio mandato e de uma parceria uma parceria com a Senadora Soraya Thronicke (Podemos), foram destinados mais de R$ 31 milh\u00f5es para investimentos nas \u00e1reas de sa\u00fade, assist\u00eancia social, educa\u00e7\u00e3o, cultura, esporte e infraestrutura. Os recursos foram enviados diretamente para 42 munic\u00edpios e 32 entidades e organiza\u00e7\u00f5es sociais, beneficiando milhares de pessoas e fazendo a diferen\u00e7a pra quem est\u00e1 na ponta.<\/p>\n<p>Funcionalismo e Seguran\u00e7a P\u00fablica<\/p>\n<p>Como membro da CCJR, Caravina desempenhou um papel de destaque na comiss\u00e3o, votando e relatando in\u00fameros projetos de leis. Foi ele o relator do PL que permitiu incluir candidatos com diploma de tecn\u00f3logo no concurso p\u00fablico da Pol\u00edcia Civil, do PL que concedeu benef\u00edcio de assist\u00eancia m\u00e9dico-social, no valor de R$ 300,00, aos aposentados e pensionistas do MSPREV, do PL que garantiu o direito o direito \u00e0 integralidade e \u00e0 paridade dos proventos de aposentadoria volunt\u00e1ria da Pol\u00edcia Civil, al\u00e9m do PL que garantiu a incorpora\u00e7\u00e3o do salarial aos Agentes de Pol\u00edcia e foi pe\u00e7a fundamental na aprova\u00e7\u00e3o do projeto de lei de unifica\u00e7\u00e3o das carreiras de peritos, tornando os Peritos papiloscopistas, peritos oficiais.<\/p>\n<p>Pro\u00edbe constru\u00e7\u00e3o de rodovias sem acostamento no MS<\/p>\n<p>Caravina \u00e9 autor do projeto de lei que estabelece a obrigatoriedade de previs\u00e3o de acostamentos na elabora\u00e7\u00e3o e contrata\u00e7\u00e3o de projetos de engenharia para obras de pavimenta\u00e7\u00e3o asf\u00e1ltica em rodovias estaduais. De acordo com o texto aprovado pelos deputados, e que segue para san\u00e7\u00e3o do governador Eduardo Riedel (PSDB), os projetos de engenharia para pavimenta\u00e7\u00e3o asf\u00e1ltica de rodovias estaduais, sejam elas concedidas \u00e0 iniciativa privada ou n\u00e3o, dever\u00e3o incluir acostamentos laterais em ambos os lados da via.<\/p>\n","protected":false},"excerpt":{"rendered":"<p>O deputado Pedro Caravina (PSDB), se destacou, neste ano de 2024, ocupando um espa\u00e7o de&#8230;<\/p>\n","protected":false},"author":6,"featured_media":11759641,"comment_status":"closed","ping_status":"closed","sticky":false,"template":"","format":"standard","meta":{"footnotes":""},"categories":[19],"tags":[188],"class_list":["post-11759639","post","type-post","status-publish","format-standard","has-post-thumbnail","hentry","category-politica","tag-politica"],"_links":{"self":[{"href":"https:\/\/www.corumbaonline.com.br\/news\/wp-json\/wp\/v2\/posts\/11759639","targetHints":{"allow":["GET"]}}],"collection":[{"href":"https:\/\/www.corumbaonline.com.br\/news\/wp-json\/wp\/v2\/posts"}],"about":[{"href":"https:\/\/www.corumbaonline.com.br\/news\/wp-json\/wp\/v2\/types\/post"}],"author":[{"embeddable":true,"href":"https:\/\/www.corumbaonline.com.br\/news\/wp-json\/wp\/v2\/users\/6"}],"replies":[{"embeddable":true,"href":"https:\/\/www.corumbaonline.com.br\/news\/wp-json\/wp\/v2\/comments?post=11759639"}],"version-history":[{"count":1,"href":"https:\/\/www.corumbaonline.com.br\/news\/wp-json\/wp\/v2\/posts\/11759639\/revisions"}],"predecessor-version":[{"id":11759642,"href":"https:\/\/www.corumbaonline.com.br\/news\/wp-json\/wp\/v2\/posts\/11759639\/revisions\/11759642"}],"wp:featuredmedia":[{"embeddable":true,"href":"https:\/\/www.corumbaonline.com.br\/news\/wp-json\/wp\/v2\/media\/11759641"}],"wp:attachment":[{"href":"https:\/\/www.corumbaonline.com.br\/news\/wp-json\/wp\/v2\/media?parent=11759639"}],"wp:term":[{"taxonomy":"category","embeddable":true,"href":"https:\/\/www.corumbaonline.com.br\/news\/wp-json\/wp\/v2\/categories?post=11759639"},{"taxonomy":"post_tag","embeddable":true,"href":"https:\/\/www.corumbaonline.com.br\/news\/wp-json\/wp\/v2\/tags?post=11759639"}],"curies":[{"name":"wp","href":"https:\/\/api.w.org\/{rel}","templated":true}]}}