{"id":11760406,"date":"2025-01-09T09:33:00","date_gmt":"2025-01-09T13:33:00","guid":{"rendered":"https:\/\/www.corumbaonline.com.br\/news\/?p=11760406"},"modified":"2025-01-09T11:31:53","modified_gmt":"2025-01-09T15:31:53","slug":"periodo-de-pre-matriculas-na-rede-estadual-termina-e-lista-de-designacao-estara-disponivel-dia-12","status":"publish","type":"post","link":"https:\/\/www.corumbaonline.com.br\/news\/periodo-de-pre-matriculas-na-rede-estadual-termina-e-lista-de-designacao-estara-disponivel-dia-12\/","title":{"rendered":"Per\u00edodo de pr\u00e9-matr\u00edculas na rede estadual termina e lista de designa\u00e7\u00e3o estar\u00e1 dispon\u00edvel dia 12"},"content":{"rendered":"<p>Terminou quarta-feira (8) a primeira etapa de pr\u00e9-matr\u00edculas da REE (Rede Estadual de Ensino). O per\u00edodo foi destinado \u00e0queles que desejavam garantir a vaga em uma das 348 unidades escolares da Rede para o Ano Letivo de 2025.<\/p>\n<p>A pr\u00f3xima etapa \u00e9 confirmar a designa\u00e7\u00e3o dos estudantes, ou seja, verificar em qual unidade escolar o aluno estar\u00e1 em 2025. A lista, com os nomes dos estudantes e unidades escolares, estar\u00e1 dispon\u00edvel no site da Matr\u00edcula Digital no dia 12 de janeiro.<\/p>\n<p>A dona de casa Jovenilda Rodrigues Barbosa, compareceu \u00e0 Central de Matr\u00edculas no \u00faltimo dia, acompanhada da neta Maria Vit\u00f3ria Campos de Santana, que terminou o Ensino Fundamental e deseja ingressar na REE. De acordo com a neta, elas nem sabiam que nesta quarta-feira era o \u00faltimo dia, foi a correria do final do ano e as f\u00e9rias que fizeram com que s\u00f3 procurassem a central no dia 8.<\/p>\n<p>\u201cFomos muito bem atendidas, nos explicaram direitinho o processo\u201d, disse Maria Vit\u00f3ria. \u201cViemos aqui e n\u00e3o ficou nenhuma d\u00favida, agora s\u00f3 esperar o dia 12 para saber para qual escola ela vai\u201d, concluiu Jovenilda.<\/p>\n<div id=\"gallery-1\" class=\"gallery galleryid-500532 gallery-columns-1 gallery-size-large\">\n<figure class=\"gallery-item\">\n<div class=\"gallery-icon landscape\"><a href=\"https:\/\/agenciadenoticias.ms.gov.br\/wp-content\/uploads\/2025\/01\/Jovenilda-e-neta-scaled.jpg\"><img loading=\"lazy\" decoding=\"async\" class=\"attachment-large size-large\" src=\"https:\/\/agenciadenoticias.ms.gov.br\/wp-content\/uploads\/2025\/01\/Jovenilda-e-neta-1024x564.jpg\" sizes=\"auto, (max-width: 1024px) 100vw, 1024px\" srcset=\"https:\/\/agenciadenoticias.ms.gov.br\/wp-content\/uploads\/2025\/01\/Jovenilda-e-neta-1024x564.jpg 1024w, https:\/\/agenciadenoticias.ms.gov.br\/wp-content\/uploads\/2025\/01\/Jovenilda-e-neta-300x165.jpg 300w, https:\/\/agenciadenoticias.ms.gov.br\/wp-content\/uploads\/2025\/01\/Jovenilda-e-neta-768x423.jpg 768w, https:\/\/agenciadenoticias.ms.gov.br\/wp-content\/uploads\/2025\/01\/Jovenilda-e-neta-1536x846.jpg 1536w, https:\/\/agenciadenoticias.ms.gov.br\/wp-content\/uploads\/2025\/01\/Jovenilda-e-neta-2048x1129.jpg 2048w, https:\/\/agenciadenoticias.ms.gov.br\/wp-content\/uploads\/2025\/01\/Jovenilda-e-neta-350x193.jpg 350w, https:\/\/agenciadenoticias.ms.gov.br\/wp-content\/uploads\/2025\/01\/Jovenilda-e-neta-scaled.jpg 1920w\" alt=\"\" width=\"1024\" height=\"564\" \/><\/a><\/div>\n<\/figure>\n<\/div>\n<p>O per\u00edodo de pr\u00e9-matr\u00edcula foi aberto no dia 11 de novembro de 2024, e \u00e9 v\u00e1lido para estudantes que j\u00e1 fazem parte de REE ou para aqueles que desejam ingressar na Rede Estadual.<\/p>\n<p>Com o encerramento da 1\u00aa etapa de pr\u00e9-matr\u00edcula, os pais\/respons\u00e1veis poder\u00e3o consultar a lista de designa\u00e7\u00e3o, com os nomes dos estudantes de acordo com as unidades escolares desejadas, no site da Matr\u00edcula Digital, que estar\u00e1 dispon\u00edvel no dia 12 de janeiro.<\/p>\n<p>O per\u00edodo para efetiva\u00e7\u00e3o da matr\u00edcula, v\u00e1lido para os estudantes presentes na lista designa\u00e7\u00e3o, ser\u00e1 entre os dias 13 e 17 de janeiro.<\/p>\n<p>Cleonice da Silva Ferreira deixou para o \u00faltimo dia para realizar a pr\u00e9-matr\u00edcula de dois filhos, para o 7\u00ba e 8\u00ba, os dois tem prefer\u00eancia de estudar na EE H\u00e9rcules Maymone. \u201cQue bom que deu tudo certo, fui bem atendida e agora preciso aguardar dia 12 para ver a designa\u00e7\u00e3o deles\u201d, disse Cleonice.<\/p>\n<div id=\"gallery-2\" class=\"gallery galleryid-500532 gallery-columns-1 gallery-size-large\">\n<figure class=\"gallery-item\">\n<div class=\"gallery-icon landscape\"><a href=\"https:\/\/agenciadenoticias.ms.gov.br\/wp-content\/uploads\/2025\/01\/Cleonice-scaled.jpg\"><img loading=\"lazy\" decoding=\"async\" class=\"attachment-large size-large\" src=\"https:\/\/agenciadenoticias.ms.gov.br\/wp-content\/uploads\/2025\/01\/Cleonice-1024x577.jpg\" sizes=\"auto, (max-width: 1024px) 100vw, 1024px\" srcset=\"https:\/\/agenciadenoticias.ms.gov.br\/wp-content\/uploads\/2025\/01\/Cleonice-1024x577.jpg 1024w, https:\/\/agenciadenoticias.ms.gov.br\/wp-content\/uploads\/2025\/01\/Cleonice-300x169.jpg 300w, https:\/\/agenciadenoticias.ms.gov.br\/wp-content\/uploads\/2025\/01\/Cleonice-768x432.jpg 768w, https:\/\/agenciadenoticias.ms.gov.br\/wp-content\/uploads\/2025\/01\/Cleonice-1536x865.jpg 1536w, https:\/\/agenciadenoticias.ms.gov.br\/wp-content\/uploads\/2025\/01\/Cleonice-2048x1153.jpg 2048w, https:\/\/agenciadenoticias.ms.gov.br\/wp-content\/uploads\/2025\/01\/Cleonice-350x197.jpg 350w, https:\/\/agenciadenoticias.ms.gov.br\/wp-content\/uploads\/2025\/01\/Cleonice-scaled.jpg 1920w\" alt=\"\" width=\"1024\" height=\"577\" \/><\/a><\/div>\n<\/figure>\n<\/div>\n<p><strong>Atendimento<\/strong><\/p>\n<p>Ao todo, s\u00e3o 210 mil vagas dispon\u00edveis em 348 unidades escolares presentes em todos os munic\u00edpios de Mato Grosso do Sul, al\u00e9m de 120 extens\u00f5es.<\/p>\n<p>Entre as novidades deste ano est\u00e1 a amplia\u00e7\u00e3o da oferta de vagas para o Ensino em Tempo Integral em todo o Estado. Ser\u00e3o 12 mil novas vagas, com destaque para turmas de Ensino Fundamental \u2013 Anos Iniciais e Finais \u2013 iniciativa j\u00e1 colocada em pr\u00e1tica em 2024 e que visa auxiliar as redes municipais na distribui\u00e7\u00e3o de vagas para a Educa\u00e7\u00e3o Infantil.<\/p>\n<p><strong>Ensino em Tempo Integral<\/strong><\/p>\n<p>Em expans\u00e3o nos \u00faltimos anos, em 2025 a oferta do Ensino em Tempo Integral na REE estar\u00e1 presente em 62% das escolas. Com o aumento no n\u00famero de vagas, o total de estudantes matriculados nessas turmas poder\u00e1 chegar \u00e0 marca de 52 mil.<\/p>\n<p><strong>Calend\u00e1rio<\/strong><\/p>\n<p>Conforme publica\u00e7\u00e3o j\u00e1 dispon\u00edvel no site da SED (Secretaria de Estado de Educa\u00e7\u00e3o), a volta \u00e0s aulas para os estudantes da REE ser\u00e1 no dia 17 de fevereiro, entretanto, o in\u00edcio do Ano Letivo de 2025 ser\u00e1 no dia 07 de fevereiro, com as a\u00e7\u00f5es de forma\u00e7\u00e3o dos profissionais antes do retorno dos estudantes, no per\u00edodo conhecido como Jornada Formativa.<\/p>\n","protected":false},"excerpt":{"rendered":"<p>Terminou quarta-feira (8) a primeira etapa de pr\u00e9-matr\u00edculas da REE (Rede Estadual de Ensino). O&#8230;<\/p>\n","protected":false},"author":13,"featured_media":11760408,"comment_status":"closed","ping_status":"closed","sticky":false,"template":"","format":"standard","meta":{"footnotes":""},"categories":[8,10],"tags":[194],"class_list":["post-11760406","post","type-post","status-publish","format-standard","has-post-thumbnail","hentry","category-destaque","category-educacao","tag-educacao"],"_links":{"self":[{"href":"https:\/\/www.corumbaonline.com.br\/news\/wp-json\/wp\/v2\/posts\/11760406","targetHints":{"allow":["GET"]}}],"collection":[{"href":"https:\/\/www.corumbaonline.com.br\/news\/wp-json\/wp\/v2\/posts"}],"about":[{"href":"https:\/\/www.corumbaonline.com.br\/news\/wp-json\/wp\/v2\/types\/post"}],"author":[{"embeddable":true,"href":"https:\/\/www.corumbaonline.com.br\/news\/wp-json\/wp\/v2\/users\/13"}],"replies":[{"embeddable":true,"href":"https:\/\/www.corumbaonline.com.br\/news\/wp-json\/wp\/v2\/comments?post=11760406"}],"version-history":[{"count":1,"href":"https:\/\/www.corumbaonline.com.br\/news\/wp-json\/wp\/v2\/posts\/11760406\/revisions"}],"predecessor-version":[{"id":11760409,"href":"https:\/\/www.corumbaonline.com.br\/news\/wp-json\/wp\/v2\/posts\/11760406\/revisions\/11760409"}],"wp:featuredmedia":[{"embeddable":true,"href":"https:\/\/www.corumbaonline.com.br\/news\/wp-json\/wp\/v2\/media\/11760408"}],"wp:attachment":[{"href":"https:\/\/www.corumbaonline.com.br\/news\/wp-json\/wp\/v2\/media?parent=11760406"}],"wp:term":[{"taxonomy":"category","embeddable":true,"href":"https:\/\/www.corumbaonline.com.br\/news\/wp-json\/wp\/v2\/categories?post=11760406"},{"taxonomy":"post_tag","embeddable":true,"href":"https:\/\/www.corumbaonline.com.br\/news\/wp-json\/wp\/v2\/tags?post=11760406"}],"curies":[{"name":"wp","href":"https:\/\/api.w.org\/{rel}","templated":true}]}}