{"id":11760437,"date":"2025-01-09T15:15:23","date_gmt":"2025-01-09T19:15:23","guid":{"rendered":"https:\/\/www.corumbaonline.com.br\/news\/?p=11760437"},"modified":"2025-01-09T15:15:26","modified_gmt":"2025-01-09T19:15:26","slug":"governo-pagara-r-60-mil-a-familias-de-criancas-afetadas-pelo-zika","status":"publish","type":"post","link":"https:\/\/www.corumbaonline.com.br\/news\/governo-pagara-r-60-mil-a-familias-de-criancas-afetadas-pelo-zika\/","title":{"rendered":"Governo pagar\u00e1 R$ 60 mil a fam\u00edlias de crian\u00e7as afetadas pelo Zika"},"content":{"rendered":"\n<p>Medida provis\u00f3ria<a href=\"https:\/\/www.in.gov.br\/web\/dou\/-\/medida-provisoria-n-1.287-de-8-de-janeiro-de-2025-606170755\" target=\"_blank\" rel=\"noreferrer noopener\">&nbsp;publicada nesta quinta-feira (9) no&nbsp;<em>Di\u00e1rio Oficial da Uni\u00e3o<\/em><\/a>&nbsp;autoriza o pagamento, por parte do governo federal, de indeniza\u00e7\u00e3o no valor de R$ 60 mil para fam\u00edlias de crian\u00e7as com defici\u00eancia causada por infec\u00e7\u00e3o pelo v\u00edrus&nbsp;<em>Zika<\/em>.<img decoding=\"async\" src=\"https:\/\/agenciabrasil.ebc.com.br\/ebc.png?id=1626363&amp;o=node\"><img decoding=\"async\" src=\"https:\/\/agenciabrasil.ebc.com.br\/ebc.gif?id=1626363&amp;o=node\"><\/p>\n\n\n\n<p>\u201cFica institu\u00eddo apoio financeiro \u00e0 pessoa nascida entre 1\u00ba de janeiro de 2015 e 31 de dezembro de 2024, com defici\u00eancia decorrente de s\u00edndrome cong\u00eanita causada pela infec\u00e7\u00e3o da genitora pelo v\u00edrus\u00a0<em>Zika<\/em>\u00a0durante a gesta\u00e7\u00e3o.\u201d<\/p>\n\n\n\n<p>De acordo com o texto, o requerimento da indeniza\u00e7\u00e3o dever\u00e1 ser feito ao Instituto Nacional do Seguro Social (INSS), sendo obrigat\u00f3ria a constata\u00e7\u00e3o da rela\u00e7\u00e3o entre a s\u00edndrome cong\u00eanita e a contamina\u00e7\u00e3o da m\u00e3e pelo&nbsp;<em>Zika<\/em>&nbsp;durante a gesta\u00e7\u00e3o; e da defici\u00eancia.<\/p>\n\n\n\n<p>A publica\u00e7\u00e3o cita ainda que o pagamento do valor n\u00e3o ser\u00e1 considerado para fins de c\u00e1lculo de renda m\u00ednima destinado \u00e0 perman\u00eancia da pessoa no Cadastro \u00danico para Programas Sociais do Governo Federal (Cad\u00danico); \u00e0 elegibilidade para o recebimento do benef\u00edcio de presta\u00e7\u00e3o continuada; e \u00e0 transfer\u00eancia de renda do Programa Bolsa Fam\u00edlia.<\/p>\n\n\n\n<p>\u201cO apoio financeiro de que trata esta medida provis\u00f3ria, ressalvado o direito de op\u00e7\u00e3o, n\u00e3o \u00e9 acumul\u00e1vel com qualquer indeniza\u00e7\u00e3o da mesma natureza concedida por decis\u00e3o judicial.\u201d<\/p>\n\n\n\n<p>As despesas decorrentes do pagamento da indeniza\u00e7\u00e3o, segundo o texto, correr\u00e3o \u00e0 conta do programa or\u00e7ament\u00e1rio Indeniza\u00e7\u00f5es e Pens\u00f5es Especiais de Responsabilidade da Uni\u00e3o.<\/p>\n\n\n\n<p>A medida provis\u00f3ria tem validade a partir do momento em que \u00e9 publicada, mas precisa ser aprovada pelos plen\u00e1rios da C\u00e2mara dos Deputados e do Senado para se tornar lei. O prazo de vig\u00eancia da MP \u00e9 de at\u00e9 120 dias.<\/p>\n\n\n\n<p><strong>Entenda<\/strong><\/p>\n\n\n\n<p>A s\u00edndrome cong\u00eanita associada \u00e0 infec\u00e7\u00e3o pelo Zika compreende um conjunto de anomalias cong\u00eanitas que podem incluir altera\u00e7\u00f5es visuais, auditivas e neuropsicomotoras em indiv\u00edduos expostos ao v\u00edrus durante a gesta\u00e7\u00e3o.<\/p>\n\n\n\n<p>Tais altera\u00e7\u00f5es, de acordo com o Minist\u00e9rio da Sa\u00fade, podem variar quanto \u00e0 severidade, sendo que, quanto mais cedo ocorre a infec\u00e7\u00e3o durante a gesta\u00e7\u00e3o, mais graves tendem a ser os sinais e sintomas caracter\u00edsticos da s\u00edndrome.<\/p>\n\n\n\n<p>A principal forma de transmiss\u00e3o do&nbsp;<em>Zika<\/em>&nbsp;em mulheres gr\u00e1vidas \u00e9 por meio da picada da f\u00eamea do mosquito<em>&nbsp;Aedes aegypti<\/em>, mas a transmiss\u00e3o tamb\u00e9m pode ocorrer por meio de rela\u00e7\u00e3o sexual com indiv\u00edduos infectados ou de transfus\u00e3o sangu\u00ednea.<\/p>\n\n\n\n<p>A s\u00edndrome foi descoberta em 2015, ap\u00f3s altera\u00e7\u00e3o no padr\u00e3o de ocorr\u00eancia de microcefalia em beb\u00eas nascidos vivos no Brasil. \u00c0 \u00e9poca, o evento foi considerado emerg\u00eancia em sa\u00fade p\u00fablica de import\u00e2ncia nacional e, posteriormente, internacional.<\/p>\n\n\n\n<p>Algum tempo depois, constatou-se que os casos de microcefalia, que tamb\u00e9m cursavam com outras anomalias cerebrais e altera\u00e7\u00f5es neurol\u00f3gicas, estavam associados \u00e0 infec\u00e7\u00e3o pelo&nbsp;<em>Zika&nbsp;<\/em>no per\u00edodo gestacional.<\/p>\n","protected":false},"excerpt":{"rendered":"<p>Medida provis\u00f3ria&nbsp;publicada nesta quinta-feira (9) no&nbsp;Di\u00e1rio Oficial da Uni\u00e3o&nbsp;autoriza o pagamento, por parte do governo&#8230;<\/p>\n","protected":false},"author":4,"featured_media":11760438,"comment_status":"closed","ping_status":"closed","sticky":false,"template":"","format":"standard","meta":{"footnotes":""},"categories":[8,21],"tags":[],"class_list":["post-11760437","post","type-post","status-publish","format-standard","has-post-thumbnail","hentry","category-destaque","category-saude"],"_links":{"self":[{"href":"https:\/\/www.corumbaonline.com.br\/news\/wp-json\/wp\/v2\/posts\/11760437","targetHints":{"allow":["GET"]}}],"collection":[{"href":"https:\/\/www.corumbaonline.com.br\/news\/wp-json\/wp\/v2\/posts"}],"about":[{"href":"https:\/\/www.corumbaonline.com.br\/news\/wp-json\/wp\/v2\/types\/post"}],"author":[{"embeddable":true,"href":"https:\/\/www.corumbaonline.com.br\/news\/wp-json\/wp\/v2\/users\/4"}],"replies":[{"embeddable":true,"href":"https:\/\/www.corumbaonline.com.br\/news\/wp-json\/wp\/v2\/comments?post=11760437"}],"version-history":[{"count":1,"href":"https:\/\/www.corumbaonline.com.br\/news\/wp-json\/wp\/v2\/posts\/11760437\/revisions"}],"predecessor-version":[{"id":11760440,"href":"https:\/\/www.corumbaonline.com.br\/news\/wp-json\/wp\/v2\/posts\/11760437\/revisions\/11760440"}],"wp:featuredmedia":[{"embeddable":true,"href":"https:\/\/www.corumbaonline.com.br\/news\/wp-json\/wp\/v2\/media\/11760438"}],"wp:attachment":[{"href":"https:\/\/www.corumbaonline.com.br\/news\/wp-json\/wp\/v2\/media?parent=11760437"}],"wp:term":[{"taxonomy":"category","embeddable":true,"href":"https:\/\/www.corumbaonline.com.br\/news\/wp-json\/wp\/v2\/categories?post=11760437"},{"taxonomy":"post_tag","embeddable":true,"href":"https:\/\/www.corumbaonline.com.br\/news\/wp-json\/wp\/v2\/tags?post=11760437"}],"curies":[{"name":"wp","href":"https:\/\/api.w.org\/{rel}","templated":true}]}}