{"id":11760475,"date":"2025-01-10T08:45:18","date_gmt":"2025-01-10T12:45:18","guid":{"rendered":"https:\/\/www.corumbaonline.com.br\/news\/?p=11760475"},"modified":"2025-01-10T09:10:51","modified_gmt":"2025-01-10T13:10:51","slug":"sem-aprovacao-de-lei-tabela-do-ir-fica-congelada-em-2025","status":"publish","type":"post","link":"https:\/\/www.corumbaonline.com.br\/news\/sem-aprovacao-de-lei-tabela-do-ir-fica-congelada-em-2025\/","title":{"rendered":"Sem aprova\u00e7\u00e3o de lei, tabela do IR fica congelada em 2025"},"content":{"rendered":"\n<p>Sem a aprova\u00e7\u00e3o da reforma do Imposto de Renda (IR), que s\u00f3 dever\u00e1 ser enviada ao Congresso ap\u00f3s a vota\u00e7\u00e3o do&nbsp;<a href=\"https:\/\/agenciabrasil.ebc.com.br\/economia\/noticia\/2025-01\/haddad-descarta-elevar-iof-para-conter-saida-de-dolares\" target=\"_blank\" rel=\"noreferrer noopener\">Or\u00e7amento de 2025<\/a>, a tabela progressiva fica congelada neste ano. Quem ganha mais de R$ 2.824, pouco menos de dois sal\u00e1rios m\u00ednimos, pagar\u00e1 o tributo.<img decoding=\"async\" src=\"https:\/\/agenciabrasil.ebc.com.br\/ebc.png?id=1626406&amp;o=node\"><img decoding=\"async\" src=\"https:\/\/agenciabrasil.ebc.com.br\/ebc.gif?id=1626406&amp;o=node\"><\/p>\n\n\n\n<p>No fim de novembro, o governo tinha anunciado a inten\u00e7\u00e3o de elevar a faixa de isen\u00e7\u00e3o para R$ 5 mil, na segunda fase da reforma tribut\u00e1ria, que trata do IR. Em troca, o governo pretendia introduzir uma al\u00edquota em torno de 10% sobre os rendimentos mensais acima de R$ 50 mil, que compensaria o impacto fiscal do aumento do limite de isen\u00e7\u00e3o.<\/p>\n\n\n\n<p>Originalmente anunciada para tramitar junto do pacote de corte de gastos aprovado no fim de dezembro, a proposta ficou para este ano. Segundo o ministro da Fazenda, Fernando Haddad, \u201cinconsist\u00eancias\u201d nos modelos estat\u00edsticos da Receita levaram o Fisco a\u00a0rever os c\u00e1lculos. Caso o Congresso aprove o Or\u00e7amento em fevereiro, a proposta pode ser enviada no mesmo m\u00eas ou no in\u00edcio de mar\u00e7o.<\/p>\n\n\n\n<p>Correspondente ao piso da tabela progressiva, a faixa de isen\u00e7\u00e3o foi elevada pela \u00faltima vez em fevereiro de 2024, de R$ 2.640 para R$ 2.824. As demais faixas de tributa\u00e7\u00e3o permanecem sem mudan\u00e7as desde 2015. O projeto de lei do Or\u00e7amento de 2025, enviado ao Congresso em agosto, n\u00e3o prev\u00ea mudan\u00e7as na tabela do Imposto de Renda.<\/p>\n\n\n\n<p>Oficialmente, o limite m\u00e1ximo da al\u00edquota zero est\u00e1 fixado em R$ 2.259,20. No entanto, para garantir a isen\u00e7\u00e3o para quem recebe at\u00e9 R$ 2.824, equivalente a dois sal\u00e1rios m\u00ednimos, haver\u00e1 um desconto simplificado de R$ 564,80 da renda sobre a qual deveria incidir o imposto. Esse desconto corresponde \u00e0 diferen\u00e7a entre os dois valores: limite de isen\u00e7\u00e3o e dois sal\u00e1rios m\u00ednimos.<\/p>\n\n\n\n<p>A Receita Federal esclarece que esse desconto simplificado \u00e9 opcional. Para quem tem direito a dedu\u00e7\u00f5es maiores pela legisla\u00e7\u00e3o atual, como dependentes, pens\u00e3o aliment\u00edcia, gastos com educa\u00e7\u00e3o e sa\u00fade, nada mudar\u00e1.<\/p>\n\n\n\n<p><strong>Confira a tabela progressiva mensal do IRPF, j\u00e1 com o desconto aplicado ao sal\u00e1rio<\/strong><\/p>\n\n\n\n<figure class=\"wp-block-table\"><table class=\"has-fixed-layout\"><tbody><tr><td><strong>Base de C\u00e1lculo<\/strong><\/td><td><strong>Al\u00edquota<\/strong><\/td><td><strong>Parcela a deduzir do IR<\/strong><\/td><\/tr><tr><td>At\u00e9 R$ 2.259,20<\/td><td>zero<\/td><td>zero<\/td><\/tr><tr><td>De R$ 2.259,21 at\u00e9 R$ 2.826,65<\/td><td>7,5%<\/td><td>R$ 169,44<\/td><\/tr><tr><td>De R$ 2.826,66 at\u00e9 R$ 3.751,05<\/td><td>15%<\/td><td>R$ 381,44<\/td><\/tr><tr><td>De R$ 3.751,06 at\u00e9 R$ 4.664,68<\/td><td>22,5%<\/td><td>R$ 662,77<\/td><\/tr><tr><td>Acima de R$ 4.664,68<\/td><td>27,5%<\/td><td>R$ 896<\/td><\/tr><\/tbody><\/table><\/figure>\n","protected":false},"excerpt":{"rendered":"<p>Sem a aprova\u00e7\u00e3o da reforma do Imposto de Renda (IR), que s\u00f3 dever\u00e1 ser enviada&#8230;<\/p>\n","protected":false},"author":4,"featured_media":11760477,"comment_status":"closed","ping_status":"closed","sticky":false,"template":"","format":"standard","meta":{"footnotes":""},"categories":[8,9],"tags":[],"class_list":["post-11760475","post","type-post","status-publish","format-standard","has-post-thumbnail","hentry","category-destaque","category-economia"],"_links":{"self":[{"href":"https:\/\/www.corumbaonline.com.br\/news\/wp-json\/wp\/v2\/posts\/11760475","targetHints":{"allow":["GET"]}}],"collection":[{"href":"https:\/\/www.corumbaonline.com.br\/news\/wp-json\/wp\/v2\/posts"}],"about":[{"href":"https:\/\/www.corumbaonline.com.br\/news\/wp-json\/wp\/v2\/types\/post"}],"author":[{"embeddable":true,"href":"https:\/\/www.corumbaonline.com.br\/news\/wp-json\/wp\/v2\/users\/4"}],"replies":[{"embeddable":true,"href":"https:\/\/www.corumbaonline.com.br\/news\/wp-json\/wp\/v2\/comments?post=11760475"}],"version-history":[{"count":1,"href":"https:\/\/www.corumbaonline.com.br\/news\/wp-json\/wp\/v2\/posts\/11760475\/revisions"}],"predecessor-version":[{"id":11760478,"href":"https:\/\/www.corumbaonline.com.br\/news\/wp-json\/wp\/v2\/posts\/11760475\/revisions\/11760478"}],"wp:featuredmedia":[{"embeddable":true,"href":"https:\/\/www.corumbaonline.com.br\/news\/wp-json\/wp\/v2\/media\/11760477"}],"wp:attachment":[{"href":"https:\/\/www.corumbaonline.com.br\/news\/wp-json\/wp\/v2\/media?parent=11760475"}],"wp:term":[{"taxonomy":"category","embeddable":true,"href":"https:\/\/www.corumbaonline.com.br\/news\/wp-json\/wp\/v2\/categories?post=11760475"},{"taxonomy":"post_tag","embeddable":true,"href":"https:\/\/www.corumbaonline.com.br\/news\/wp-json\/wp\/v2\/tags?post=11760475"}],"curies":[{"name":"wp","href":"https:\/\/api.w.org\/{rel}","templated":true}]}}