{"id":11760502,"date":"2025-01-10T17:17:39","date_gmt":"2025-01-10T21:17:39","guid":{"rendered":"https:\/\/www.corumbaonline.com.br\/news\/?p=11760502"},"modified":"2025-01-10T18:40:33","modified_gmt":"2025-01-10T22:40:33","slug":"prefeito-visita-unidade-de-saude-do-bairro-padre-ernesto-e-identifica-demandas","status":"publish","type":"post","link":"https:\/\/www.corumbaonline.com.br\/news\/prefeito-visita-unidade-de-saude-do-bairro-padre-ernesto-e-identifica-demandas\/","title":{"rendered":"Prefeito visita unidade de sa\u00fade do bairro Padre Ernesto e identifica demandas"},"content":{"rendered":"\n<p>O prefeito Dr Gabriel visitou nesta quinta-feira, 09 de janeiro, a Unidade B\u00e1sica de Sa\u00fade da Fam\u00edlia Dr Bonif\u00e1cio Tiaen, no bairro Padre Ernesto Sassida. O secret\u00e1rio municipal de Sa\u00fade, Ant\u00f4nio Juliano de Barros, acompanhou a agenda.<\/p>\n\n\n\n<p>\u201cViemos saber como est\u00e1 o funcionamento da unidade e quais s\u00e3o as reivindica\u00e7\u00f5es dos servidores, para que possam exercer seu trabalho. Essa iniciativa \u00e9 para que possamos melhorar o atendimento aos moradores, aqui do bairro Padre Ernesto Sassida, entregando um servi\u00e7o de sa\u00fade com qualidade \u00e0 nossa popula\u00e7\u00e3o\u201d, disse o prefeito de Corumb\u00e1. \u201cIdentificamos um problema que \u00e9 vacinador. Vamos tomar as devidas provid\u00eancias para benef\u00edcio da popula\u00e7\u00e3o\u201d, completou Dr Gabriel.<\/p>\n\n\n\n<p>O secret\u00e1rio municipal de Sa\u00fade destacou que a presen\u00e7a do prefeito \u00e9 importante porque permitiu conhecer os problemas do posto de sa\u00fade. &#8220;Vamos visitar cada unidade de sa\u00fade para conhecer a realidade e saber das dificuldades. Aqui, estamos com problemas de vacinador. \u00c9 fundamental, para a popula\u00e7\u00e3o, que a sala de vacina\u00e7\u00e3o tenha profissional competente\u201d, afirmou Ant\u00f4nio Juliano ao informar que o Munic\u00edpio j\u00e1 trabalha para resolver a demanda..<\/p>\n\n\n\n<p>\u201cMuito importante essa visita do prefeito, que conheceu o funcionamento da unidade e nossas demandas nas quest\u00f5es estrutural e pessoal\u201d, destacou o enfermeiro Wiltherman Fernandes, coordenador da Unidade de Sa\u00fade Bonif\u00e1cio Tiaen, que funciona das 07h \u00e0s 11h e das 13h \u00e0s 17 horas.<\/p>\n","protected":false},"excerpt":{"rendered":"<p>O prefeito Dr Gabriel visitou nesta quinta-feira, 09 de janeiro, a Unidade B\u00e1sica de Sa\u00fade&#8230;<\/p>\n","protected":false},"author":70,"featured_media":11760507,"comment_status":"closed","ping_status":"closed","sticky":false,"template":"","format":"standard","meta":{"footnotes":""},"categories":[8],"tags":[],"class_list":["post-11760502","post","type-post","status-publish","format-standard","has-post-thumbnail","hentry","category-destaque"],"_links":{"self":[{"href":"https:\/\/www.corumbaonline.com.br\/news\/wp-json\/wp\/v2\/posts\/11760502","targetHints":{"allow":["GET"]}}],"collection":[{"href":"https:\/\/www.corumbaonline.com.br\/news\/wp-json\/wp\/v2\/posts"}],"about":[{"href":"https:\/\/www.corumbaonline.com.br\/news\/wp-json\/wp\/v2\/types\/post"}],"author":[{"embeddable":true,"href":"https:\/\/www.corumbaonline.com.br\/news\/wp-json\/wp\/v2\/users\/70"}],"replies":[{"embeddable":true,"href":"https:\/\/www.corumbaonline.com.br\/news\/wp-json\/wp\/v2\/comments?post=11760502"}],"version-history":[{"count":1,"href":"https:\/\/www.corumbaonline.com.br\/news\/wp-json\/wp\/v2\/posts\/11760502\/revisions"}],"predecessor-version":[{"id":11760503,"href":"https:\/\/www.corumbaonline.com.br\/news\/wp-json\/wp\/v2\/posts\/11760502\/revisions\/11760503"}],"wp:featuredmedia":[{"embeddable":true,"href":"https:\/\/www.corumbaonline.com.br\/news\/wp-json\/wp\/v2\/media\/11760507"}],"wp:attachment":[{"href":"https:\/\/www.corumbaonline.com.br\/news\/wp-json\/wp\/v2\/media?parent=11760502"}],"wp:term":[{"taxonomy":"category","embeddable":true,"href":"https:\/\/www.corumbaonline.com.br\/news\/wp-json\/wp\/v2\/categories?post=11760502"},{"taxonomy":"post_tag","embeddable":true,"href":"https:\/\/www.corumbaonline.com.br\/news\/wp-json\/wp\/v2\/tags?post=11760502"}],"curies":[{"name":"wp","href":"https:\/\/api.w.org\/{rel}","templated":true}]}}