{"id":11760544,"date":"2025-01-12T15:30:38","date_gmt":"2025-01-12T19:30:38","guid":{"rendered":"https:\/\/www.corumbaonline.com.br\/news\/?p=11760544"},"modified":"2025-01-12T15:30:40","modified_gmt":"2025-01-12T19:30:40","slug":"colonia-de-ferias-da-cidade-dom-bosco-comeca-nesta-segunda-feira","status":"publish","type":"post","link":"https:\/\/www.corumbaonline.com.br\/news\/colonia-de-ferias-da-cidade-dom-bosco-comeca-nesta-segunda-feira\/","title":{"rendered":"Col\u00f4nia de F\u00e9rias da Cidade Dom Bosco come\u00e7a nesta segunda-feira"},"content":{"rendered":"<p style=\"font-weight: 400;\">Tradicional, a Col\u00f4nia de F\u00e9rias da Cidade Dom Bosco come\u00e7a nesta segunda-feira (13) e segue at\u00e9 sexta-feira (17). Neste per\u00edodo, a col\u00f4nia ser\u00e1 destinada \u00e0s crian\u00e7as inscritas. J\u00e1 entre os dias 20 e 24 janeiro, \u00e9 a vez dos adolescentes participarem da col\u00f4nia.<\/p>\n<p style=\"font-weight: 400;\">O tema da col\u00f4nia, neste ano, \u00e9 &#8220;Ancorados na esperan\u00e7a, peregrinos com os jovens&#8221;, o tema de estreia 2025 dos Salesianos.<\/p>\n<p style=\"font-weight: 400;\">&#8220;Todos os anos, o reitor- mor dos Salesianos d\u00e1 uma tem\u00e1tica a ser trabalhada nas atividades das casas salesianas e a escolhida para esse ano, traz uma mensagem de levar a esperan\u00e7a de forma peregrina e mission\u00e1ria a quem precisa. Por isso, queremos fazer com que os adolescentes e jovens participantes reflitam a respeito de mensagens sobre esperan\u00e7a e persist\u00eancia na vida pessoal e da comunidade&#8221;, explica o coordenador da Cidade Dom Bosco, Fernando Melgar.<\/p>\n<p style=\"font-weight: 400;\">As atividades da col\u00f4nia de f\u00e9rias acontecem no per\u00edodo matutino e t\u00eam o objetivo proposto no tema: levar esperan\u00e7a a quem precisa. Por isso, entre as atividades, est\u00e3o a confec\u00e7\u00e3o de materiais que ser\u00e3o entregues na casa de acolhimento, visita ao Asilo S\u00e3o Jos\u00e9, mutir\u00e3o de limpeza do Porto Geral, al\u00e9m de atividades colaborativas entre os participantes.<\/p>\n<p style=\"font-weight: 400;\">Respons\u00e1vel pelo PCAF (Programa Crian\u00e7as e Adolescentes Felizes), Karen Sim\u00f5es explica qual o intuito da col\u00f4nia de f\u00e9rias da institui\u00e7\u00e3o. &#8220;Durante esse per\u00edodo de f\u00e9rias escolares, a Cidade Dom Bosco traz para as crian\u00e7as e adolescentes da comunidade uma oportunidade de estar em um ambiente acolhedor, onde h\u00e1 intera\u00e7\u00e3o com novos colegas, reencontrar os amigos e, principalmente, estar ativamente interagindo com os educadores em um per\u00edodo de divers\u00e3o, reflex\u00e3o e viv\u00eancia de novas coisas&#8221;, afirma.<\/p>\n<p style=\"font-weight: 400;\">Robert Fernandes tem 17 anos e j\u00e1 participou da col\u00f4nia de f\u00e9rias, quando era atendido pelo PCAF. Agora, ser\u00e1 monitor volunt\u00e1rio. &#8220;Minha experi\u00eancia na col\u00f4nia de f\u00e9rias foi muito incr\u00edvel, partilhando momentos de recrea\u00e7\u00e3o, brincadeiras e reflex\u00f5es e dou gra\u00e7as a Deus por terem me apresentado \u00e0 Cidade Dom Bosco, porque l\u00e1 eu me desenvolvi bem&#8221;, relembra o adolescente.<\/p>\n<p style=\"font-weight: 400;\"><b><strong>Programa\u00e7\u00e3o da Col\u00f4nia de F\u00e9rias 2025 para as crian\u00e7as:<\/strong><\/b><\/p>\n<ul>\n<li style=\"font-weight: 400;\">Segunda-feira: oficina art\u00edstica para produzir materiais a serem doados \u00e0 Casa de Acolhimento Adiles de Figueiredo Ribeiro, representando amor e esperan\u00e7a. As crian\u00e7as tamb\u00e9m v\u00e3o escrever cartas de agradecimento aos doadores italianos e \u00e0s escolas italianas que enviaram mensagens de esperan\u00e7a para o novo ano.<\/li>\n<li style=\"font-weight: 400;\">Ter\u00e7a-feira: atividade &#8220;ca\u00e7a ao tesouro da esperan\u00e7a&#8221; no Porto Geral de Corumb\u00e1\/MS, conscientizando as crian\u00e7as sobre a import\u00e2ncia de cuidar do Pantanal e preservar o bioma.<\/li>\n<li style=\"font-weight: 400;\">Quarta-feira: parceria com a APEFC (Associa\u00e7\u00e3o dos Profissionais de Educa\u00e7\u00e3o F\u00edsica de Corumb\u00e1), com brincadeiras para alegrar as crian\u00e7as.<\/li>\n<li style=\"font-weight: 400;\">Quinta-feira: atividade recreativa com o Ex\u00e9rcito Brasileiro, envolvendo din\u00e2micas como obst\u00e1culos e corridas.<\/li>\n<li style=\"font-weight: 400;\">Sexta-feira: dia de lazer na Ch\u00e1cara da Mil, com banho de piscina, encerrando a semana com momentos inesquec\u00edveis.<\/li>\n<\/ul>\n<p style=\"font-weight: 400;\"><b><strong>Programa\u00e7\u00e3o da Col\u00f4nia de F\u00e9rias 2025 para os Adolescentes e Jovens<\/strong><\/b><\/p>\n<ul>\n<li style=\"font-weight: 400;\">Segunda-feira: visita ao aterro sanit\u00e1rio de Corumb\u00e1 (lix\u00e3o) para entrega de roupas e alimentos \u00e0s fam\u00edlias de catadores de materiais recicl\u00e1veis.<\/li>\n<li style=\"font-weight: 400;\">Ter\u00e7a-feira: a\u00e7\u00e3o de limpeza na prainha do Porto Geral de Corumb\u00e1, em parceria com os brigadistas do Prevfogo. A atividade conscientizar\u00e1 os adolescentes sobre a preserva\u00e7\u00e3o do Pantanal e a import\u00e2ncia do manejo correto de res\u00edduos.<\/li>\n<li style=\"font-weight: 400;\">Quarta-feira: entrega dos materiais produzidos pelas crian\u00e7as \u00e0 Casa de Acolhimento Adiles de Figueiredo Ribeiro, seguida de visita \u00e0 APAE, onde os adolescentes v\u00e3o ter a oportunidade de interagir e compreender a relev\u00e2ncia do cuidado e respeito ao pr\u00f3ximo.<\/li>\n<li style=\"font-weight: 400;\">Quinta-feira: visita ao Asilo S\u00e3o Jos\u00e9, levando m\u00fasica, alegria e carinho aos idosos, refor\u00e7ando o valor da conviv\u00eancia e intera\u00e7\u00e3o entre pessoas de diferentes idades.<\/li>\n<li style=\"font-weight: 400;\">Sexta-feira: dia de lazer na Ch\u00e1cara da Mil, encerrando a semana com momentos de divers\u00e3o e integra\u00e7\u00e3o.<\/li>\n<\/ul>\n","protected":false},"excerpt":{"rendered":"<p>Tradicional, a Col\u00f4nia de F\u00e9rias da Cidade Dom Bosco come\u00e7a nesta segunda-feira (13) e segue&#8230;<\/p>\n","protected":false},"author":9,"featured_media":11760546,"comment_status":"closed","ping_status":"closed","sticky":false,"template":"","format":"standard","meta":{"footnotes":""},"categories":[8],"tags":[],"class_list":["post-11760544","post","type-post","status-publish","format-standard","has-post-thumbnail","hentry","category-destaque"],"_links":{"self":[{"href":"https:\/\/www.corumbaonline.com.br\/news\/wp-json\/wp\/v2\/posts\/11760544","targetHints":{"allow":["GET"]}}],"collection":[{"href":"https:\/\/www.corumbaonline.com.br\/news\/wp-json\/wp\/v2\/posts"}],"about":[{"href":"https:\/\/www.corumbaonline.com.br\/news\/wp-json\/wp\/v2\/types\/post"}],"author":[{"embeddable":true,"href":"https:\/\/www.corumbaonline.com.br\/news\/wp-json\/wp\/v2\/users\/9"}],"replies":[{"embeddable":true,"href":"https:\/\/www.corumbaonline.com.br\/news\/wp-json\/wp\/v2\/comments?post=11760544"}],"version-history":[{"count":1,"href":"https:\/\/www.corumbaonline.com.br\/news\/wp-json\/wp\/v2\/posts\/11760544\/revisions"}],"predecessor-version":[{"id":11760547,"href":"https:\/\/www.corumbaonline.com.br\/news\/wp-json\/wp\/v2\/posts\/11760544\/revisions\/11760547"}],"wp:featuredmedia":[{"embeddable":true,"href":"https:\/\/www.corumbaonline.com.br\/news\/wp-json\/wp\/v2\/media\/11760546"}],"wp:attachment":[{"href":"https:\/\/www.corumbaonline.com.br\/news\/wp-json\/wp\/v2\/media?parent=11760544"}],"wp:term":[{"taxonomy":"category","embeddable":true,"href":"https:\/\/www.corumbaonline.com.br\/news\/wp-json\/wp\/v2\/categories?post=11760544"},{"taxonomy":"post_tag","embeddable":true,"href":"https:\/\/www.corumbaonline.com.br\/news\/wp-json\/wp\/v2\/tags?post=11760544"}],"curies":[{"name":"wp","href":"https:\/\/api.w.org\/{rel}","templated":true}]}}