{"id":11760552,"date":"2025-01-13T08:15:00","date_gmt":"2025-01-13T12:15:00","guid":{"rendered":"https:\/\/www.corumbaonline.com.br\/news\/?p=11760552"},"modified":"2025-01-13T07:49:50","modified_gmt":"2025-01-13T11:49:50","slug":"segunda-etapa-de-pre-matriculas-das-escolas-estaduais-comeca-nesta-segunda-feira","status":"publish","type":"post","link":"https:\/\/www.corumbaonline.com.br\/news\/segunda-etapa-de-pre-matriculas-das-escolas-estaduais-comeca-nesta-segunda-feira\/","title":{"rendered":"Segunda etapa de pr\u00e9-matr\u00edculas das escolas estaduais come\u00e7a nesta segunda-feira"},"content":{"rendered":"<p>Come\u00e7a nestaa segunda-feira (13) o per\u00edodo destinado \u00e0 2\u00aa Etapa de pr\u00e9-matr\u00edculas da REE (Rede Estadual de Ensino) e segue at\u00e9 doa dia 17. S\u00e3o os \u00faltimos dias para quem deseja garantir a vaga em uma das 348 unidades escolares da Rede para o Ano Letivo de 2025.<\/p>\n<p>O per\u00edodo de pr\u00e9-matr\u00edculas \u00e9 v\u00e1lido para estudantes que j\u00e1 fazem parte de REE ou para aqueles que desejam ingressar na Rede Estadual.<\/p>\n<p>De acordo com o coordenador de informa\u00e7\u00f5es educacionais da SED (Secretaria de Estado de Educa\u00e7\u00e3o), Alciley Lopes, a partir do dia 13 de janeiro, quem ainda n\u00e3o fez a pr\u00e9-matr\u00edcula, poder\u00e1 fazer presencialmente, por telefone ou pelo site.<\/p>\n<p>\u201cNo dia 13 vamos abrir novamente a pr\u00e9-matr\u00edcula com as vagas remanescentes, ent\u00e3o quem ainda n\u00e3o garantiu a vaga poder\u00e1 fazer, por\u00e9m apenas para as escolas que tiverem vaga\u201d, pontua Alciley.<\/p>\n<p>O preenchimento dos dados pode ser realizado de tr\u00eas maneiras: pelo portal\u00a0<a href=\"http:\/\/www.matriculadigital.ms.gov.br\/\">www.matriculadigital.ms.gov.br<\/a>, pelos telefones 0800-647-0028 (fixo) e 3314-1212 (celular) ou de forma presencial na sede da Central de Matr\u00edculas, em Campo Grande, na rua Joaquim Murtinho, n\u00ba 2.612 \u2013 Itanhang\u00e1 Park. O preenchimento dos dados tamb\u00e9m pode ser realizado de forma presencial em qualquer unidade escolar da Rede Estadual.<\/p>\n<p>Ap\u00f3s a divulga\u00e7\u00e3o da lista de designa\u00e7\u00e3o que aconteceu neste domingo, 12 de janeiro, a segunda etapa disponibiliza as vagas remanescentes da REE\/MS.<\/p>\n","protected":false},"excerpt":{"rendered":"<p>Come\u00e7a nestaa segunda-feira (13) o per\u00edodo destinado \u00e0 2\u00aa Etapa de pr\u00e9-matr\u00edculas da REE (Rede&#8230;<\/p>\n","protected":false},"author":13,"featured_media":11743891,"comment_status":"closed","ping_status":"closed","sticky":false,"template":"","format":"standard","meta":{"footnotes":""},"categories":[8,10],"tags":[194],"class_list":["post-11760552","post","type-post","status-publish","format-standard","has-post-thumbnail","hentry","category-destaque","category-educacao","tag-educacao"],"_links":{"self":[{"href":"https:\/\/www.corumbaonline.com.br\/news\/wp-json\/wp\/v2\/posts\/11760552","targetHints":{"allow":["GET"]}}],"collection":[{"href":"https:\/\/www.corumbaonline.com.br\/news\/wp-json\/wp\/v2\/posts"}],"about":[{"href":"https:\/\/www.corumbaonline.com.br\/news\/wp-json\/wp\/v2\/types\/post"}],"author":[{"embeddable":true,"href":"https:\/\/www.corumbaonline.com.br\/news\/wp-json\/wp\/v2\/users\/13"}],"replies":[{"embeddable":true,"href":"https:\/\/www.corumbaonline.com.br\/news\/wp-json\/wp\/v2\/comments?post=11760552"}],"version-history":[{"count":1,"href":"https:\/\/www.corumbaonline.com.br\/news\/wp-json\/wp\/v2\/posts\/11760552\/revisions"}],"predecessor-version":[{"id":11760553,"href":"https:\/\/www.corumbaonline.com.br\/news\/wp-json\/wp\/v2\/posts\/11760552\/revisions\/11760553"}],"wp:featuredmedia":[{"embeddable":true,"href":"https:\/\/www.corumbaonline.com.br\/news\/wp-json\/wp\/v2\/media\/11743891"}],"wp:attachment":[{"href":"https:\/\/www.corumbaonline.com.br\/news\/wp-json\/wp\/v2\/media?parent=11760552"}],"wp:term":[{"taxonomy":"category","embeddable":true,"href":"https:\/\/www.corumbaonline.com.br\/news\/wp-json\/wp\/v2\/categories?post=11760552"},{"taxonomy":"post_tag","embeddable":true,"href":"https:\/\/www.corumbaonline.com.br\/news\/wp-json\/wp\/v2\/tags?post=11760552"}],"curies":[{"name":"wp","href":"https:\/\/api.w.org\/{rel}","templated":true}]}}