{"id":11763841,"date":"2025-03-07T15:43:03","date_gmt":"2025-03-07T19:43:03","guid":{"rendered":"https:\/\/www.corumbaonline.com.br\/news\/?p=11763841"},"modified":"2025-03-07T15:43:04","modified_gmt":"2025-03-07T19:43:04","slug":"sebrae-corumba-e-ladario-terao-eventos-para-mulheres-com-interesse-em-empreendedorismo-na-proxima-semana","status":"publish","type":"post","link":"https:\/\/www.corumbaonline.com.br\/news\/sebrae-corumba-e-ladario-terao-eventos-para-mulheres-com-interesse-em-empreendedorismo-na-proxima-semana\/","title":{"rendered":"Sebrae: Corumb\u00e1 e Lad\u00e1rio ter\u00e3o eventos para mulheres com interesse em empreendedorismo na pr\u00f3xima semana"},"content":{"rendered":"\n<p>Em mar\u00e7o, m\u00eas em que \u00e9 celebrado o Dia da Mulher, o Sebrae\/MS realiza uma s\u00e9rie de eventos gratuitos para fortalecer o empreendedorismo feminino em sete cidades da regi\u00e3o Oeste: Aquidauana, Anast\u00e1cio, Bela Vista, Caracol, <strong>Corumb\u00e1<\/strong>, Jardim e Lad\u00e1rio. As atividades ocorrer\u00e3o entre os dias 11 e 14 deste m\u00eas e incluem palestras, encontros empresariais e capacita\u00e7\u00f5es voltadas para mulheres empreendedoras.<\/p>\n\n\n\n<p>Segundo a analista-t\u00e9cnica do Sebrae\/MS, Lorrany Godoy, as mulheres s\u00e3o propriet\u00e1rias de 36,9% dos neg\u00f3cios em Mato Grosso do Sul, percentual superior \u00e0 m\u00e9dia nacional de 33%. As a\u00e7\u00f5es v\u00eam para apoiar esse p\u00fablico na administra\u00e7\u00e3o das empresas que, no Estado, \u00e9 composto por mais de 136 mil mulheres, segundo dados do Sebrae Nacional. &#8220;Atuamos com temas como gest\u00e3o de tempo, lideran\u00e7a, comunica\u00e7\u00e3o e forma\u00e7\u00e3o de redes de contato. Desenvolver essas habilidades socioemocionais aumenta as chances de sucesso das empreendedoras, o que, por sua vez, impulsiona a economia da regi\u00e3o e do Estado&#8221;, destacou.<\/p>\n\n\n\n<p>Dentro da programa\u00e7\u00e3o, est\u00e1 a palestra &#8220;Sou mulher, empreendedora e muito mais&#8221;&nbsp;que ser\u00e1 realizada em Caracol, Lad\u00e1rio, Bela Vista, Aquidauana e Jardim. A capacita\u00e7\u00e3o aborda o papel da mulher empreendedora na comunidade, os tipos de empreendedorismo que podem ser desenvolvidos localmente, comportamentos empreendedores e hist\u00f3rias inspiradoras de mulheres que transformaram suas realidades.<\/p>\n\n\n\n<p>Al\u00e9m disso, mulheres de Aquidauana e Anast\u00e1cio que integram o projeto&nbsp;<a href=\"https:\/\/click.divulga.sebrae.ms\/?qs=db13037d5ef604930d1efff55ac5868dab144799c96f4e0005e31da82cb0cf058d0dad4aaab5f9859cd3a4ef07418f549b4e1fed1bd5cc88\" target=\"_blank\" rel=\"noreferrer noopener\">Made in Pantanal&nbsp;<\/a>&nbsp;poder\u00e3o participar de uma capacita\u00e7\u00e3o no dia 13 de mar\u00e7o. O evento tamb\u00e9m \u00e9 aberto \u00e0quelas que desejam saber como come\u00e7ar a vender na plataforma. As inscri\u00e7\u00f5es s\u00e3o obrigat\u00f3rias, e mais detalhes podem ser encontrados na programa\u00e7\u00e3o completa disponibilizada pelo Sebrae.<\/p>\n\n\n\n<p><strong>Confira a programa\u00e7\u00e3o:<\/strong><\/p>\n\n\n\n<p>No dia11 de mar\u00e7o em Corumb\u00e1 ser\u00e1 realizada a oficina<strong>&nbsp;\u201c<\/strong>Autoconhecimento e Prop\u00f3sito\u201d, o local do evento ser\u00e1 na Associa\u00e7\u00e3o Comercial e Empresarial Corumb\u00e1 (Acic), localizada na Rua Delamare, n\u00ba1088. Mais informa\u00e7\u00f5es podem ser obtidas no n\u00famero (67) 9 9859-0049.<\/p>\n\n\n\n<p>J\u00e1 no dia 12 de mar\u00e7o dando continuidade \u00e0s iniciativas do M\u00eas da Mulher, na cidade de Caracol ter\u00e1 o \u201cEncontro Empresarial de Mulheres\u201d realizado com apoio da Associa\u00e7\u00e3o de Mulheres Empoderadas (AME) com a palestra \u201cSou mulher, empreendedora e muito mais\u201d, evento ocorrer\u00e1 no Sindicato Rural de Caracol (Avenida Brasil, n\u00ba441), \u00e0s 18horas. Interessadas em participar da palestra devem fazer a inscri\u00e7\u00e3o de forma gratuita por meio desse\u00a0<a href=\"https:\/\/click.divulga.sebrae.ms\/?qs=db13037d5ef604939fbac0ae2172cdc41c3608d2217cf28eab9ea3cdd7941c127e645aa5cab64fb2aab1247ec304f951d23c7a5c3b95d677\" target=\"_blank\" rel=\"noreferrer noopener\">link<\/a>.<\/p>\n\n\n\n<p><br>Outro munic\u00edpio que receber\u00e1 a mesma palestra \u201cSou mulher, empreendedora e muito mais\u201d, tamb\u00e9m no dia 12 de mar\u00e7o, ser\u00e1 a cidade de Lad\u00e1rio. A iniciativa ser\u00e1 na C\u00e2mara Municipal de Lad\u00e1rio (Rua Alm. Barroso, n\u00ba1092 &#8211; St. 2), \u00e0s 19h.<\/p>\n\n\n\n<p>Na quinta-feira dia 13 de mar\u00e7o \u00e9 vez de Bela Vista sediar a palestra \u201cSou mulher, empreendedora e muito mais!\u201d com apoio da Associa\u00e7\u00e3o de Feirantes e Empreendedores Criativos (AFEC), o evento ser\u00e1 no Cine S\u00e3o Jos\u00e9, localizado na Rua Ant\u00f4nio Maria Coelho, n\u00ba470). A iniciativa tem in\u00edcio \u00e0s 18h30 e interessadas em participar podem se inscrever de forma gratuita ao clicar&nbsp;<a href=\"https:\/\/click.divulga.sebrae.ms\/?qs=db13037d5ef6049362de36d77feac68cb6017d131a8a3d46db647c1e992c537a2d216485a82da98a3b74c8d4b077e736b6852d2157965d2a\" target=\"_blank\" rel=\"noreferrer noopener\">aqui<\/a>.<\/p>\n\n\n\n<p>J\u00e1 no dia 13 de mar\u00e7o, das 13h \u00e0s 17h, ser\u00e1 realizada a oficina \u201cConstru\u00e7\u00e3o de marca pessoal\u201d para mulheres de Aquidauana e Anast\u00e1cio que participam do projeto Made In Pantanal. Voltada para fortalecer a imagem profissional e se destacar-se no mercado, a capacita\u00e7\u00e3o ser\u00e1 no Ponto de Cultura Sapicu\u00e1 Pantaneiro Ant\u00f4nio Gra\u00e7a, em Aquidauana, ap\u00f3s a estrada boiadeira, s\/n\u00ba. As inscri\u00e7\u00f5es devem ser feitas pelo telefone (67) 9 9696-0880 (agente de Desenvolvimento, Adriana).<\/p>\n\n\n\n<p>No mesmo dia (13\/03), em Aquidauana, tamb\u00e9m ser\u00e1 realizada a palestra &#8220;O impacto do empreendedorismo feminino&#8221;, \u00e0s 19h30. A capacita\u00e7\u00e3o ser\u00e1 na Unidade 2 da Universidade Federal de Mato Grosso do Sul (UFMS), localizada na Rua Oscar Trindade de Barros, n\u00ba740. A entrada \u00e9 livre e gratuita.<\/p>\n\n\n\n<p>J\u00e1 no dia 14 de mar\u00e7o ainda na cidade de Aquidauana, ter\u00e1 a palestra \u201cSou mulher, empreendedora e muito mais\u201d, em parceria com a Sala do Empreendedor do munic\u00edpio, Coordenadoria de Pol\u00edticas P\u00fablicas para as Mulheres e Prefeitura de Aquidauana. O evento ser\u00e1 no CRAS Nova Aquidauana (Avenida Mato Grosso, n\u00b0296), com in\u00edcio \u00e0s 9h.<\/p>\n\n\n\n<p>Por fim, encerrando as atividades da semana da mulher, \u00e9 a vez de Jardim, sediar a palestra \u201cSou mulher empreendedora e muito mais\u201d. A capacita\u00e7\u00e3o ser\u00e1 na sede da Associa\u00e7\u00e3o Empresarial de Jardim (AEJAR), localizada na Avenida Cel. Stuck, n\u00ba212, \u00e0s 18hs. As inscri\u00e7\u00f5es devem ser feitas de forma on-line, basta clicar\u00a0<a href=\"https:\/\/click.divulga.sebrae.ms\/?qs=db13037d5ef60493bea934c094b822e7d1e070392db14f714c526bf7fbb825ad86d0ae62fd44097b46a2b88f095b60753981af8f41838562\" target=\"_blank\" rel=\"noreferrer noopener\">aqui<\/a>.<\/p>\n\n\n\n<p><br>Mais informa\u00e7\u00f5es sobre as a\u00e7\u00f5es promovidas pelo Sebrae\/MS relacionadas ao empreendedorismo podem ser obtidas por meio do n\u00famero 0800 570 0800 ou pelo site\u00a0<a href=\"https:\/\/click.divulga.sebrae.ms\/?qs=db13037d5ef60493033df25c5e5e03e2352061841dd536ee7df625664ef43e7a8679bb93a41ec45df3ac300f8323629fe9e93b6acbd7f4b6\" target=\"_blank\" rel=\"noreferrer noopener\">ms.agencia.sebrae.com.br<\/a>.<\/p>\n","protected":false},"excerpt":{"rendered":"<p>Em mar\u00e7o, m\u00eas em que \u00e9 celebrado o Dia da Mulher, o Sebrae\/MS realiza uma&#8230;<\/p>\n","protected":false},"author":61,"featured_media":11763842,"comment_status":"closed","ping_status":"closed","sticky":false,"template":"","format":"standard","meta":{"footnotes":""},"categories":[9],"tags":[],"class_list":["post-11763841","post","type-post","status-publish","format-standard","has-post-thumbnail","hentry","category-economia"],"_links":{"self":[{"href":"https:\/\/www.corumbaonline.com.br\/news\/wp-json\/wp\/v2\/posts\/11763841","targetHints":{"allow":["GET"]}}],"collection":[{"href":"https:\/\/www.corumbaonline.com.br\/news\/wp-json\/wp\/v2\/posts"}],"about":[{"href":"https:\/\/www.corumbaonline.com.br\/news\/wp-json\/wp\/v2\/types\/post"}],"author":[{"embeddable":true,"href":"https:\/\/www.corumbaonline.com.br\/news\/wp-json\/wp\/v2\/users\/61"}],"replies":[{"embeddable":true,"href":"https:\/\/www.corumbaonline.com.br\/news\/wp-json\/wp\/v2\/comments?post=11763841"}],"version-history":[{"count":1,"href":"https:\/\/www.corumbaonline.com.br\/news\/wp-json\/wp\/v2\/posts\/11763841\/revisions"}],"predecessor-version":[{"id":11763843,"href":"https:\/\/www.corumbaonline.com.br\/news\/wp-json\/wp\/v2\/posts\/11763841\/revisions\/11763843"}],"wp:featuredmedia":[{"embeddable":true,"href":"https:\/\/www.corumbaonline.com.br\/news\/wp-json\/wp\/v2\/media\/11763842"}],"wp:attachment":[{"href":"https:\/\/www.corumbaonline.com.br\/news\/wp-json\/wp\/v2\/media?parent=11763841"}],"wp:term":[{"taxonomy":"category","embeddable":true,"href":"https:\/\/www.corumbaonline.com.br\/news\/wp-json\/wp\/v2\/categories?post=11763841"},{"taxonomy":"post_tag","embeddable":true,"href":"https:\/\/www.corumbaonline.com.br\/news\/wp-json\/wp\/v2\/tags?post=11763841"}],"curies":[{"name":"wp","href":"https:\/\/api.w.org\/{rel}","templated":true}]}}