{"id":11763917,"date":"2025-03-10T10:17:45","date_gmt":"2025-03-10T14:17:45","guid":{"rendered":"https:\/\/www.corumbaonline.com.br\/news\/?p=11763917"},"modified":"2025-03-10T10:17:47","modified_gmt":"2025-03-10T14:17:47","slug":"geracao-olimpica-conquista-5-vagas-para-o-campeonato-brasileiro-regional-de-judo","status":"publish","type":"post","link":"https:\/\/www.corumbaonline.com.br\/news\/geracao-olimpica-conquista-5-vagas-para-o-campeonato-brasileiro-regional-de-judo\/","title":{"rendered":"Gera\u00e7\u00e3o Ol\u00edmpica conquista 5 vagas para o Campeonato Brasileiro Regional de Jud\u00f4"},"content":{"rendered":"\n<p>Mantido pela Prefeitura e coordenado pela Funda\u00e7\u00e3o de Esportes de Corumb\u00e1 (FUNEC), o Programa Gera\u00e7\u00e3o Ol\u00edmpica garantiu cinco vagas para o Campeonato Brasileiro Regional de Jud\u00f4, que acontece entre 28 e 30 de mar\u00e7o em Ji-Paran\u00e1, Rond\u00f4nia. A convoca\u00e7\u00e3o para a disputa nacional e feita a partir das pontua\u00e7\u00f5es obtidas no Torneio In\u00edcio, realizado em feveriro em campo Grande, e no Meeting Estadual, disputado no \u00faltimo final de semana, tamb\u00e9m na Capital. S\u00e3o convocados os dois atletas mais bem pontuados nas duas etapas.<\/p>\n\n\n\n<p>\u201cO Gera\u00e7\u00e3o Ol\u00edmpica vem em uma crescente no n\u00famero de vagas conquistadas a cada ano. O trabalho realizado com nossos atletas \u00e9 em busca de conquistar essa oportunidade de viv\u00eancia no meio do esporte\u201d, explicou o sensei Luiz Paulo Ribeiro, respons\u00e1vel pela modalidade.<\/p>\n\n\n\n<p>Os atletas de Corumb\u00e1 classificados para o Campeonato Brasileiro Regional s\u00e3o: Jhennyfer Garcia (Sub -13), Miguel Concei\u00e7\u00e3o (Sub \u2013 13), Kau\u00e3 Sant`ana (Sub \u2013 13); Uriel Santos (Sub \u2013 15) e Alaff Galdino (Sub \u2013 15).<\/p>\n\n\n\n<p>\u201cVer nossos atletas representando nosso estado \u00e9 sempre motivo de muito orgulho, pois \u00e9 para isso que trabalhamos todos os dias. Claro que isso n\u00e3o seria poss\u00edvel gra\u00e7as ao apoio da Funda\u00e7\u00e3o de Esportes de Corumb\u00e1, que oferece toda estrutura para treinamento, inscri\u00e7\u00f5es e transporte para os estaduais e tamb\u00e9m com o apoio incondicional dos pais dos nossos atletas que confiam plenamente em nosso trabalho e entregam seus filhos a nossa responsabilidade\u201d, completou o sensei.<\/p>\n\n\n\n<p>O Programa Gera\u00e7\u00e3o Ol\u00edmpica de Jud\u00f4 continua com as inscri\u00e7\u00f5es abertas. O treinamento acontece na sede Corumbaense Futebol Clube e atende, gratuitamente, meninos e meninas das redes Municipal, Estadual, Federal e privada de ensino, com treinamento todos os dias. As inscri\u00e7\u00f5es podem ser realizadas na FUNEC, localizada na rua 21 de setembro, 997, Aeroporto, de segunda a sexta feira das 07h30 \u00e0s 13 horas.<\/p>\n","protected":false},"excerpt":{"rendered":"<p>Mantido pela Prefeitura e coordenado pela Funda\u00e7\u00e3o de Esportes de Corumb\u00e1 (FUNEC), o Programa Gera\u00e7\u00e3o&#8230;<\/p>\n","protected":false},"author":70,"featured_media":11763918,"comment_status":"closed","ping_status":"closed","sticky":false,"template":"","format":"standard","meta":{"footnotes":""},"categories":[11],"tags":[],"class_list":["post-11763917","post","type-post","status-publish","format-standard","has-post-thumbnail","hentry","category-esporte"],"_links":{"self":[{"href":"https:\/\/www.corumbaonline.com.br\/news\/wp-json\/wp\/v2\/posts\/11763917","targetHints":{"allow":["GET"]}}],"collection":[{"href":"https:\/\/www.corumbaonline.com.br\/news\/wp-json\/wp\/v2\/posts"}],"about":[{"href":"https:\/\/www.corumbaonline.com.br\/news\/wp-json\/wp\/v2\/types\/post"}],"author":[{"embeddable":true,"href":"https:\/\/www.corumbaonline.com.br\/news\/wp-json\/wp\/v2\/users\/70"}],"replies":[{"embeddable":true,"href":"https:\/\/www.corumbaonline.com.br\/news\/wp-json\/wp\/v2\/comments?post=11763917"}],"version-history":[{"count":1,"href":"https:\/\/www.corumbaonline.com.br\/news\/wp-json\/wp\/v2\/posts\/11763917\/revisions"}],"predecessor-version":[{"id":11763919,"href":"https:\/\/www.corumbaonline.com.br\/news\/wp-json\/wp\/v2\/posts\/11763917\/revisions\/11763919"}],"wp:featuredmedia":[{"embeddable":true,"href":"https:\/\/www.corumbaonline.com.br\/news\/wp-json\/wp\/v2\/media\/11763918"}],"wp:attachment":[{"href":"https:\/\/www.corumbaonline.com.br\/news\/wp-json\/wp\/v2\/media?parent=11763917"}],"wp:term":[{"taxonomy":"category","embeddable":true,"href":"https:\/\/www.corumbaonline.com.br\/news\/wp-json\/wp\/v2\/categories?post=11763917"},{"taxonomy":"post_tag","embeddable":true,"href":"https:\/\/www.corumbaonline.com.br\/news\/wp-json\/wp\/v2\/tags?post=11763917"}],"curies":[{"name":"wp","href":"https:\/\/api.w.org\/{rel}","templated":true}]}}