{"id":11763937,"date":"2025-03-10T11:12:58","date_gmt":"2025-03-10T15:12:58","guid":{"rendered":"https:\/\/www.corumbaonline.com.br\/news\/?p=11763937"},"modified":"2025-03-10T11:13:01","modified_gmt":"2025-03-10T15:13:01","slug":"ministerio-desmente-que-inscricoes-para-novo-cnu-estejam-abertas","status":"publish","type":"post","link":"https:\/\/www.corumbaonline.com.br\/news\/ministerio-desmente-que-inscricoes-para-novo-cnu-estejam-abertas\/","title":{"rendered":"Minist\u00e9rio desmente que inscri\u00e7\u00f5es para novo CNU estejam abertas"},"content":{"rendered":"\n<p>O Minist\u00e9rio da Gest\u00e3o e da Inova\u00e7\u00e3o em Servi\u00e7os P\u00fablicos (MGI) alertou que as inscri\u00e7\u00f5es para a segunda edi\u00e7\u00e3o do Concurso P\u00fablico Nacional Unificado (CPNU) ainda n\u00e3o est\u00e3o abertas. A comunica\u00e7\u00e3o foi feita pelas&nbsp;<a href=\"https:\/\/www.instagram.com\/p\/DG_1MAyskpv\/\" target=\"_blank\" rel=\"noreferrer noopener\">redes sociais oficiais da pasta<\/a>.&nbsp;<img decoding=\"async\" src=\"https:\/\/agenciabrasil.ebc.com.br\/ebc.png?id=1633880&amp;o=node\"><img decoding=\"async\" src=\"https:\/\/agenciabrasil.ebc.com.br\/ebc.gif?id=1633880&amp;o=node\"><\/p>\n\n\n\n<blockquote class=\"wp-block-quote is-layout-flow wp-block-quote-is-layout-flow\">\n<p>\u201cFique atento e n\u00e3o caia em golpes! Infelizmente, golpistas est\u00e3o tentando enganar as pessoas com informa\u00e7\u00f5es falsas sobre abertura das inscri\u00e7\u00f5es\u201d, diz o MGI.<\/p>\n<\/blockquote>\n\n\n\n<p>O governo federal deve publicar, at\u00e9 o fim de mar\u00e7o,&nbsp;<a href=\"http:\/\/%20https\/\/agenciabrasil.ebc.com.br\/economia\/noticia\/2025-02\/novo-cnu-edital-deve-sair-nas-proximas-semanas-diz-ministra\" target=\"_blank\" rel=\"noreferrer noopener\">novo edital do chamado Enem dos Concursos<\/a>, com a previs\u00e3o das provas objetivas e subjetivas a serem aplicadas em agosto de 2025. Somente o edital trar\u00e1 a data oficial do per\u00edodo de inscri\u00e7\u00f5es dos candidatos ao&nbsp;certame.<\/p>\n\n\n\n<h2 class=\"wp-block-heading\">Primeiro CNU<\/h2>\n\n\n\n<p>Na \u00faltima sexta-feira (7), o Minist\u00e9rio da Gest\u00e3o<a href=\"https:\/\/agenciabrasil.ebc.com.br\/geral\/noticia\/2025-03\/confira-os-resultados-finais-do-cnu-homologados-nesta-sexta\" target=\"_blank\" rel=\"noreferrer noopener\">&nbsp;homologou os resultados finais<\/a>&nbsp;dos cargos que n\u00e3o exigem curso de forma\u00e7\u00e3o.&nbsp;<\/p>\n\n\n\n<p>O MGI explicou que a efetiva convoca\u00e7\u00e3o ser\u00e1 feita posteriormente pelo respectivo \u00f3rg\u00e3o ou entidade (minist\u00e9rios, ag\u00eancias reguladoras, institutos ou autarquias).&nbsp;A expectativa \u00e9 de que essas convoca\u00e7\u00f5es comecem a ser feitas entre o fim de abril e o in\u00edcio de maio.&nbsp;&nbsp;<\/p>\n\n\n\n<p>Al\u00e9m disso, na sexta-feira houve a convoca\u00e7\u00e3o final dos candidatos para os cursos de forma\u00e7\u00e3o de nove cargos.<strong>&nbsp;As matr\u00edculas devem ser feitas pelos convocados a partir desta semana<\/strong>.<\/p>\n\n\n\n<p>Tamb\u00e9m foram publicados editais com os habilitados para a terceira etapa dos cargos do Instituto Brasileiro de Geografia e Estat\u00edstica (IBGE) que exigem prova did\u00e1tica.<\/p>\n\n\n\n<p>A primeira edi\u00e7\u00e3o desse processo seletivo teve 2,1 milh\u00f5es de inscri\u00e7\u00f5es confirmadas. Foram disputadas&nbsp;6.640 vagas em 21 \u00f3rg\u00e3os p\u00fablicos da administra\u00e7\u00e3o p\u00fablica federal.&nbsp;<\/p>\n\n\n\n<p>Pela primeira vez no pa\u00eds, um processo seletivo permitiu que os candidatos concorressem a vagas de diferentes \u00f3rg\u00e3os com uma \u00fanica inscri\u00e7\u00e3o.<\/p>\n\n\n\n<p>As provas foram aplicadas em 18 de agosto em 228 cidades, o que permitiu que nenhum candidato precisasse viajar mais de 100 quil\u00f4metros para fazer\u00a0o exame. Cerca de 970 mil candidatos compareceram aos dois turnos do certame.<\/p>\n\n\n\n<p><\/p>\n","protected":false},"excerpt":{"rendered":"<p>O Minist\u00e9rio da Gest\u00e3o e da Inova\u00e7\u00e3o em Servi\u00e7os P\u00fablicos (MGI) alertou que as inscri\u00e7\u00f5es&#8230;<\/p>\n","protected":false},"author":4,"featured_media":11763938,"comment_status":"closed","ping_status":"closed","sticky":false,"template":"","format":"standard","meta":{"footnotes":""},"categories":[14],"tags":[],"class_list":["post-11763937","post","type-post","status-publish","format-standard","has-post-thumbnail","hentry","category-geral"],"_links":{"self":[{"href":"https:\/\/www.corumbaonline.com.br\/news\/wp-json\/wp\/v2\/posts\/11763937","targetHints":{"allow":["GET"]}}],"collection":[{"href":"https:\/\/www.corumbaonline.com.br\/news\/wp-json\/wp\/v2\/posts"}],"about":[{"href":"https:\/\/www.corumbaonline.com.br\/news\/wp-json\/wp\/v2\/types\/post"}],"author":[{"embeddable":true,"href":"https:\/\/www.corumbaonline.com.br\/news\/wp-json\/wp\/v2\/users\/4"}],"replies":[{"embeddable":true,"href":"https:\/\/www.corumbaonline.com.br\/news\/wp-json\/wp\/v2\/comments?post=11763937"}],"version-history":[{"count":1,"href":"https:\/\/www.corumbaonline.com.br\/news\/wp-json\/wp\/v2\/posts\/11763937\/revisions"}],"predecessor-version":[{"id":11763939,"href":"https:\/\/www.corumbaonline.com.br\/news\/wp-json\/wp\/v2\/posts\/11763937\/revisions\/11763939"}],"wp:featuredmedia":[{"embeddable":true,"href":"https:\/\/www.corumbaonline.com.br\/news\/wp-json\/wp\/v2\/media\/11763938"}],"wp:attachment":[{"href":"https:\/\/www.corumbaonline.com.br\/news\/wp-json\/wp\/v2\/media?parent=11763937"}],"wp:term":[{"taxonomy":"category","embeddable":true,"href":"https:\/\/www.corumbaonline.com.br\/news\/wp-json\/wp\/v2\/categories?post=11763937"},{"taxonomy":"post_tag","embeddable":true,"href":"https:\/\/www.corumbaonline.com.br\/news\/wp-json\/wp\/v2\/tags?post=11763937"}],"curies":[{"name":"wp","href":"https:\/\/api.w.org\/{rel}","templated":true}]}}