{"id":11763967,"date":"2025-03-10T15:30:00","date_gmt":"2025-03-10T19:30:00","guid":{"rendered":"https:\/\/www.corumbaonline.com.br\/news\/?p=11763967"},"modified":"2025-03-10T15:24:44","modified_gmt":"2025-03-10T19:24:44","slug":"turismo-de-ms-leva-cia-de-danca-do-pantanal-para-a-abertura-do-forum-panrotas-2025","status":"publish","type":"post","link":"https:\/\/www.corumbaonline.com.br\/news\/turismo-de-ms-leva-cia-de-danca-do-pantanal-para-a-abertura-do-forum-panrotas-2025\/","title":{"rendered":"Turismo de MS leva Cia de Dan\u00e7a do Pantanal para a abertura do F\u00f3rum Panrotas 2025"},"content":{"rendered":"\n<p>Reconhecido como um dos mais estrat\u00e9gicos eventos para a ind\u00fastria de Viagens e Turismo no Brasil, o F\u00f3rum Panrotas re\u00fane principais lideran\u00e7as do turismo nos dias 11 e 12 de mar\u00e7o em S\u00e3o Paulo. Para a abertura do evento, a Funda\u00e7\u00e3o de Turismo de Mato Grosso do Sul (Fundtur MS) leva a Cia de Dan\u00e7a do Pantanal para representar e divulgar a cultura, atrav\u00e9s da dan\u00e7a e arte, de um dos principais destinos tur\u00edsticos de Mato Grosso do Sul.<\/p>\n\n\n\n<p>Para o diretor-presidente da Funda\u00e7\u00e3o de Turismo de Mato Grosso do Sul, Bruno Wendling, a arte \u00e9 uma das formas mais genu\u00ednas de comunicar uma mensagem importante. \u201cVamos levar a mensagem da conserva\u00e7\u00e3o do Pantanal, da import\u00e2ncia da agenda clim\u00e1tica. Ent\u00e3o, poder proporcionar uma experi\u00eancia bem \u00fanica, bem diferente, para um evento como o Panrotas, tenho certeza que vai trazer um alto impacto para todos que estiverem presentes\u201d, destaca.<\/p>\n\n\n\n<figure class=\"wp-block-image\" id=\"attachment_12792\"><a href=\"https:\/\/www.turismo.ms.gov.br\/wp-content\/uploads\/2025\/03\/Gudakan-2.jpg\"><img decoding=\"async\" src=\"https:\/\/www.turismo.ms.gov.br\/wp-content\/uploads\/2025\/03\/Gudakan-2-1024x683.jpg\" alt=\"\" class=\"wp-image-12792\"\/><\/a><figcaption class=\"wp-element-caption\"><em>Espet\u00e1culo Guadakan (Foto: divulga\u00e7\u00e3o)<\/em><\/figcaption><\/figure>\n\n\n\n<p>O ponto central do espet\u00e1culo Guadakan, que ser\u00e1 apresentado pela Cia de Dan\u00e7a do Pantanal durante o evento, s\u00e3o os desafios ambientais significativos enfrentados pelo bioma.<\/p>\n\n\n\n<p>O espet\u00e1culo, que tem trilha sonora da OCAMP (Orquestra de C\u00e2mara do Pantanal) e coreografia de Chico Neller, fala do mito ind\u00edgena Guat\u00f3, etnia estabelecida na fronteira do Brasil com a Bol\u00edvia, e conta uma hist\u00f3ria que ressalta a necessidade da preserva\u00e7\u00e3o do Pantanal, unindo sustentabilidade, dan\u00e7a contempor\u00e2nea e m\u00fasica. A Cia de Dan\u00e7a e a Orquestra s\u00e3o projetos do Instituto Moinho Cultural Sul-Americano, de Corumb\u00e1.<\/p>\n\n\n\n<p>&#8220;Os antigos aprenderam e passaram a ensinar aos seus, que tudo tem um dono no Pantanal. Seres n\u00e3o humanos, sobrenaturais ou divinos, que devem ser respeitados e exigem uma conduta \u00e9tica para que ali todos possam conviver em equil\u00edbrio em meio aos recursos por eles oferecidos. Quando se quebram regras, puni\u00e7\u00f5es ser\u00e3o proferidas. Durante alguns anos de queimadas, mais de 17 milh\u00f5es de animais vertebrados foram mortos pela a\u00e7\u00e3o do fogo no Pantanal.&nbsp; No presente, o Pantanal se recupera com iniciativas de regenera\u00e7\u00e3o e preven\u00e7\u00e3o e novas imagens ressurgem no reflexo de suas \u00e1guas&#8221;, diz um trecho da apresenta\u00e7\u00e3o.<\/p>\n\n\n\n<p><strong>O F\u00f3rum<\/strong><\/p>\n\n\n\n<p>A programa\u00e7\u00e3o dos dois dias da 22\u00aa edi\u00e7\u00e3o do F\u00f3rum inclui palestras e pain\u00e9is que discutir\u00e3o o papel da lideran\u00e7a nas organiza\u00e7\u00f5es, abordando tend\u00eancias em marketing, distribui\u00e7\u00e3o, sustentabilidade, tecnologia e an\u00e1lises sobre o comportamento do consumidor.<\/p>\n\n\n\n<p>Destinado a profissionais do turismo em geral, o evento exibe cases de sucesso de diferentes modelos de neg\u00f3cios que est\u00e3o sendo reinventados pela tecnologia e pelo impacto do consumidor conectado em diferentes plataformas de comunica\u00e7\u00e3o.<\/p>\n\n\n\n<p>Palestras e pain\u00e9is discutem o papel da lideran\u00e7a dentro das organiza\u00e7\u00f5es, trazendo em cada edi\u00e7\u00e3o as tend\u00eancias do marketing, distribui\u00e7\u00e3o, sustentabilidade, tecnologia e an\u00e1lises sobre comportamento do consumidor. O evento re\u00fane as principais lideran\u00e7as dessa importante ind\u00fastria, trazendo reconhecidos palestrantes tanto do Brasil quanto do exterior.<\/p>\n\n\n\n<p>Diante da oportunidade de expor os destinos tur\u00edsticos de Mato Grosso do Sul, a participa\u00e7\u00e3o neste evento se mostra de grande import\u00e2ncia para promo\u00e7\u00e3o e divulga\u00e7\u00e3o dos destinos tur\u00edsticos com a inten\u00e7\u00e3o de fomentar o aumento do fluxo de turistas para Mato Grosso do Sul.<\/p>\n\n\n\n<p><\/p>\n","protected":false},"excerpt":{"rendered":"<p>Reconhecido como um dos mais estrat\u00e9gicos eventos para a ind\u00fastria de Viagens e Turismo no&#8230;<\/p>\n","protected":false},"author":13,"featured_media":11763968,"comment_status":"closed","ping_status":"closed","sticky":false,"template":"","format":"standard","meta":{"footnotes":""},"categories":[8,23],"tags":[],"class_list":["post-11763967","post","type-post","status-publish","format-standard","has-post-thumbnail","hentry","category-destaque","category-turismo"],"_links":{"self":[{"href":"https:\/\/www.corumbaonline.com.br\/news\/wp-json\/wp\/v2\/posts\/11763967","targetHints":{"allow":["GET"]}}],"collection":[{"href":"https:\/\/www.corumbaonline.com.br\/news\/wp-json\/wp\/v2\/posts"}],"about":[{"href":"https:\/\/www.corumbaonline.com.br\/news\/wp-json\/wp\/v2\/types\/post"}],"author":[{"embeddable":true,"href":"https:\/\/www.corumbaonline.com.br\/news\/wp-json\/wp\/v2\/users\/13"}],"replies":[{"embeddable":true,"href":"https:\/\/www.corumbaonline.com.br\/news\/wp-json\/wp\/v2\/comments?post=11763967"}],"version-history":[{"count":1,"href":"https:\/\/www.corumbaonline.com.br\/news\/wp-json\/wp\/v2\/posts\/11763967\/revisions"}],"predecessor-version":[{"id":11763969,"href":"https:\/\/www.corumbaonline.com.br\/news\/wp-json\/wp\/v2\/posts\/11763967\/revisions\/11763969"}],"wp:featuredmedia":[{"embeddable":true,"href":"https:\/\/www.corumbaonline.com.br\/news\/wp-json\/wp\/v2\/media\/11763968"}],"wp:attachment":[{"href":"https:\/\/www.corumbaonline.com.br\/news\/wp-json\/wp\/v2\/media?parent=11763967"}],"wp:term":[{"taxonomy":"category","embeddable":true,"href":"https:\/\/www.corumbaonline.com.br\/news\/wp-json\/wp\/v2\/categories?post=11763967"},{"taxonomy":"post_tag","embeddable":true,"href":"https:\/\/www.corumbaonline.com.br\/news\/wp-json\/wp\/v2\/tags?post=11763967"}],"curies":[{"name":"wp","href":"https:\/\/api.w.org\/{rel}","templated":true}]}}