{"id":11763970,"date":"2025-03-10T15:45:58","date_gmt":"2025-03-10T19:45:58","guid":{"rendered":"https:\/\/www.corumbaonline.com.br\/news\/?p=11763970"},"modified":"2025-03-10T15:47:05","modified_gmt":"2025-03-10T19:47:05","slug":"pec-da-seguranca-publica-vai-prever-competencias-de-guardas-municipais","status":"publish","type":"post","link":"https:\/\/www.corumbaonline.com.br\/news\/pec-da-seguranca-publica-vai-prever-competencias-de-guardas-municipais\/","title":{"rendered":"PEC da Seguran\u00e7a P\u00fablica vai prever compet\u00eancias de guardas municipais"},"content":{"rendered":"\n<p>O ministro da Justi\u00e7a e Seguran\u00e7a P\u00fablica, Ricardo Lewandowski, disse nesta segunda-feira (10) que&nbsp;<strong>a proposta de emenda \u00e0 Constitui\u00e7\u00e3o da Seguran\u00e7a P\u00fablica (PEC) que ser\u00e1 enviada ao Congresso Nacional, vai incorporar o entendimento do Supremo Tribunal Federal (STF) sobre as guardas municipais<\/strong>.&nbsp;<img decoding=\"async\" src=\"https:\/\/agenciabrasil.ebc.com.br\/ebc.png?id=1633909&amp;o=node\"><img decoding=\"async\" src=\"https:\/\/agenciabrasil.ebc.com.br\/ebc.gif?id=1633909&amp;o=node\"><\/p>\n\n\n\n<p>Em decis\u00e3o no final de fevereiro, a Corte confirmou que as guardas municipais podem fazer\u00a0policiamento ostensivo nas vias p\u00fablicas, respeitando-se os limites de compet\u00eancias com as demais for\u00e7as de seguran\u00e7a.<\/p>\n\n\n\n<blockquote class=\"wp-block-quote is-layout-flow wp-block-quote-is-layout-flow\">\n<p>&#8220;Essa tese do Supremo foi incorporada \u00e0 PEC. A PEC hoje tem a integra\u00e7\u00e3o de todas as pol\u00edcias brasileiras, desde a Pol\u00edcia Federal at\u00e9 a Guarda Municipal, na base do sistema&#8221;, explicou o ministro em conversa com jornalistas no Pal\u00e1cio do Planalto.&nbsp;<\/p>\n<\/blockquote>\n\n\n\n<p><strong>Lewandowski disse que o texto est\u00e1 em an\u00e1lise na Casa Civil<\/strong>, e que deve ser enviado, em breve, ao Congresso Nacional, mas n\u00e3o deu uma data para o envio.<\/p>\n\n\n\n<h2 class=\"wp-block-heading\">O que muda<\/h2>\n\n\n\n<p>A PEC da Seguran\u00e7a P\u00fablica altera a reda\u00e7\u00e3o dos artigos 21, 22, 23 e 24 da Constitui\u00e7\u00e3o Federal, que tratam das compet\u00eancias da Uni\u00e3o, privativas ou em comum com os estados, munic\u00edpios e o Distrito Federal, e&nbsp;<strong>muda o Artigo 144, sobre os \u00f3rg\u00e3os que cuidam da seguran\u00e7a p\u00fablica em todo o pa\u00eds<\/strong>.<\/p>\n\n\n\n<p>Com a proposta, o\u00a0governo federal pretende dar status constitucional ao Sistema \u00danico de Seguran\u00e7a P\u00fablica (Susp), criado por lei ordin\u00e1ria em 2018 (<a href=\"https:\/\/www.planalto.gov.br\/ccivil_03\/_ato2015-2018\/2018\/lei\/L13675.htm\" target=\"_blank\" rel=\"noreferrer noopener\">Lei 13.675<\/a>), e levar para a Constitui\u00e7\u00e3o Federal a previs\u00e3o do Fundo Nacional de Seguran\u00e7a P\u00fablica e do Fundo Penitenci\u00e1rio, que atualmente est\u00e3o estabelecidos em leis pr\u00f3prias.<\/p>\n\n\n\n<p><strong>O texto da PEC tamb\u00e9m aumenta as atribui\u00e7\u00f5es da Pol\u00edcia Federal (PF) e da Pol\u00edcia Rodovi\u00e1ria Federal (PRF)<\/strong>, que passaria a ser chamar Pol\u00edcia Vi\u00e1ria Federal, abrangendo o patrulhamento ostensivo das rodovias, ferrovias e hidrovias federais.<\/p>\n","protected":false},"excerpt":{"rendered":"<p>O ministro da Justi\u00e7a e Seguran\u00e7a P\u00fablica, Ricardo Lewandowski, disse nesta segunda-feira (10) que&nbsp;a proposta&#8230;<\/p>\n","protected":false},"author":4,"featured_media":11763972,"comment_status":"closed","ping_status":"closed","sticky":false,"template":"","format":"standard","meta":{"footnotes":""},"categories":[8,18],"tags":[],"class_list":["post-11763970","post","type-post","status-publish","format-standard","has-post-thumbnail","hentry","category-destaque","category-seguranca"],"_links":{"self":[{"href":"https:\/\/www.corumbaonline.com.br\/news\/wp-json\/wp\/v2\/posts\/11763970","targetHints":{"allow":["GET"]}}],"collection":[{"href":"https:\/\/www.corumbaonline.com.br\/news\/wp-json\/wp\/v2\/posts"}],"about":[{"href":"https:\/\/www.corumbaonline.com.br\/news\/wp-json\/wp\/v2\/types\/post"}],"author":[{"embeddable":true,"href":"https:\/\/www.corumbaonline.com.br\/news\/wp-json\/wp\/v2\/users\/4"}],"replies":[{"embeddable":true,"href":"https:\/\/www.corumbaonline.com.br\/news\/wp-json\/wp\/v2\/comments?post=11763970"}],"version-history":[{"count":1,"href":"https:\/\/www.corumbaonline.com.br\/news\/wp-json\/wp\/v2\/posts\/11763970\/revisions"}],"predecessor-version":[{"id":11763971,"href":"https:\/\/www.corumbaonline.com.br\/news\/wp-json\/wp\/v2\/posts\/11763970\/revisions\/11763971"}],"wp:featuredmedia":[{"embeddable":true,"href":"https:\/\/www.corumbaonline.com.br\/news\/wp-json\/wp\/v2\/media\/11763972"}],"wp:attachment":[{"href":"https:\/\/www.corumbaonline.com.br\/news\/wp-json\/wp\/v2\/media?parent=11763970"}],"wp:term":[{"taxonomy":"category","embeddable":true,"href":"https:\/\/www.corumbaonline.com.br\/news\/wp-json\/wp\/v2\/categories?post=11763970"},{"taxonomy":"post_tag","embeddable":true,"href":"https:\/\/www.corumbaonline.com.br\/news\/wp-json\/wp\/v2\/tags?post=11763970"}],"curies":[{"name":"wp","href":"https:\/\/api.w.org\/{rel}","templated":true}]}}