{"id":11763973,"date":"2025-03-10T16:16:45","date_gmt":"2025-03-10T20:16:45","guid":{"rendered":"https:\/\/www.corumbaonline.com.br\/news\/?p=11763973"},"modified":"2025-03-10T16:16:48","modified_gmt":"2025-03-10T20:16:48","slug":"camara-vai-debater-neste-semestre-se-aumenta-numero-de-deputados-ou-redistribui-vagas-entre-estados","status":"publish","type":"post","link":"https:\/\/www.corumbaonline.com.br\/news\/camara-vai-debater-neste-semestre-se-aumenta-numero-de-deputados-ou-redistribui-vagas-entre-estados\/","title":{"rendered":"C\u00e2mara vai debater neste semestre se aumenta n\u00famero de deputados ou redistribui vagas entre estados"},"content":{"rendered":"\n<p>Uma das propostas que devem ser discutidas na C\u00e2mara dos Deputados neste semestre \u00e9 a que ajusta o n\u00famero de integrantes das bancadas estaduais e do Distrito Federal na Casa. Esse ajuste valeria para a legislatura que ter\u00e1 in\u00edcio em 2027, observado o Censo Demogr\u00e1fico de 2022, do Instituto Brasileiro de Geografia e Estat\u00edstica (IBGE).<\/p>\n\n\n\n<p>Em 2023, o Supremo Tribunal Federal (STF) decidiu que o n\u00famero de deputados de cada estado deve ser revisto, em raz\u00e3o do Censo de 2022.\u00a0O tribunal determinou que o Congresso Nacional edite, at\u00e9 30 de junho deste ano, uma lei revisando a distribui\u00e7\u00e3o do n\u00famero de cadeiras de deputados federais em rela\u00e7\u00e3o \u00e0 popula\u00e7\u00e3o de cada estado.<\/p>\n\n\n\n<p><strong>Mais vagas na C\u00e2mara<\/strong><br>O presidente da C\u00e2mara dos Deputados, Hugo Motta (Republicanos-PB), j\u00e1 sinalizou a inten\u00e7\u00e3o de construir um acordo com o STF para aumentar o n\u00famero de deputados federais. Pela sugest\u00e3o de Motta, a Casa passaria a ter mais 14 deputados federais, al\u00e9m dos atuais 513, totalizando 527.<\/p>\n\n\n\n<ul class=\"wp-block-list\">\n<li>Motta quer acordo com STF para aumentar n\u00famero de deputados federais sem elevar gastos<\/li>\n<\/ul>\n\n\n\n<p><strong>Ganha x perde<br><\/strong>Segundo Proje\u00e7\u00e3o do Departamento Intersindical de Assessoria Parlamentar (Diap), as novas estimativas do Censo 2022 alterariam a composi\u00e7\u00e3o de 14 estados: sete ganhariam cadeiras e sete perderiam.<\/p>\n\n\n\n<p>Perderiam vagas:<\/p>\n\n\n\n<ul class=\"wp-block-list\">\n<li>Rio de Janeiro (4),<\/li>\n\n\n\n<li>Rio Grande do Sul (2),<\/li>\n\n\n\n<li>Piau\u00ed (2),<\/li>\n\n\n\n<li>Para\u00edba (2),<\/li>\n\n\n\n<li>Bahia (2),<\/li>\n\n\n\n<li>Pernambuco (1), e<\/li>\n\n\n\n<li>Alagoas (1).<\/li>\n<\/ul>\n\n\n\n<p>Ganhariam vagas:<\/p>\n\n\n\n<ul class=\"wp-block-list\">\n<li>Santa Catarina (4),<\/li>\n\n\n\n<li>Par\u00e1 (4),<\/li>\n\n\n\n<li>Amazonas (2),<\/li>\n\n\n\n<li>Cear\u00e1 (1),<\/li>\n\n\n\n<li>Goi\u00e1s (1),<\/li>\n\n\n\n<li>Minas Gerais (1), e<\/li>\n\n\n\n<li>Mato Grosso (1).<\/li>\n<\/ul>\n\n\n\n<p><strong>Proposta em discuss\u00e3o 148<\/strong><br>O Projeto de Lei Complementar 148\/23, em an\u00e1lise na C\u00e2mara, j\u00e1 faz esse ajuste nas bancadas.&nbsp;O texto tamb\u00e9m determina que o tamanho da representa\u00e7\u00e3o de cada estado e do Distrito Federal dever\u00e1 ser anunciado no ano anterior \u00e0s elei\u00e7\u00f5es, a partir de atualiza\u00e7\u00e3o fornecida pelo IBGE.<\/p>\n\n\n\n<p>O autor do projeto, deputado Pezenti (MDB-SC), avalia que a redistribui\u00e7\u00e3o do n\u00famero de cadeiras a que cada estado tem direito garante mais equil\u00edbrio federativo.&nbsp;\u201cCriar mais vagas \u00e9 um tapa na cara do brasileiro&#8221;, critica.<\/p>\n\n\n\n<p>Pezenti afirma que houve uma migra\u00e7\u00e3o entre estados, mas o n\u00famero de deputados nessas bancadas n\u00e3o foi atualizado. &#8220;Santa Catarina, que eu represento, tem 16 deputados e tivemos um aumento populacional significativo. Ter\u00edamos direito a mais quatro vagas&#8221;, exemplifica.<\/p>\n\n\n\n<p>&#8220;Para que estados ganhem o que t\u00eam direito, outros estados t\u00eam que perder. Isso \u00e9 justi\u00e7a\u201d, afirma.<\/p>\n\n\n\n<p><strong>Responsabilidade fiscal<\/strong><br>J\u00e1 o deputado \u00c1tila Lira (PP-PI) defende o aumento do n\u00famero de parlamentares. Lira \u00e9 representante do Piau\u00ed, estado que perderia duas vagas caso o projeto de Pezenti fosse aprovado.<\/p>\n\n\n\n<p>Para Lira, \u00e9 poss\u00edvel preservar a representatividade dos estados e aumentar o n\u00famero de parlamentares nos estados que tiveram aumento populacional. Segundo o deputado piauiense, o desafio \u00e9 manter a representatividade com responsabilidade fiscal.<\/p>\n\n\n\n<p>\u201cNo momento que o Pa\u00eds discute responsabilidade fiscal, a gente n\u00e3o poderia manter essa responsabilidade e aumentar o custo para o Pa\u00eds&#8221;, afirma. &#8220;Isso foi discutido com presidente Hugo Motta: podemos manter a mesma despesa, fazendo ajustes, congelando verbas de gabinete e reagrupando despesas de pessoal\u201d, sugere \u00c1tila Lira.<\/p>\n\n\n\n<p><\/p>\n","protected":false},"excerpt":{"rendered":"<p>Uma das propostas que devem ser discutidas na C\u00e2mara dos Deputados neste semestre \u00e9 a&#8230;<\/p>\n","protected":false},"author":21,"featured_media":7563,"comment_status":"closed","ping_status":"closed","sticky":false,"template":"","format":"standard","meta":{"footnotes":""},"categories":[19],"tags":[],"class_list":["post-11763973","post","type-post","status-publish","format-standard","has-post-thumbnail","hentry","category-politica"],"_links":{"self":[{"href":"https:\/\/www.corumbaonline.com.br\/news\/wp-json\/wp\/v2\/posts\/11763973","targetHints":{"allow":["GET"]}}],"collection":[{"href":"https:\/\/www.corumbaonline.com.br\/news\/wp-json\/wp\/v2\/posts"}],"about":[{"href":"https:\/\/www.corumbaonline.com.br\/news\/wp-json\/wp\/v2\/types\/post"}],"author":[{"embeddable":true,"href":"https:\/\/www.corumbaonline.com.br\/news\/wp-json\/wp\/v2\/users\/21"}],"replies":[{"embeddable":true,"href":"https:\/\/www.corumbaonline.com.br\/news\/wp-json\/wp\/v2\/comments?post=11763973"}],"version-history":[{"count":1,"href":"https:\/\/www.corumbaonline.com.br\/news\/wp-json\/wp\/v2\/posts\/11763973\/revisions"}],"predecessor-version":[{"id":11763974,"href":"https:\/\/www.corumbaonline.com.br\/news\/wp-json\/wp\/v2\/posts\/11763973\/revisions\/11763974"}],"wp:featuredmedia":[{"embeddable":true,"href":"https:\/\/www.corumbaonline.com.br\/news\/wp-json\/wp\/v2\/media\/7563"}],"wp:attachment":[{"href":"https:\/\/www.corumbaonline.com.br\/news\/wp-json\/wp\/v2\/media?parent=11763973"}],"wp:term":[{"taxonomy":"category","embeddable":true,"href":"https:\/\/www.corumbaonline.com.br\/news\/wp-json\/wp\/v2\/categories?post=11763973"},{"taxonomy":"post_tag","embeddable":true,"href":"https:\/\/www.corumbaonline.com.br\/news\/wp-json\/wp\/v2\/tags?post=11763973"}],"curies":[{"name":"wp","href":"https:\/\/api.w.org\/{rel}","templated":true}]}}