{"id":11764008,"date":"2025-03-11T08:50:00","date_gmt":"2025-03-11T12:50:00","guid":{"rendered":"https:\/\/www.corumbaonline.com.br\/news\/?p=11764008"},"modified":"2025-03-11T09:03:09","modified_gmt":"2025-03-11T13:03:09","slug":"deputado-caravina-percorre-cidades-do-ms-e-reforca-compromisso-com-os-municipios","status":"publish","type":"post","link":"https:\/\/www.corumbaonline.com.br\/news\/deputado-caravina-percorre-cidades-do-ms-e-reforca-compromisso-com-os-municipios\/","title":{"rendered":"Deputado Caravina percorre cidades do MS e refor\u00e7a compromisso com os munic\u00edpios"},"content":{"rendered":"\n<p>O deputado estadual Caravina intensificou sua agenda pelo interior de Mato Grosso do Sul, visitando seis munic\u00edpios para dialogar com prefeitos, vereadores e lideran\u00e7as locais. Nos \u00faltimos dias, ele esteve em F\u00e1tima do Sul, Gl\u00f3ria de Dourados, Deod\u00e1polis, Bataypor\u00e3, Nova Andradina e Anauril\u00e2ndia, ouvindo demandas e refor\u00e7ando seu compromisso com o desenvolvimento regional.<\/p>\n\n\n\n<p>Em Gl\u00f3ria de Dourados, Caravina foi recebido pelo prefeito J\u00falio Buguelo. J\u00e1 em Anauril\u00e2ndia, esteve com o prefeito Professor Rafael para debater projetos importantes para o munic\u00edpio. Em Nova Andradina, conversou com o prefeito Leandro Fedossi sobre investimentos na cidade.<\/p>\n\n\n\n<p>Em Bataypor\u00e3, o parlamentar se reuniu com o prefeito Germino Roz para discutir melhorias locais. Em Deod\u00e1polis, o encontro foi com o prefeito Jean Gomes, que apresentou demandas priorit\u00e1rias. J\u00e1 em F\u00e1tima do Sul, Caravina dialogou com o prefeito Wagner da Garagem e a vice-prefeita Silvana Vasconcelos, refor\u00e7ando a parceria para avan\u00e7os na regi\u00e3o.<\/p>\n\n\n\n<p>Durante as visitas, al\u00e9m de tratar de temas como infraestrutura, sa\u00fade e educa\u00e7\u00e3o, o deputado tamb\u00e9m prestigiou eventos alusivos ao Dia Internacional da Mulher, destacando a import\u00e2ncia da valoriza\u00e7\u00e3o feminina em diversas \u00e1reas da sociedade.<\/p>\n\n\n\n<p>\u201cA proximidade com a popula\u00e7\u00e3o e com as lideran\u00e7as locais \u00e9 essencial para que possamos construir solu\u00e7\u00f5es eficazes para cada munic\u00edpio. Nosso compromisso \u00e9 trabalhar por um Mato Grosso do Sul mais desenvolvido e com oportunidades para todos\u201d, afirmou Caravina.<\/p>\n\n\n\n<p>Com uma trajet\u00f3ria consolidada na gest\u00e3o p\u00fablica, o parlamentar reafirmou sua disposi\u00e7\u00e3o em levar as principais demandas dos munic\u00edpios ao governo estadual, buscando investimentos e solu\u00e7\u00f5es que atendam \u00e0s necessidades da popula\u00e7\u00e3o.<\/p>\n\n\n\n<p>A agenda do deputado segue intensa nos pr\u00f3ximos dias, com novas visitas e articula\u00e7\u00f5es para fortalecer os munic\u00edpios sul-mato-grossenses.<\/p>\n","protected":false},"excerpt":{"rendered":"<p>O deputado estadual Caravina intensificou sua agenda pelo interior de Mato Grosso do Sul, visitando&#8230;<\/p>\n","protected":false},"author":9,"featured_media":11764009,"comment_status":"closed","ping_status":"closed","sticky":false,"template":"","format":"standard","meta":{"footnotes":""},"categories":[19],"tags":[188],"class_list":["post-11764008","post","type-post","status-publish","format-standard","has-post-thumbnail","hentry","category-politica","tag-politica"],"_links":{"self":[{"href":"https:\/\/www.corumbaonline.com.br\/news\/wp-json\/wp\/v2\/posts\/11764008","targetHints":{"allow":["GET"]}}],"collection":[{"href":"https:\/\/www.corumbaonline.com.br\/news\/wp-json\/wp\/v2\/posts"}],"about":[{"href":"https:\/\/www.corumbaonline.com.br\/news\/wp-json\/wp\/v2\/types\/post"}],"author":[{"embeddable":true,"href":"https:\/\/www.corumbaonline.com.br\/news\/wp-json\/wp\/v2\/users\/9"}],"replies":[{"embeddable":true,"href":"https:\/\/www.corumbaonline.com.br\/news\/wp-json\/wp\/v2\/comments?post=11764008"}],"version-history":[{"count":1,"href":"https:\/\/www.corumbaonline.com.br\/news\/wp-json\/wp\/v2\/posts\/11764008\/revisions"}],"predecessor-version":[{"id":11764010,"href":"https:\/\/www.corumbaonline.com.br\/news\/wp-json\/wp\/v2\/posts\/11764008\/revisions\/11764010"}],"wp:featuredmedia":[{"embeddable":true,"href":"https:\/\/www.corumbaonline.com.br\/news\/wp-json\/wp\/v2\/media\/11764009"}],"wp:attachment":[{"href":"https:\/\/www.corumbaonline.com.br\/news\/wp-json\/wp\/v2\/media?parent=11764008"}],"wp:term":[{"taxonomy":"category","embeddable":true,"href":"https:\/\/www.corumbaonline.com.br\/news\/wp-json\/wp\/v2\/categories?post=11764008"},{"taxonomy":"post_tag","embeddable":true,"href":"https:\/\/www.corumbaonline.com.br\/news\/wp-json\/wp\/v2\/tags?post=11764008"}],"curies":[{"name":"wp","href":"https:\/\/api.w.org\/{rel}","templated":true}]}}