{"id":11764011,"date":"2025-03-11T09:04:00","date_gmt":"2025-03-11T13:04:00","guid":{"rendered":"https:\/\/www.corumbaonline.com.br\/news\/?p=11764011"},"modified":"2025-03-11T11:41:59","modified_gmt":"2025-03-11T15:41:59","slug":"mutirao-juridico-e-assistencial-leva-maior-dignidade-a-custodiadas-em-presidios-femininos-do-interior","status":"publish","type":"post","link":"https:\/\/www.corumbaonline.com.br\/news\/mutirao-juridico-e-assistencial-leva-maior-dignidade-a-custodiadas-em-presidios-femininos-do-interior\/","title":{"rendered":"Mutir\u00e3o jur\u00eddico e assistencial leva maior dignidade a custodiadas em pres\u00eddios femininos do interior"},"content":{"rendered":"<p>Uma iniciativa conjunta da Agepen (Ag\u00eancia Estadual de Administra\u00e7\u00e3o do Sistema Penitenci\u00e1rio) e do Tribunal de Justi\u00e7a, por meio da 1\u00aa VEPIn (Vara de Execu\u00e7\u00e3o Penal do Interior), est\u00e1 promovendo mutir\u00f5es jur\u00eddicos e assistenciais para custodiadas em estabelecimentos prisionais femininos nas cidades de Rio Brilhante, Corumb\u00e1, Jate\u00ed, Ponta Por\u00e3, Tr\u00eas Lagoas e S\u00e3o Gabriel do Oeste. A iniciativa conta ainda com o apoio de diversos colaboradores.<\/p>\n<p><a href=\"https:\/\/www.agepen.ms.gov.br\/wp-content\/uploads\/2025\/03\/Atendimento-juridico-individualizado-.png\"><img loading=\"lazy\" decoding=\"async\" class=\"alignleft size-medium wp-image-83509\" src=\"https:\/\/www.agepen.ms.gov.br\/wp-content\/uploads\/2025\/03\/Atendimento-juridico-individualizado--210x300.png\" alt=\"\" width=\"210\" height=\"300\" \/><\/a>Focadas na dignidade e ressocializa\u00e7\u00e3o das mulheres privadas de liberdade, as a\u00e7\u00f5es tiveram in\u00edcio no \u00faltimo dia 7, no Estabelecimento Penal Feminino de Rio Brilhante; o local foi escolhido por que a ideia inicial do mutir\u00e3o jur\u00eddico partiu de uma servidora lotada na unidade: a policial penal Ednalva Pereira da Silva. Durante a a\u00e7\u00e3o, o juiz Luiz Felipe Medeiros Vieira, titular da 1\u00aa VEPIn, realizou atendimentos jur\u00eddicos especializados, com an\u00e1lise individualizada dos processos das internas.<\/p>\n<p>\u201cNosso objetivo \u00e9 conceder maior dignidade \u00e0s custodiadas, revisando processos e antecipando benef\u00edcios legais para aquelas com bom comportamento, sempre com foco na ressocializa\u00e7\u00e3o\u201d, destacou o magistrado.<\/p>\n<p>Como resultado da iniciativa, foram concedidas seis progress\u00f5es de regime, al\u00e9m de outras oito que j\u00e1 haviam sido antecipadas, beneficiando reeducandas que atendiam aos requisitos legais. Todas as internas tamb\u00e9m puderam consultar a situa\u00e7\u00e3o de suas execu\u00e7\u00f5es penais. A defensora p\u00fablica N\u00e1dia Beatriz Maggioni tamb\u00e9m participou do mutir\u00e3o, prestando atendimento jur\u00eddico.<\/p>\n<p>Paralelamente, um Mutir\u00e3o de Sa\u00fade foi promovido em parceria com a Secretaria Municipal de Sa\u00fade, oferecendo exames e testes r\u00e1pidos para garantir o bem-estar das reeducandas. A a\u00e7\u00e3o incluiu ainda servi\u00e7os de autocuidado, como corte de cabelo, manicure e maquiagem, realizados por profissionais volunt\u00e1rios.<\/p>\n<p>Al\u00e9m disso, a chefe da Divis\u00e3o de Sa\u00fade da Agepen, policial penal Lil\u00e9ia Leite, promoveu sess\u00f5es de auriculoterapia. As reeducandas participaram ainda de atividades de lazer realizadas em parceria com a dentista \u00c1tila J\u00falia Vieira de Mello, que atende no pres\u00eddio.<\/p>\n<p><a href=\"https:\/\/www.agepen.ms.gov.br\/wp-content\/uploads\/2025\/03\/EPFRB-18.jpg\"><img loading=\"lazy\" decoding=\"async\" class=\"alignright size-medium wp-image-83490\" src=\"https:\/\/www.agepen.ms.gov.br\/wp-content\/uploads\/2025\/03\/EPFRB-18-300x218.jpg\" alt=\"\" width=\"300\" height=\"218\" \/><\/a>\u00c0 frente da unidade h\u00e1 dois meses, a policial penal Josy Tasca tem implementado melhorias estruturais e assistenciais no pres\u00eddio, incluindo a pintura de espa\u00e7os, a disponibiliza\u00e7\u00e3o de garrafas de \u00e1gua nas celas, a adequa\u00e7\u00e3o da fachada para refor\u00e7ar a seguran\u00e7a e a implanta\u00e7\u00e3o de atividades educativas e recreativas.<\/p>\n<p>Entre as iniciativas de destaque, a unidade tamb\u00e9m expandiu o Programa de Dignidade Menstrual, que produz absorventes higi\u00eanicos com m\u00e3o de obra prisional.<\/p>\n<p>\u201cAgora contamos com duas m\u00e1quinas, mesa de corte, processo de esteriliza\u00e7\u00e3o e seladora, o que permitir\u00e1 ampliar a produ\u00e7\u00e3o e atender melhor nossas custodiadas\u201d, afirmou a diretora, enfatizando o apoio dos servidores e outros parceiros para que esses avan\u00e7os aconte\u00e7am.<\/p>\n<p>Visando ampliar as oportunidades de trabalho e remi\u00e7\u00e3o de pena para as internas, a unidade recebeu a visita de empres\u00e1rios do setor t\u00eaxtil, que estudam a implanta\u00e7\u00e3o de uma oficina de confec\u00e7\u00e3o no pres\u00eddio. A visita foi acompanhada pela chefe da Divis\u00e3o de Trabalho Prisional da ag\u00eancia penitenci\u00e1ria, policial penal Elaine Alencar.<\/p>\n<p>A diretora de Assist\u00eancia Penitenci\u00e1ria da Agepen, policial penal Maria de Lourdes Delgado Alves, ressaltou que a humaniza\u00e7\u00e3o do sistema prisional reflete diretamente na tranquilidade do ambiente carcer\u00e1rio. \u201cQueremos garantir dignidade e estimular a reinser\u00e7\u00e3o social. O impacto positivo dessas a\u00e7\u00f5es na vida das internas \u00e9 evidente\u201d, destacou.<\/p>\n<p>\u201cEsta iniciativa representa um passo significativo para uma execu\u00e7\u00e3o penal mais justa e inclusiva, provando que a ressocializa\u00e7\u00e3o \u00e9 poss\u00edvel por meio de parcerias e compromisso com a dignidade humana\u201d, finalizou.<\/p>\n<p>O pr\u00f3ximo mutir\u00e3o ocorrer\u00e1 no Estabelecimento Penal Feminino de Corumb\u00e1, no in\u00edcio de abril. A programa\u00e7\u00e3o prev\u00ea a realiza\u00e7\u00e3o das a\u00e7\u00f5es em todas as unidades femininas do interior at\u00e9 o fim de maio.<\/p>\n","protected":false},"excerpt":{"rendered":"<p>Uma iniciativa conjunta da Agepen (Ag\u00eancia Estadual de Administra\u00e7\u00e3o do Sistema Penitenci\u00e1rio) e do Tribunal&#8230;<\/p>\n","protected":false},"author":13,"featured_media":11764012,"comment_status":"closed","ping_status":"closed","sticky":false,"template":"","format":"standard","meta":{"footnotes":""},"categories":[18],"tags":[249],"class_list":["post-11764011","post","type-post","status-publish","format-standard","has-post-thumbnail","hentry","category-seguranca","tag-seguranca"],"_links":{"self":[{"href":"https:\/\/www.corumbaonline.com.br\/news\/wp-json\/wp\/v2\/posts\/11764011","targetHints":{"allow":["GET"]}}],"collection":[{"href":"https:\/\/www.corumbaonline.com.br\/news\/wp-json\/wp\/v2\/posts"}],"about":[{"href":"https:\/\/www.corumbaonline.com.br\/news\/wp-json\/wp\/v2\/types\/post"}],"author":[{"embeddable":true,"href":"https:\/\/www.corumbaonline.com.br\/news\/wp-json\/wp\/v2\/users\/13"}],"replies":[{"embeddable":true,"href":"https:\/\/www.corumbaonline.com.br\/news\/wp-json\/wp\/v2\/comments?post=11764011"}],"version-history":[{"count":1,"href":"https:\/\/www.corumbaonline.com.br\/news\/wp-json\/wp\/v2\/posts\/11764011\/revisions"}],"predecessor-version":[{"id":11764013,"href":"https:\/\/www.corumbaonline.com.br\/news\/wp-json\/wp\/v2\/posts\/11764011\/revisions\/11764013"}],"wp:featuredmedia":[{"embeddable":true,"href":"https:\/\/www.corumbaonline.com.br\/news\/wp-json\/wp\/v2\/media\/11764012"}],"wp:attachment":[{"href":"https:\/\/www.corumbaonline.com.br\/news\/wp-json\/wp\/v2\/media?parent=11764011"}],"wp:term":[{"taxonomy":"category","embeddable":true,"href":"https:\/\/www.corumbaonline.com.br\/news\/wp-json\/wp\/v2\/categories?post=11764011"},{"taxonomy":"post_tag","embeddable":true,"href":"https:\/\/www.corumbaonline.com.br\/news\/wp-json\/wp\/v2\/tags?post=11764011"}],"curies":[{"name":"wp","href":"https:\/\/api.w.org\/{rel}","templated":true}]}}