{"id":11764046,"date":"2025-03-11T16:46:13","date_gmt":"2025-03-11T20:46:13","guid":{"rendered":"https:\/\/www.corumbaonline.com.br\/news\/?p=11764046"},"modified":"2025-03-11T16:46:15","modified_gmt":"2025-03-11T20:46:15","slug":"programa-povo-das-aguas-atende-ribeirinhos-do-alto-pantanal-a-partir-de-16-de-marco","status":"publish","type":"post","link":"https:\/\/www.corumbaonline.com.br\/news\/programa-povo-das-aguas-atende-ribeirinhos-do-alto-pantanal-a-partir-de-16-de-marco\/","title":{"rendered":"Programa Povo das \u00c1guas atende ribeirinhos do Alto Pantanal a partir de 16 de mar\u00e7o"},"content":{"rendered":"\n<p>A Prefeitura Municipal de Corumb\u00e1, por meio da Secretaria Municipal de Assist\u00eancia Social e Cidadania, informa que entre os dias 16 e 22 de mar\u00e7o de 2025, ser\u00e1 realizada mais uma etapa do Programa Social Povo das \u00c1guas. Essa a\u00e7\u00e3o ocorrer\u00e1 na regi\u00e3o do Alto Pantanal, abrangendo diversas comunidades ribeirinhas, como Tuiui\u00fa, Capim Gordura, Tagiloma, Piuval, Domingos Ramos, Castelo, Ilha Verde, Paraguai-Mirim, S\u00e3o Francisco, Mato Grande, Coqueiro, Bomfim, S\u00e3o Pedro, Chan\u00e9, Barra do S\u00e3o Louren\u00e7o, Amolar, Bin\u00eaga, Rio S\u00e3o Louren\u00e7o, Porto Mangueiral e Porto Novo Horizonte.<\/p>\n\n\n\n<p>Criado em 2009, o Programa Social Povo das \u00c1guas tem como objetivo levar servi\u00e7os p\u00fablicos essenciais \u00e0s popula\u00e7\u00f5es que vivem em regi\u00f5es de dif\u00edcil acesso, promovendo o bem-estar e a inclus\u00e3o social. O programa se destaca por sua equipe multidisciplinar, composta por profissionais de diferentes \u00e1reas, que oferecem servi\u00e7os nas \u00e1reas de sa\u00fade, assist\u00eancia social e educa\u00e7\u00e3o, al\u00e9m da distribui\u00e7\u00e3o de benef\u00edcios eventuais e a\u00e7\u00f5es que promovam o desenvolvimento comunit\u00e1rio integrado e sustent\u00e1vel.<\/p>\n\n\n\n<p>Amparado pela Lei Municipal n\u00ba 2.263, de 24 de agosto de 2012, o programa \u00e9 uma iniciativa que envolve o poder p\u00fablico, a sociedade civil organizada e colaboradores, com o prop\u00f3sito de garantir atendimento digno e eficaz \u00e0s comunidades ribeirinhas, fortalecendo os v\u00ednculos sociais e promovendo o acesso a pol\u00edticas p\u00fablicas de qualidade.<\/p>\n\n\n\n<p><img loading=\"lazy\" decoding=\"async\" width=\"677\" height=\"572\" src=\"https:\/\/corumba.ms.gov.br\/public\/uploads\/galeria\/2025\/CIDADANIA\/POVODASAGUAS\/CRONOGRAMAACAOUM\/cronograma3.jpg\" alt=\"\"><\/p>\n\n\n\n<p>A Prefeitura de Corumb\u00e1 reafirma seu compromisso com o bem-estar da popula\u00e7\u00e3o, trabalhando para levar dignidade e servi\u00e7os essenciais a todos os cidad\u00e3os, especialmente \u00e0queles que vivem em \u00e1reas remotas. A programa\u00e7\u00e3o inclui atendimento a diversas comunidades com servi\u00e7os p\u00fablicos voltados \u00e0 sa\u00fade, assist\u00eancia social e educa\u00e7\u00e3o.<\/p>\n\n\n\n<p><strong>Cronograma<\/strong><\/p>\n\n\n\n<p><em><strong>16\/03\/2025 \u2013<\/strong>&nbsp;<\/em>Partida do Porto Limoeiro \u00e0s 08h com atendimento na regi\u00e3o de Tagiloma\/Tuiui\u00fa\/Piuval ap\u00f3s deslocamento.<\/p>\n\n\n\n<p><strong><em>17\/03\/2025 \u2013<\/em><\/strong>&nbsp;Atendimento na Escola Jatobazinho (Castelo) com a comunidade e alunos.<\/p>\n\n\n\n<p><strong><em>18\/03\/2025 \u2013<\/em>&nbsp;<\/strong>Atendimentos na Fazenda Ilha Verde e Casa Rog\u00e9rio (Paraguai Mirim).<\/p>\n\n\n\n<p><em><strong>19\/03\/2025 \u2013<\/strong><\/em>&nbsp;Atendimentos em S\u00e3o Francisco e Porto S\u00e3o Pedro.<\/p>\n\n\n\n<p><strong><em>20\/03\/2025 \u2013<\/em><\/strong>&nbsp;Atividades na Regi\u00e3o do Amolar e Barra S\u00e3o Louren\u00e7o.<\/p>\n\n\n\n<p><em><strong>21\/03\/2025 \u2013<\/strong><\/em>&nbsp;Atendimentos nas comunidades do Rio S\u00e3o Louren\u00e7o.<\/p>\n\n\n\n<p><strong><em>22\/03\/2025 \u2013<\/em>&nbsp;<\/strong>Encerramento com atendimento em Domingos Ramos e retorno ao Porto Limoeiro.<\/p>\n","protected":false},"excerpt":{"rendered":"<p>A Prefeitura Municipal de Corumb\u00e1, por meio da Secretaria Municipal de Assist\u00eancia Social e Cidadania,&#8230;<\/p>\n","protected":false},"author":9,"featured_media":11732926,"comment_status":"closed","ping_status":"closed","sticky":false,"template":"","format":"standard","meta":{"footnotes":""},"categories":[14],"tags":[],"class_list":["post-11764046","post","type-post","status-publish","format-standard","has-post-thumbnail","hentry","category-geral"],"_links":{"self":[{"href":"https:\/\/www.corumbaonline.com.br\/news\/wp-json\/wp\/v2\/posts\/11764046","targetHints":{"allow":["GET"]}}],"collection":[{"href":"https:\/\/www.corumbaonline.com.br\/news\/wp-json\/wp\/v2\/posts"}],"about":[{"href":"https:\/\/www.corumbaonline.com.br\/news\/wp-json\/wp\/v2\/types\/post"}],"author":[{"embeddable":true,"href":"https:\/\/www.corumbaonline.com.br\/news\/wp-json\/wp\/v2\/users\/9"}],"replies":[{"embeddable":true,"href":"https:\/\/www.corumbaonline.com.br\/news\/wp-json\/wp\/v2\/comments?post=11764046"}],"version-history":[{"count":1,"href":"https:\/\/www.corumbaonline.com.br\/news\/wp-json\/wp\/v2\/posts\/11764046\/revisions"}],"predecessor-version":[{"id":11764047,"href":"https:\/\/www.corumbaonline.com.br\/news\/wp-json\/wp\/v2\/posts\/11764046\/revisions\/11764047"}],"wp:featuredmedia":[{"embeddable":true,"href":"https:\/\/www.corumbaonline.com.br\/news\/wp-json\/wp\/v2\/media\/11732926"}],"wp:attachment":[{"href":"https:\/\/www.corumbaonline.com.br\/news\/wp-json\/wp\/v2\/media?parent=11764046"}],"wp:term":[{"taxonomy":"category","embeddable":true,"href":"https:\/\/www.corumbaonline.com.br\/news\/wp-json\/wp\/v2\/categories?post=11764046"},{"taxonomy":"post_tag","embeddable":true,"href":"https:\/\/www.corumbaonline.com.br\/news\/wp-json\/wp\/v2\/tags?post=11764046"}],"curies":[{"name":"wp","href":"https:\/\/api.w.org\/{rel}","templated":true}]}}