{"id":11764106,"date":"2025-03-12T10:24:54","date_gmt":"2025-03-12T14:24:54","guid":{"rendered":"https:\/\/www.corumbaonline.com.br\/news\/?p=11764106"},"modified":"2025-03-12T10:25:07","modified_gmt":"2025-03-12T14:25:07","slug":"ferramenta-de-mato-grosso-do-sul-e-integrada-ao-ministerio-da-justica-e-reforca-vigilancia-na-fronteira","status":"publish","type":"post","link":"https:\/\/www.corumbaonline.com.br\/news\/ferramenta-de-mato-grosso-do-sul-e-integrada-ao-ministerio-da-justica-e-reforca-vigilancia-na-fronteira\/","title":{"rendered":"Ferramenta de Mato Grosso do Sul \u00e9 integrada ao Minist\u00e9rio da Justi\u00e7a e refor\u00e7a vigil\u00e2ncia na fronteira"},"content":{"rendered":"\n<p>O CISV (Centro Integrado de Vigil\u00e2ncia Vi\u00e1ria) do Detran-MS (Departamento Estadual de Tr\u00e2nsito) se integrou com uma plataforma do Minist\u00e9rio da Justi\u00e7a e Seguran\u00e7a P\u00fablica que rastreia ve\u00edculos em tempo real. Com isso, a ferramenta do Detran passa a fazer parte de um importante sistema de vigil\u00e2ncia e monitoramento, auxiliando a seguran\u00e7a local e de outros estados.<\/p>\n\n\n\n<p>Antes da integra\u00e7\u00e3o, o sistema de intelig\u00eancia que o centro possui abrangia apenas boletins de ocorr\u00eancias registrados em Mato Grosso do Sul.&nbsp;J\u00e1 com o sistema implantado, na \u00faltima semana os agentes de fiscaliza\u00e7\u00e3o vi\u00e1ria do Detran-MS, por meio do CISV, recuperaram tr\u00eas ve\u00edculos com boletins de ocorr\u00eancia em tr\u00eas estados diferentes: Minas Gerais, Paran\u00e1 e S\u00e3o Paulo.<\/p>\n\n\n\n<p>Para o gerente especial de Fiscaliza\u00e7\u00e3o e Patrulhamento Vi\u00e1rio, Ruben Ajala, essa \u00e9 mais uma ferramenta que Mato Grosso do Sul agora possui e vai auxiliar as for\u00e7as de seguran\u00e7a.<\/p>\n\n\n\n<p>&#8220;Essa integra\u00e7\u00e3o vai nos auxiliar muito na seguran\u00e7a vi\u00e1ria, al\u00e9m das parcerias que temos com as for\u00e7as de seguran\u00e7a seja no \u00e2mbito municipal, estadual ou federal j\u00e1 \u00e9 muito grande e agora com essa integra\u00e7\u00e3o, o CISV pode auxiliar mais ainda em buscar ve\u00edculos furtados ou roubados de qualquer lugar do Pa\u00eds. Sabemos que nosso Estado \u00e9 rota de fuga para v\u00e1rios crimes e essa ferramenta veio acrescentar n\u00e3o somente para a seguran\u00e7a p\u00fablica de nosso estado mas tamb\u00e9m de nosso Pa\u00eds&#8221;.<\/p>\n\n\n\n<p>Para o diretor-presidente do Detran-MS, Rudel Trindade, esse \u00e9 um mais um marco importante para Mato Grosso do Sul que cada vez mais se desenvolve com tecnologia e seguran\u00e7a aos cidad\u00e3os.<\/p>\n\n\n\n<p>&#8220;O governador Riedel nos cobra muito por inova\u00e7\u00e3o a servi\u00e7o das pessoas. N\u00f3s j\u00e1 t\u00ednhamos no CISV uma ferramenta important\u00edssima no combate ao crime e refor\u00e7o da seguran\u00e7a do nosso Estado, com essa integra\u00e7\u00e3o com o Minist\u00e9rio da Justi\u00e7a, vamos conseguir auxiliar ainda mais as for\u00e7as de seguran\u00e7a mas agora em n\u00edvel nacional com um olhar mais apurado em nossas rodovias e principalmente em nossa fronteira com os pa\u00edses vizinhos\u201d.<\/p>\n\n\n\n<p><strong>Casos<\/strong><\/p>\n\n\n<div class=\"wp-block-image\">\n<figure class=\"aligncenter is-resized\"><a href=\"https:\/\/www.detran.ms.gov.br\/wp-content\/uploads\/2025\/03\/WhatsApp-Image-2025-03-07-at-10.40.13.jpeg\"><img decoding=\"async\" src=\"https:\/\/www.detran.ms.gov.br\/wp-content\/uploads\/2025\/03\/WhatsApp-Image-2025-03-07-at-10.40.13-300x227.jpeg\" alt=\"\" class=\"wp-image-39394\" style=\"width:300px;height:auto\"\/><\/a><\/figure>\n<\/div>\n\n\n<p>O primeiro ve\u00edculo recuperado foi um Jeep Commander Limited T270 de cor Preta que tinha restri\u00e7\u00e3o de furto na cidade de Itaquaquecetuba, munic\u00edpio de S\u00e3o Paulo.<\/p>\n\n\n\n<p>O ve\u00edculo ao adentrar Mato Grosso do Sul no sentido Aparecida do Taboado &#8211; Parana\u00edba, passou por uma das c\u00e2meras na rodovia federal que acionou o alarme do CISV e a pol\u00edcia abordou o ve\u00edculo em uma das pra\u00e7as de ped\u00e1gio. Foi checado com o motorista que afirmou que o ve\u00edculo estava locado em nome de sua m\u00e3e desde novembro de 2023. Foi registrado o Boletim de Ocorr\u00eancia na cidade de Parna\u00edba.<\/p>\n\n\n<div class=\"wp-block-image\">\n<figure class=\"aligncenter is-resized\"><a href=\"https:\/\/www.detran.ms.gov.br\/wp-content\/uploads\/2025\/03\/WhatsApp-Image-2025-03-07-at-10.47.17.jpeg\"><img decoding=\"async\" src=\"https:\/\/www.detran.ms.gov.br\/wp-content\/uploads\/2025\/03\/WhatsApp-Image-2025-03-07-at-10.47.17-300x225.jpeg\" alt=\"\" class=\"wp-image-39393\" style=\"width:304px;height:auto\"\/><\/a><\/figure>\n<\/div>\n\n\n<p>Durante um patrulhamento ostensivo da Pol\u00edcia Militar na cidade de Ponta Por\u00e3 foi constatado que um ve\u00edculo Volkswagen Saveiro branca que com apoio do CISV foi constatado que o ve\u00edculo tinha restri\u00e7\u00e3o de furto na cidade de Maring\u00e1 no Paran\u00e1 e ao abordar as duas pessoas que estavam no ve\u00edculo, disseram que pegaram o ve\u00edculo no Paraguai n\u00e3o sabendo dizer nem de quem era o ve\u00edculo, nem quando pegaram e nem o local que pegaram.<\/p>\n\n\n\n<p>Os dois foram encaminhados ao Departamento de Pol\u00edcia para as provid\u00eancias necess\u00e1rias, juntamente com o ve\u00edculo.<\/p>\n\n\n\n<p>Em Dourados, foi apreendido pelos agentes de fiscaliza\u00e7\u00e3o do Detran-MS, um ve\u00edculo Honda Civic Touring CVT na cor preta que estava com um boletim de ocorr\u00eancia na cidade de Sabar\u00e1, em Minas Gerais, onde o propriet\u00e1rio disse que havia estacionado o ve\u00edculo em frente a casa de um amigo e quando retornou, o mesmo n\u00e3o estava mais no local.<\/p>\n\n\n\n<p>Na delegacia, o motorista que \u00e9 garagista em Dourados, se mostrou surpreso ao saber que o ve\u00edculo possu\u00eda restri\u00e7\u00e3o criminal. Ele contou aos agentes que havia comprado o carro de um garagista de Campo Grande e que havia apenas uma procura\u00e7\u00e3o caso vendesse o carro na cidade para transferir o ve\u00edculo para quem comprasse.<\/p>\n\n\n\n<p>Os agentes de Dourados ligaram para o n\u00famero que constava no boletim de ocorr\u00eancia em Minas Gerais, ele afirmou que havia vendido o carro em 2024 e como n\u00e3o recebeu parte do pagamento, resolveu procurar a pol\u00edcia e inventar uma falsa not\u00edcia de crime para que o ve\u00edculo fosse colocado em busca e consequentemente apreendido. Ele vai ser indiciado por falsa comunica\u00e7\u00e3o de crime.<\/p>\n","protected":false},"excerpt":{"rendered":"<p>O CISV (Centro Integrado de Vigil\u00e2ncia Vi\u00e1ria) do Detran-MS (Departamento Estadual de Tr\u00e2nsito) se integrou&#8230;<\/p>\n","protected":false},"author":13,"featured_media":11764107,"comment_status":"closed","ping_status":"closed","sticky":false,"template":"","format":"standard","meta":{"footnotes":""},"categories":[18],"tags":[],"class_list":["post-11764106","post","type-post","status-publish","format-standard","has-post-thumbnail","hentry","category-seguranca"],"_links":{"self":[{"href":"https:\/\/www.corumbaonline.com.br\/news\/wp-json\/wp\/v2\/posts\/11764106","targetHints":{"allow":["GET"]}}],"collection":[{"href":"https:\/\/www.corumbaonline.com.br\/news\/wp-json\/wp\/v2\/posts"}],"about":[{"href":"https:\/\/www.corumbaonline.com.br\/news\/wp-json\/wp\/v2\/types\/post"}],"author":[{"embeddable":true,"href":"https:\/\/www.corumbaonline.com.br\/news\/wp-json\/wp\/v2\/users\/13"}],"replies":[{"embeddable":true,"href":"https:\/\/www.corumbaonline.com.br\/news\/wp-json\/wp\/v2\/comments?post=11764106"}],"version-history":[{"count":1,"href":"https:\/\/www.corumbaonline.com.br\/news\/wp-json\/wp\/v2\/posts\/11764106\/revisions"}],"predecessor-version":[{"id":11764108,"href":"https:\/\/www.corumbaonline.com.br\/news\/wp-json\/wp\/v2\/posts\/11764106\/revisions\/11764108"}],"wp:featuredmedia":[{"embeddable":true,"href":"https:\/\/www.corumbaonline.com.br\/news\/wp-json\/wp\/v2\/media\/11764107"}],"wp:attachment":[{"href":"https:\/\/www.corumbaonline.com.br\/news\/wp-json\/wp\/v2\/media?parent=11764106"}],"wp:term":[{"taxonomy":"category","embeddable":true,"href":"https:\/\/www.corumbaonline.com.br\/news\/wp-json\/wp\/v2\/categories?post=11764106"},{"taxonomy":"post_tag","embeddable":true,"href":"https:\/\/www.corumbaonline.com.br\/news\/wp-json\/wp\/v2\/tags?post=11764106"}],"curies":[{"name":"wp","href":"https:\/\/api.w.org\/{rel}","templated":true}]}}