{"id":11764117,"date":"2025-03-12T11:11:58","date_gmt":"2025-03-12T15:11:58","guid":{"rendered":"https:\/\/www.corumbaonline.com.br\/news\/?p=11764117"},"modified":"2025-03-12T11:12:19","modified_gmt":"2025-03-12T15:12:19","slug":"presidente-da-camara-pede-urgencia-em-poda-de-flamboyants-na-15-de-novembro-centro-da-cidade","status":"publish","type":"post","link":"https:\/\/www.corumbaonline.com.br\/news\/presidente-da-camara-pede-urgencia-em-poda-de-flamboyants-na-15-de-novembro-centro-da-cidade\/","title":{"rendered":"Presidente da C\u00e2mara pede urg\u00eancia em poda de Flamboyants na 15 de Novembro, centro da cidade"},"content":{"rendered":"\n<p>O vereador Ubiratan Canhete de Campos Filho, presidente da C\u00e2mara Municipal, est\u00e1 acionando o Poder Executivo para que seja realizada de forma urgente, poda de \u00e1rvores (Flamboyants) na Rua 15 de Novembro, entre as ruas Delamare e 13 de Junho, que apresentam riscos a condutores de ve\u00edculos, pedestres, comerciantes e moradores da regi\u00e3o.<\/p>\n\n\n\n<p>Ontem, ter\u00e7a-feira, 11, durante sess\u00e3o ordin\u00e1ria do Poder Legislativo, Bira solicitou encaminhamento de expediente \u00e0 diretora-presidente da Funda\u00e7\u00e3o de Meio Ambiente do Pantanal de Corumb\u00e1, Cristina de Arruda Ferreira Fleming, com c\u00f3pia ao secret\u00e1rio de Infraestrutura e Servi\u00e7os P\u00fablicos, Marcelo Rodrigues Antunes, e ao gerente local da Energisa, Marco Antonio Luglio, para que o servi\u00e7o ocorra de forma r\u00e1pida.<\/p>\n\n\n\n<p>Lembrou que, na regi\u00e3o, a \u00faltima poda aconteceu um ano atr\u00e1s, exatamente no per\u00edodo de carnaval e os problemas v\u00eam desde o ano passado. S\u00e3o galhos entrela\u00e7ados \u00e0 fia\u00e7\u00e3o el\u00e9trica e cabos de internet, que arrebentam de forma frequente, principalmente devido ao tr\u00e1fego de ve\u00edculos de grande porte, que \u00e9 intenso na via.<\/p>\n\n\n\n<p>Informou que a situa\u00e7\u00e3o se complicou nos \u00faltimos dias. Somente no final de semana, sexta e s\u00e1bado, foram registradas quedas de dois galhos de grande porte que acabaram atingindo ve\u00edculos que passavam pela via ou que estavam estacionados. O preju\u00edzo s\u00f3 n\u00e3o foi maior porque a maior parte dos galhos ficaram presos nos cabos de energia e s\u00f3 foram retirados por equipes da Energisa, acionadas por moradores.<\/p>\n\n\n\n<p>Para evitar ocorr\u00eancias mais graves, conforme o vereador, \u00e9 preciso que a for\u00e7a tarefa criada pelo Munic\u00edpio e que atuou antes do Carnaval, retome as atividades e fa\u00e7a a poda necess\u00e1ria na regi\u00e3o, bem como em outras localidades onde ocorrem problemas semelhantes.<\/p>\n\n\n\n<p><strong>Ilumina\u00e7\u00e3o P\u00fablica<\/strong><\/p>\n\n\n\n<p>O vereador solicitou tamb\u00e9m ao secret\u00e1rio de Infraestrutura, a realiza\u00e7\u00e3o de servi\u00e7os de manuten\u00e7\u00e3o no sistema de ilumina\u00e7\u00e3o p\u00fablica da Rua Colombo, entre as ruas Tiradentes e Antonio Jo\u00e3o, no Centro, que apresenta problemas j\u00e1 h\u00e1 quase um ano, com os moradores cobrando uma posi\u00e7\u00e3o do Poder P\u00fablico.<\/p>\n\n\n\n<p>Refor\u00e7ou a necessidade de implanta\u00e7\u00e3o de sistema de ilumina\u00e7\u00e3o p\u00fablica no prolongamento da Rua Minas Gerais, altura da Alameda Piratininga, no Bairro Cristo Redentor, \u00fanico trecho da regi\u00e3o que ainda n\u00e3o conta com ilumina\u00e7\u00e3o, o que torna o local escuro e perigoso, fazendo com que os moradores se unissem para reivindicar a benfeitoria.<\/p>\n\n\n\n<p>Ainda \u00e0 pasta de Infraestrutura, pediu manuten\u00e7\u00e3o da ilumina\u00e7\u00e3o p\u00fablica da Rua Luiz Feitosa Rodrigues, trecho entre as ruas Minas Gerais e S\u00e3o Paulo, no Bairro Nossa Senhora de F\u00e1tima, para maior seguran\u00e7a dos moradores e pessoas que transitam pelo local.<\/p>\n\n\n\n<p><strong>Limpeza<\/strong><\/p>\n\n\n\n<p>\u00c0 mesma pasta, Bira solicitou servi\u00e7os de limpeza, ro\u00e7ada e remo\u00e7\u00e3o de restos vegetais e detritos no entorno da Capela Mortu\u00e1ria Municipal, localizada na Pra\u00e7a Nossa Senhora de Urkupi\u00f1a, no Bairro Dom Bosco; da Rua Jo\u00e3o Afonso, entre as ruas Antonio Jo\u00e3o e Geraldino Martins de Barros, e a limpeza de um lix\u00e3o na Alameda Haroldo Costa com a Rua Jo\u00e3o Afonso, no Bairro Popular Velha.<\/p>\n","protected":false},"excerpt":{"rendered":"<p>O vereador Ubiratan Canhete de Campos Filho, presidente da C\u00e2mara Municipal, est\u00e1 acionando o Poder&#8230;<\/p>\n","protected":false},"author":70,"featured_media":11764118,"comment_status":"closed","ping_status":"closed","sticky":false,"template":"","format":"standard","meta":{"footnotes":""},"categories":[8],"tags":[],"class_list":["post-11764117","post","type-post","status-publish","format-standard","has-post-thumbnail","hentry","category-destaque"],"_links":{"self":[{"href":"https:\/\/www.corumbaonline.com.br\/news\/wp-json\/wp\/v2\/posts\/11764117","targetHints":{"allow":["GET"]}}],"collection":[{"href":"https:\/\/www.corumbaonline.com.br\/news\/wp-json\/wp\/v2\/posts"}],"about":[{"href":"https:\/\/www.corumbaonline.com.br\/news\/wp-json\/wp\/v2\/types\/post"}],"author":[{"embeddable":true,"href":"https:\/\/www.corumbaonline.com.br\/news\/wp-json\/wp\/v2\/users\/70"}],"replies":[{"embeddable":true,"href":"https:\/\/www.corumbaonline.com.br\/news\/wp-json\/wp\/v2\/comments?post=11764117"}],"version-history":[{"count":2,"href":"https:\/\/www.corumbaonline.com.br\/news\/wp-json\/wp\/v2\/posts\/11764117\/revisions"}],"predecessor-version":[{"id":11764120,"href":"https:\/\/www.corumbaonline.com.br\/news\/wp-json\/wp\/v2\/posts\/11764117\/revisions\/11764120"}],"wp:featuredmedia":[{"embeddable":true,"href":"https:\/\/www.corumbaonline.com.br\/news\/wp-json\/wp\/v2\/media\/11764118"}],"wp:attachment":[{"href":"https:\/\/www.corumbaonline.com.br\/news\/wp-json\/wp\/v2\/media?parent=11764117"}],"wp:term":[{"taxonomy":"category","embeddable":true,"href":"https:\/\/www.corumbaonline.com.br\/news\/wp-json\/wp\/v2\/categories?post=11764117"},{"taxonomy":"post_tag","embeddable":true,"href":"https:\/\/www.corumbaonline.com.br\/news\/wp-json\/wp\/v2\/tags?post=11764117"}],"curies":[{"name":"wp","href":"https:\/\/api.w.org\/{rel}","templated":true}]}}