{"id":11764141,"date":"2025-03-12T15:15:00","date_gmt":"2025-03-12T19:15:00","guid":{"rendered":"https:\/\/www.corumbaonline.com.br\/news\/?p=11764141"},"modified":"2025-03-12T15:05:20","modified_gmt":"2025-03-12T19:05:20","slug":"pantanal-sul-mato-grossense-rumo-ao-reconhecimento-como-patrimonio-nacional","status":"publish","type":"post","link":"https:\/\/www.corumbaonline.com.br\/news\/pantanal-sul-mato-grossense-rumo-ao-reconhecimento-como-patrimonio-nacional\/","title":{"rendered":"Pantanal Sul-Mato-Grossense rumo ao reconhecimento como Patrim\u00f4nio Nacional"},"content":{"rendered":"\n<p>O Pantanal Sul-Mato-Grossense pode ser considerado Patrim\u00f4nio Nacional pela import\u00e2ncia ecol\u00f3gica, cultural e hist\u00f3rica. Foi aprovada a&nbsp;<a href=\"https:\/\/www25.senado.leg.br\/web\/atividade\/materias\/-\/materia\/163663\" target=\"_blank\" rel=\"noreferrer noopener\">Proposta de Emenda \u00e0 Constitui\u00e7\u00e3o 18 de 2024<\/a>, da senadora Tereza Cristina (PP-MS), que altera a Constitui\u00e7\u00e3o Federal para incluir o bioma no rol dos espa\u00e7os cuja utiliza\u00e7\u00e3o exige a preserva\u00e7\u00e3o do meio ambiente e dos recursos naturais. Os deputados estaduais repercutiram o assunto, durante a sess\u00e3o ordin\u00e1ria desta quarta-feira (12).<\/p>\n\n\n\n<figure class=\"wp-block-image\"><a href=\"https:\/\/al.ms.gov.br\/upload\/News\/2025\/03\/2025_03_12_01_08_33_5e48740f-3b63-4d38-aaf9-6b957daf402d.jpg\"><img decoding=\"async\" src=\"https:\/\/al.ms.gov.br\/upload\/News\/2025\/03\/2025_03_12_01_08_33_5e48740f-3b63-4d38-aaf9-6b957daf402d.jpg\" alt=\"\"\/><\/a><figcaption class=\"wp-element-caption\">&#8220;A proposta refor\u00e7a o compromisso o Meio Ambiente&#8221;, afirma Gerson<\/figcaption><\/figure>\n\n\n\n<p>Atualmente, fazem parte da lista do Patrim\u00f4nio Nacional a Floresta Amaz\u00f4nica brasileira, a Mata Atl\u00e2ntica, a Serra do Mar, o Pantanal Mato-Grossense e a Zona Costeira. \u201c\u00c9 uma conquista que fortalece a preserva\u00e7\u00e3o ambiental e impulsiona o desenvolvimento sustent\u00e1vel do nosso bioma. O Pantanal n\u00e3o \u00e9 apenas um tesouro natural, mas um motor da nossa economia. A pecu\u00e1ria sustent\u00e1vel, o turismo ecol\u00f3gico e a produ\u00e7\u00e3o respons\u00e1vel fazem parte da identidade do povo pantaneiro, que h\u00e1 s\u00e9culos preserva e cuida dessa riqueza\u201d, destacou o presidente da Casa de Leis, deputado Gerson Claro (PP).<\/p>\n\n\n\n<p>Para o presidente, a proposta refor\u00e7a o compromisso do Mato Grosso do Sul com a sustentabilidade. \u201cJ\u00e1 temos pol\u00edticas avan\u00e7adas de preserva\u00e7\u00e3o, como a Lei do Pantanal e a exig\u00eancia de manter 50% da vegeta\u00e7\u00e3o nativa no bioma, muito acima do que determina o C\u00f3digo Florestal. Esse avan\u00e7o demonstra ao Brasil e ao mundo que \u00e9 poss\u00edvel crescer de forma respons\u00e1vel, equilibrando progresso e respeito ao meio ambiente\u201d, acrescentou.<\/p>\n\n\n\n<figure class=\"wp-block-image\"><a href=\"https:\/\/al.ms.gov.br\/upload\/News\/2025\/03\/2025_03_12_01_04_04_2306099e-3fd1-4377-9cdc-56fed2b58ed9.jpg\"><img decoding=\"async\" src=\"https:\/\/al.ms.gov.br\/upload\/News\/2025\/03\/2025_03_12_01_04_04_2306099e-3fd1-4377-9cdc-56fed2b58ed9.jpg\" alt=\"\"\/><\/a><figcaption class=\"wp-element-caption\">Paulo Corr\u00eaa leu Mo\u00e7\u00e3o de Congratula\u00e7\u00e3o \u00e0 senadora&nbsp;<\/figcaption><\/figure>\n\n\n\n<p>O 1\u00ba secret\u00e1rio, deputado Paulo Corr\u00eaa (PSDB), leu a Mo\u00e7\u00e3o de Congratula\u00e7\u00e3o \u00e0 senadora Tereza Cristina, pela aprova\u00e7\u00e3o da PEC do Pantanal. \u201cA proposi\u00e7\u00e3o acrescenta o Pantanal Sul-Mato-Grossense na lista dos Patrim\u00f4nios Nacionais, de modo a conferir maior robustez \u00e0s pol\u00edticas p\u00fablicas para prote\u00e7\u00e3o desse importante bioma, em especial \u00e0s voltadas para preven\u00e7\u00e3o de inc\u00eandios e queimadas e \u00e0 concilia\u00e7\u00e3o entre desenvolvimento econ\u00f4mico e prote\u00e7\u00e3o ambiental\u201d, disse Corr\u00eaa.<\/p>\n\n\n\n<figure class=\"wp-block-image\"><a href=\"https:\/\/al.ms.gov.br\/upload\/News\/2025\/03\/2025_03_12_01_06_40_e67cf1f2-bf5e-4fdb-833c-534a32860e85.jpg\"><img decoding=\"async\" src=\"https:\/\/al.ms.gov.br\/upload\/News\/2025\/03\/2025_03_12_01_06_40_e67cf1f2-bf5e-4fdb-833c-534a32860e85.jpg\" alt=\"\"\/><\/a><figcaption class=\"wp-element-caption\">Deputado Roberto Hashioka sugeriu a senadora a corre\u00e7\u00e3o hist\u00f3rica<\/figcaption><\/figure>\n\n\n\n<p>A iniciativa teve origem em uma sugest\u00e3o do deputado Roberto Hashioka (Uni\u00e3o) \u00e0 senadora Tereza Cristina. \u201cDesde mar\u00e7o do ano passado, tenho articulado essa corre\u00e7\u00e3o hist\u00f3rica, encaminhando indica\u00e7\u00e3o \u00e0 Presid\u00eancia da Rep\u00fablica e \u00e0 bancada federal de Mato Grosso do Sul. A maior parte do Pantanal est\u00e1 em nosso Estado, e o reconhecimento oficial dessa realidade na Constitui\u00e7\u00e3o \u00e9 um avan\u00e7o fundamental para a preserva\u00e7\u00e3o do bioma e para o fortalecimento das pol\u00edticas p\u00fablicas voltadas \u00e0 sua prote\u00e7\u00e3o\u201d, comentou Hashioka.<\/p>\n\n\n\n<p>Junior Mochi (MDB), Antonio Vaz (Republicanos) e Zeca do PT tamb\u00e9m destacaram a import\u00e2ncia da PEC do Pantanal, que segue agora para a tramita\u00e7\u00e3o na C\u00e2mara dos Deputados. \u00a0\u00a0<\/p>\n\n\n\n<p><\/p>\n","protected":false},"excerpt":{"rendered":"<p>O Pantanal Sul-Mato-Grossense pode ser considerado Patrim\u00f4nio Nacional pela import\u00e2ncia ecol\u00f3gica, cultural e hist\u00f3rica. Foi&#8230;<\/p>\n","protected":false},"author":12,"featured_media":11764142,"comment_status":"closed","ping_status":"closed","sticky":false,"template":"","format":"standard","meta":{"footnotes":""},"categories":[8,17],"tags":[],"class_list":["post-11764141","post","type-post","status-publish","format-standard","has-post-thumbnail","hentry","category-destaque","category-meio-ambiente"],"_links":{"self":[{"href":"https:\/\/www.corumbaonline.com.br\/news\/wp-json\/wp\/v2\/posts\/11764141","targetHints":{"allow":["GET"]}}],"collection":[{"href":"https:\/\/www.corumbaonline.com.br\/news\/wp-json\/wp\/v2\/posts"}],"about":[{"href":"https:\/\/www.corumbaonline.com.br\/news\/wp-json\/wp\/v2\/types\/post"}],"author":[{"embeddable":true,"href":"https:\/\/www.corumbaonline.com.br\/news\/wp-json\/wp\/v2\/users\/12"}],"replies":[{"embeddable":true,"href":"https:\/\/www.corumbaonline.com.br\/news\/wp-json\/wp\/v2\/comments?post=11764141"}],"version-history":[{"count":1,"href":"https:\/\/www.corumbaonline.com.br\/news\/wp-json\/wp\/v2\/posts\/11764141\/revisions"}],"predecessor-version":[{"id":11764143,"href":"https:\/\/www.corumbaonline.com.br\/news\/wp-json\/wp\/v2\/posts\/11764141\/revisions\/11764143"}],"wp:featuredmedia":[{"embeddable":true,"href":"https:\/\/www.corumbaonline.com.br\/news\/wp-json\/wp\/v2\/media\/11764142"}],"wp:attachment":[{"href":"https:\/\/www.corumbaonline.com.br\/news\/wp-json\/wp\/v2\/media?parent=11764141"}],"wp:term":[{"taxonomy":"category","embeddable":true,"href":"https:\/\/www.corumbaonline.com.br\/news\/wp-json\/wp\/v2\/categories?post=11764141"},{"taxonomy":"post_tag","embeddable":true,"href":"https:\/\/www.corumbaonline.com.br\/news\/wp-json\/wp\/v2\/tags?post=11764141"}],"curies":[{"name":"wp","href":"https:\/\/api.w.org\/{rel}","templated":true}]}}