{"id":11764165,"date":"2025-03-12T19:37:26","date_gmt":"2025-03-12T23:37:26","guid":{"rendered":"https:\/\/www.corumbaonline.com.br\/news\/?p=11764165"},"modified":"2025-03-12T19:44:53","modified_gmt":"2025-03-12T23:44:53","slug":"corumba-abre-inscricoes-para-formador-municipal-no-programa-ms-alfabetiza","status":"publish","type":"post","link":"https:\/\/www.corumbaonline.com.br\/news\/corumba-abre-inscricoes-para-formador-municipal-no-programa-ms-alfabetiza\/","title":{"rendered":"Corumb\u00e1 abre inscri\u00e7\u00f5es para Formador Municipal no programa MS Alfabetiza"},"content":{"rendered":"\n<p>A Secretaria Municipal de Educa\u00e7\u00e3o de Corumb\u00e1 (Semed), em parceria com a Secretaria de Estado de Educa\u00e7\u00e3o de Mato Grosso do Sul (Sed), divulgou a abertura das inscri\u00e7\u00f5es para a sele\u00e7\u00e3o de servidores p\u00fablicos interessados em atuar como <strong>Formador Municipal<\/strong> no Programa MS Alfabetiza, na edi\u00e7\u00e3o desta quarta-feira (12) do Di\u00e1rio Oficial municipal. A candidatura dever\u00e1 ser registrada, presencialmente, nos dias 13 e 14 de mar\u00e7o.  <\/p>\n\n\n\n<p>Os candidatos selecionados far\u00e3o parte do cadastro reserva de colaboradores do Programa MS Alfabetiza &#8211; Todos pela Alfabetiza\u00e7\u00e3o da Crian\u00e7a e do Compromisso Nacional Crian\u00e7a Alfabetizada. A carga hor\u00e1ria prevista para o Formador Municipal, na <a href=\"https:\/\/do.corumba.ms.gov.br\/portal\/visualizacoes\/pdf\/5191\/#\/p:114\/e:5191\">Resolu\u00e7\u00e3o N. 108<\/a> de 11 mar\u00e7o de 2025, \u00e9 de 20h semanais, que poder\u00e1 ser acordada com a Semed sem prejudicar a carga hor\u00e1ria do cargo j\u00e1 ocupado pelo servidor.<\/p>\n\n\n\n<h3 class=\"wp-block-heading\"><strong>Quem pode se inscrever?<\/strong><\/h3>\n\n\n\n<p>Para concorrer \u00e0 fun\u00e7\u00e3o de Formador Municipal, os candidatos devem atender aos seguintes requisitos:<\/p>\n\n\n\n<ul class=\"wp-block-list\">\n<li>Ter licenciatura em <strong>Pedagogia<\/strong>;<\/li>\n\n\n\n<li>Possuir experi\u00eancia m\u00ednima de <strong>tr\u00eas anos<\/strong> na educa\u00e7\u00e3o infantil e\/ou na alfabetiza\u00e7\u00e3o;<\/li>\n\n\n\n<li>Disponibilidade de <strong>20 horas semanais<\/strong>, incluindo para atividades aos finais de semana;<\/li>\n\n\n\n<li>Compromisso com os estudos que fundamentam o programa;<\/li>\n\n\n\n<li>N\u00e3o acumular o recebimento de outras bolsas de \u00f3rg\u00e3os p\u00fablicos.<\/li>\n<\/ul>\n\n\n\n<h3 class=\"wp-block-heading\"><strong>Atribui\u00e7\u00f5es do Formador Municipal<\/strong><\/h3>\n\n\n\n<p>Os selecionados ter\u00e3o papel fundamental na <strong>forma\u00e7\u00e3o continuada dos professores do Ensino Fundamental &#8211; anos Iniciais<\/strong>, com as seguintes responsabilidades:<\/p>\n\n\n\n<ul class=\"wp-block-list\">\n<li>Realizar forma\u00e7\u00f5es, presenciais e virtuais, dos professores das turmas atendidas pelo programa;<\/li>\n\n\n\n<li>Apoiar professores no uso do material did\u00e1tico do programa;<\/li>\n\n\n\n<li>Incentivar a participa\u00e7\u00e3o dos cursistas nas forma\u00e7\u00f5es;<\/li>\n\n\n\n<li>Participar das reuni\u00f5es vinculadas ao programa, quando organizadas pela Sed e Semed;<\/li>\n\n\n\n<li>Enviar relat\u00f3rios mensais e demais documentos exigidos.<\/li>\n<\/ul>\n\n\n\n<h3 class=\"wp-block-heading\"><strong>Processo Seletivo e Inscri\u00e7\u00e3o<\/strong><\/h3>\n\n\n\n<p>A sele\u00e7\u00e3o ser\u00e1 conduzida por uma comiss\u00e3o municipal e incluir\u00e1 <strong>an\u00e1lise curricular<\/strong> e, se necess\u00e1rio, <strong>entrevista<\/strong>. Os crit\u00e9rios de pontua\u00e7\u00e3o ser\u00e3o detalhados no edital oficial.<\/p>\n\n\n\n<ul class=\"wp-block-list\">\n<li><strong>Per\u00edodo de inscri\u00e7\u00e3o:<\/strong> 13 e 14 de mar\u00e7o, das 07h30 \u00e0s 13h30.<\/li>\n\n\n\n<li><strong>Local:<\/strong> Secretaria Municipal de Educa\u00e7\u00e3o de Corumb\u00e1 (Rua Am\u00e9rica, n\u00ba 899, Centro).<\/li>\n\n\n\n<li><strong>Documenta\u00e7\u00e3o:<\/strong> Os candidatos devem apresentar documentos originais e c\u00f3pias para comprova\u00e7\u00e3o da experi\u00eancia e forma\u00e7\u00e3o acad\u00eamica.<\/li>\n\n\n\n<li><strong>Taxa de inscri\u00e7\u00e3o:<\/strong> Gratuita.<\/li>\n<\/ul>\n\n\n\n<h3 class=\"wp-block-heading\"><strong>Bolsa e Benef\u00edcios<\/strong><\/h3>\n\n\n\n<p>Os aprovados receber\u00e3o uma bolsa mensal no valor de <strong>R$ 800,00<\/strong>, durante o tempo da vig\u00eancia do Termo de Compromisso. O pagamento ser\u00e1 realizado pela Secretaria de Estado de Educa\u00e7\u00e3o diretamente na conta do profissional.<\/p>\n\n\n\n<h3 class=\"wp-block-heading\"><strong>Como ser\u00e1 a sele\u00e7\u00e3o?<\/strong><\/h3>\n\n\n\n<p>A avalia\u00e7\u00e3o incluir\u00e1: <\/p>\n\n\n\n<ul class=\"wp-block-list\">\n<li><strong>An\u00e1lise Curricular<\/strong> (etapa obrigat\u00f3ria);<\/li>\n\n\n\n<li><strong>Entrevista<\/strong> (caso o munic\u00edpio opte por essa fase); <\/li>\n\n\n\n<li><strong>Classifica\u00e7\u00e3o por pontua\u00e7\u00e3o<\/strong> (desempate por tempo de experi\u00eancia, prova de t\u00edtulos e idade<\/li>\n<\/ul>\n\n\n\n<p><strong>Como saber se fui aprovado? <\/strong><br>A lista final ser\u00e1 divulgada pela Secretaria Municipal de Educa\u00e7\u00e3o. Os candidatos aprovados entrar\u00e3o para um <strong>cadastro reserva<\/strong> e ser\u00e3o convocados conforme a necessidade do munic\u00edpio.<\/p>\n\n\n\n<p>&#x1f4e2; <strong>D\u00favidas?<\/strong> Envie um e-mail para: <a><strong>nucleoef1semed@gmail.com<\/strong><\/a>.<\/p>\n\n\n\n<h2 class=\"wp-block-heading\">O que \u00e9 o Programa MS Alfabetiza?<\/h2>\n\n\n\n<p>O Programa MS Alfabetiza foi institu\u00eddo pelo Governo do Estado de Mato Grosso do Sul, por meio da Lei n. 5724, de 23 de setembro de 2021, com o objetivo de fortalecer a aprendizagem e melhorar os indicadores educacionais dos estudantes matriculados nas redes p\u00fablicas de ensino do territ\u00f3rio estadual, &#8220;o que demanda cuidar para que haja uma progress\u00e3o de aprendizagens para alfabetiza\u00e7\u00e3o e dessas para outras pr\u00e1ticas de letramento, no tocante \u00e0 forma\u00e7\u00e3o leitora e consolida\u00e7\u00e3o da escrita&#8221;.<\/p>\n","protected":false},"excerpt":{"rendered":"<p>A Secretaria Municipal de Educa\u00e7\u00e3o de Corumb\u00e1 (Semed), em parceria com a Secretaria de Estado&#8230;<\/p>\n","protected":false},"author":130,"featured_media":21776,"comment_status":"closed","ping_status":"closed","sticky":false,"template":"","format":"standard","meta":{"footnotes":""},"categories":[8,10],"tags":[],"class_list":["post-11764165","post","type-post","status-publish","format-standard","has-post-thumbnail","hentry","category-destaque","category-educacao"],"_links":{"self":[{"href":"https:\/\/www.corumbaonline.com.br\/news\/wp-json\/wp\/v2\/posts\/11764165","targetHints":{"allow":["GET"]}}],"collection":[{"href":"https:\/\/www.corumbaonline.com.br\/news\/wp-json\/wp\/v2\/posts"}],"about":[{"href":"https:\/\/www.corumbaonline.com.br\/news\/wp-json\/wp\/v2\/types\/post"}],"author":[{"embeddable":true,"href":"https:\/\/www.corumbaonline.com.br\/news\/wp-json\/wp\/v2\/users\/130"}],"replies":[{"embeddable":true,"href":"https:\/\/www.corumbaonline.com.br\/news\/wp-json\/wp\/v2\/comments?post=11764165"}],"version-history":[{"count":3,"href":"https:\/\/www.corumbaonline.com.br\/news\/wp-json\/wp\/v2\/posts\/11764165\/revisions"}],"predecessor-version":[{"id":11764170,"href":"https:\/\/www.corumbaonline.com.br\/news\/wp-json\/wp\/v2\/posts\/11764165\/revisions\/11764170"}],"wp:featuredmedia":[{"embeddable":true,"href":"https:\/\/www.corumbaonline.com.br\/news\/wp-json\/wp\/v2\/media\/21776"}],"wp:attachment":[{"href":"https:\/\/www.corumbaonline.com.br\/news\/wp-json\/wp\/v2\/media?parent=11764165"}],"wp:term":[{"taxonomy":"category","embeddable":true,"href":"https:\/\/www.corumbaonline.com.br\/news\/wp-json\/wp\/v2\/categories?post=11764165"},{"taxonomy":"post_tag","embeddable":true,"href":"https:\/\/www.corumbaonline.com.br\/news\/wp-json\/wp\/v2\/tags?post=11764165"}],"curies":[{"name":"wp","href":"https:\/\/api.w.org\/{rel}","templated":true}]}}