{"id":11764402,"date":"2025-03-18T08:13:45","date_gmt":"2025-03-18T12:13:45","guid":{"rendered":"https:\/\/www.corumbaonline.com.br\/news\/?p=11764402"},"modified":"2025-03-18T08:13:47","modified_gmt":"2025-03-18T12:13:47","slug":"alms-projeto-que-prorroga-vigencia-de-norma-sobre-o-dourado-sera-votado-hoje","status":"publish","type":"post","link":"https:\/\/www.corumbaonline.com.br\/news\/alms-projeto-que-prorroga-vigencia-de-norma-sobre-o-dourado-sera-votado-hoje\/","title":{"rendered":"ALMS: projeto que prorroga vig\u00eancia de norma sobre o Dourado ser\u00e1 votado hoje"},"content":{"rendered":"<p>Tr\u00eas projetos de lei est\u00e3o na pauta da\u00a0<a href=\"https:\/\/al.ms.gov.br\/Ordemdodia\" target=\"_blank\" rel=\"noopener\">Ordem do Dia<\/a>\u00a0da sess\u00e3o ordin\u00e1ria desta ter\u00e7a-feira (18) na Assembleia Legislativa de Mato Grosso do Sul (ALEMS). As propostas ser\u00e3o analisadas e votadas em primeira discuss\u00e3o e versam sobre direitos do consumidor,\u00a0reajuste a integrantes do Tribunal de Contas e prorroga\u00e7\u00e3o da vig\u00eancia de norma que pro\u00edbe a captura e comercializa\u00e7\u00e3o do Dourado no Estado.<\/p>\n<p>O\u00a0<a href=\"http:\/\/sgpl.consulta.al.ms.gov.br\/sgpl-publico\/#\/linha-tempo?idProposicao=325342\" target=\"_blank\" rel=\"noopener\">Projeto de Lei 39\/2025<\/a>, do deputado Marcio Fernandes (MDB) e Outros, altera dispositivo da Lei n\u00ba 5.321, de 10 de janeiro de 2019, que disp\u00f5e sobre a proibi\u00e7\u00e3o da captura, do embarque, do transporte, da comercializa\u00e7\u00e3o, do processamento e da industrializa\u00e7\u00e3o da esp\u00e9cie Salminus brasiliensis ou Salminus maxillosus &#8211; Dourado.\u00a0Com a altera\u00e7\u00e3o, fica vedada a captura, o embarque, o transporte, a comercializa\u00e7\u00e3o, o processamento e a industrializa\u00e7\u00e3o da esp\u00e9cie salminus brasiliensis ou salminus maxillosus &#8211; Dourado, no Estado de Mato Grosso do Sul, at\u00e9 31 de mar\u00e7o de 2027, ressalvada a modalidade &#8220;pesque e solte&#8221;, o consumo dos pescadores profissionais, ribeirinhos para consumo pr\u00f3prio, e os exemplares criados em cativeiro.<\/p>\n<p>O\u00a0<a href=\"http:\/\/sgpl.consulta.al.ms.gov.br\/sgpl-publico\/#\/linha-tempo?idProposicao=323981\" target=\"_blank\" rel=\"noopener\">Projeto de Lei 224\/2024<\/a>, de autoria do deputado Junior Mochi (MDB), disp\u00f5e sobre a obrigatoriedade de as ag\u00eancias de viagens e turismo, que ofere\u00e7am pacotes tur\u00edstico no Estado de Mato Grosso do Sul, informarem ao consumidor, no momento da contrata\u00e7\u00e3o, a pol\u00edtica de cancelamento e de reembolso de servi\u00e7o adotada pela empresa, e d\u00e1 outras provid\u00eancias.<\/p>\n<p>De autoria do Tribunal de Contas, o\u00a0<a href=\"http:\/\/sgpl.consulta.al.ms.gov.br\/sgpl-publico\/#\/linha-tempo?idProposicao=325234\" target=\"_blank\" rel=\"noopener\">Projeto de Lei 29\/2025<\/a>\u00a0fixa o subs\u00eddio mensal dos Conselheiros, dos Conselheiros Substitutos e dos Membros do Minist\u00e9rio P\u00fablico de Contas do Estado de Mato Grosso do Sul, consoante disp\u00f5em os \u00a7\u00a7 4\u00ba e 5\u00ba do art. 80 e \u00a7 4\u00ba do art. 81, ambos da Constitui\u00e7\u00e3o Estadual.<\/p>\n<p><strong>Servi\u00e7o<\/strong><\/p>\n<p>As sess\u00f5es plen\u00e1rias podem ser acompanhadas presencialmente ou pela transmiss\u00e3o ao vivo dos canais oficiais de comunica\u00e7\u00e3o da Casa de Leis:\u00a0 TV ALEMS canal\u00a07.2 no sinal aberto e canal\u00a09 da Claro NET TV, ou ainda no\u00a0link\u00a0<a href=\"https:\/\/al.ms.gov.br\/TvAssembleia\" target=\"_blank\" rel=\"noopener\">TV ALEMS<\/a>;\u00a0R\u00e1dio ALEMS FM 105.5, sinal aberto, ou no link\u00a0<a href=\"https:\/\/al.ms.gov.br\/RadioAssembleia\/Audios?idMenu=601\" target=\"_blank\" rel=\"noopener\">R\u00e1dio ALEMS<\/a>;\u00a0<ins><a href=\"https:\/\/www.facebook.com\/assembleiams\" target=\"_blank\" rel=\"noopener\">Facebook<\/a>\u00a0e\u00a0<\/ins><a href=\"https:\/\/www.youtube.com\/c\/AssembleiaLegislativadeMS?app=desktop%C2%A0\" target=\"_blank\" rel=\"noopener\">Youtube<\/a>.<\/p>\n","protected":false},"excerpt":{"rendered":"<p>Tr\u00eas projetos de lei est\u00e3o na pauta da\u00a0Ordem do Dia\u00a0da sess\u00e3o ordin\u00e1ria desta ter\u00e7a-feira (18)&#8230;<\/p>\n","protected":false},"author":12,"featured_media":11759250,"comment_status":"closed","ping_status":"closed","sticky":false,"template":"","format":"standard","meta":{"footnotes":""},"categories":[17,19],"tags":[209,188],"class_list":["post-11764402","post","type-post","status-publish","format-standard","has-post-thumbnail","hentry","category-meio-ambiente","category-politica","tag-meio-ambiente","tag-politica"],"_links":{"self":[{"href":"https:\/\/www.corumbaonline.com.br\/news\/wp-json\/wp\/v2\/posts\/11764402","targetHints":{"allow":["GET"]}}],"collection":[{"href":"https:\/\/www.corumbaonline.com.br\/news\/wp-json\/wp\/v2\/posts"}],"about":[{"href":"https:\/\/www.corumbaonline.com.br\/news\/wp-json\/wp\/v2\/types\/post"}],"author":[{"embeddable":true,"href":"https:\/\/www.corumbaonline.com.br\/news\/wp-json\/wp\/v2\/users\/12"}],"replies":[{"embeddable":true,"href":"https:\/\/www.corumbaonline.com.br\/news\/wp-json\/wp\/v2\/comments?post=11764402"}],"version-history":[{"count":1,"href":"https:\/\/www.corumbaonline.com.br\/news\/wp-json\/wp\/v2\/posts\/11764402\/revisions"}],"predecessor-version":[{"id":11764403,"href":"https:\/\/www.corumbaonline.com.br\/news\/wp-json\/wp\/v2\/posts\/11764402\/revisions\/11764403"}],"wp:featuredmedia":[{"embeddable":true,"href":"https:\/\/www.corumbaonline.com.br\/news\/wp-json\/wp\/v2\/media\/11759250"}],"wp:attachment":[{"href":"https:\/\/www.corumbaonline.com.br\/news\/wp-json\/wp\/v2\/media?parent=11764402"}],"wp:term":[{"taxonomy":"category","embeddable":true,"href":"https:\/\/www.corumbaonline.com.br\/news\/wp-json\/wp\/v2\/categories?post=11764402"},{"taxonomy":"post_tag","embeddable":true,"href":"https:\/\/www.corumbaonline.com.br\/news\/wp-json\/wp\/v2\/tags?post=11764402"}],"curies":[{"name":"wp","href":"https:\/\/api.w.org\/{rel}","templated":true}]}}