{"id":11764428,"date":"2025-03-18T10:14:00","date_gmt":"2025-03-18T14:14:00","guid":{"rendered":"https:\/\/www.corumbaonline.com.br\/news\/?p=11764428"},"modified":"2025-03-18T10:35:05","modified_gmt":"2025-03-18T14:35:05","slug":"ifms-oferece-curso-preparatorio-para-ingresso-no-ensino-medio","status":"publish","type":"post","link":"https:\/\/www.corumbaonline.com.br\/news\/ifms-oferece-curso-preparatorio-para-ingresso-no-ensino-medio\/","title":{"rendered":"IFMS oferece curso preparat\u00f3rio para ingresso no ensino m\u00e9dio"},"content":{"rendered":"<p>O Instituto Federal de Mato Grosso do Sul (IFMS) est\u00e1 com\u00a0<strong>inscri\u00e7\u00f5es abertas<\/strong>\u00a0<strong>no curso preparat\u00f3rio gratuito<\/strong>\u00a0<strong>Partiu IF<\/strong>, programa do Minist\u00e9rio da Educa\u00e7\u00e3o (MEC) que visa preparar estudantes em situa\u00e7\u00e3o de vulnerabilidade social para ingresso na Rede Federal de Educa\u00e7\u00e3o Profissional, Cient\u00edfica e Tecnol\u00f3gica.<\/p>\n<p>A iniciativa in\u00e9dita busca oportunizar que estudantes da rede p\u00fablica de ensino de todo o pa\u00eds sejam aprovados nas sele\u00e7\u00f5es das institui\u00e7\u00f5es federais que ofertam vagas em cursos t\u00e9cnicos integrados ao ensino m\u00e9dio.\u00a0No caso do IFMS, os selecionados para o Partiu IF ser\u00e3o preparados para o Exame de Sele\u00e7\u00e3o 2026, prova para ingresso no ensino t\u00e9cnico integrado no primeiro semestre do ano que vem.<\/p>\n<p>Nesta primeira oferta do Partiu IF, o IFMS est\u00e1 com<a title=\"480 vagas distribu\u00eddas em 12 locais\" href=\"https:\/\/email.ifms.edu.br\/lists\/lt.php?tid=KxkNV1UIUgQGV0tWBlBcTlBQUVROAVoMDhteVwMKVARVBgcEUw4fVVYFBVRUWAROUlQDBE4NAABQG1lUAAZPBldRAVEHDFoDUQdeH1ICAwYCUlcDTghaXAYbDFZQBk8JVlZUH1AKVgBWAgNWVAIABw\" target=\"_blank\" rel=\"noopener noreferrer\">\u00a0480 vagas abertas em 12 locais de aula<\/a>\u00a0nos munic\u00edpios de Aquidauana, Campo Grande, Corumb\u00e1, Coxim, Dourados, Jardim, Lad\u00e1rio, Navira\u00ed, Nova Andradina, Ponta Por\u00e3 e Tr\u00eas Lagoas.<\/p>\n<p>H\u00e1 vagas reservadas para estudantes que se enquadram nas seguintes situa\u00e7\u00f5es:<\/p>\n<ul>\n<li>pertencentes a fam\u00edlias com renda\u00a0<em>per capita<\/em>\u00a0igual ou inferior a um sal\u00e1rio m\u00ednimo;<\/li>\n<li>autodeclarados pretos, pardos, ind\u00edgenas e quilombolas; e<\/li>\n<li>ser Pessoa com Defici\u00eancia (PCD).<\/li>\n<\/ul>\n<p>O curso \u00e9 destinado a estudantes matriculados no\u00a0 9\u00ba ano que estudaram todo o ensino fundamental em escola p\u00fablica. Outra regra \u00e9 ter 17 anos completos at\u00e9 a data da matr\u00edcula, prevista para abril.<\/p>\n<p>Com carga hor\u00e1ria total de 320 horas, o curso preparat\u00f3rio ser\u00e1 oferecido entre os meses de abril e novembro, no per\u00edodo vespertino, com aulas de\u00a0L\u00edngua Portuguesa, Matem\u00e1tica, Ci\u00eancias da Natureza e Pr\u00e1ticas Suplementares. Metade da carga hor\u00e1ria de cada disciplina ser\u00e1 ofertada presencialmente, e restante ser\u00e1 de atendimento ao estudante.<\/p>\n<p>Os estudantes que tiverem frequ\u00eancia m\u00ednima de 75% nas aulas receber\u00e3o ajuda de custo de R$ 200 por m\u00eas.<\/p>\n<p>Todas as regras do processo seletivo para o Partiu IF est\u00e3o dispon\u00edveis na\u00a0<strong><a title=\"Central de Sele\u00e7\u00e3o do IFMS\" href=\"https:\/\/email.ifms.edu.br\/lists\/lt.php?tid=KxlQClxeWwVTVUtUAFgETlBXVwNOAFteABsNXlcEBFdbXQNWAQgfVVYFBVRUWAROUlQDBE4NAABQG1lUAAZPBldRAVEHDFoDUQdeH1ICAwYCUlcDTghaXAYbDFZQBk8JVlZUH1AKVgBWAgNWVAIABw\" target=\"_blank\" rel=\"noopener noreferrer\">Central de Sele\u00e7\u00e3o do IFMS<\/a><\/strong>.<\/p>\n<p><strong>Inscri\u00e7\u00f5es<\/strong>\u00a0&#8211; S\u00e3o gratuitas e devem ser feitas na\u00a0<a title=\"P\u00e1gina do Candidato\" href=\"https:\/\/email.ifms.edu.br\/lists\/lt.php?tid=KxkNBFQNVVQAAksAA1NcTlBcUQFOAA8OBBsMUlMDUFAAXAcEVg4fVVYFBVRUWAROUlQDBE4NAABQG1lUAAZPBldRAVEHDFoDUQdeH1ICAwYCUlcDTghaXAYbDFZQBk8JVlZUH1AKVgBWAgNWVAIABw\" target=\"_blank\" rel=\"noopener noreferrer\">P\u00e1gina do Candidato<\/a>\u00a0da Central de Sele\u00e7\u00e3o at\u00e9\u00a0<strong>27 de mar\u00e7o<\/strong>.<\/p>\n<p>Depois de fazer o cadastro na Central de Sele\u00e7\u00e3o, o interessado deve seguir o passo a passo da inscri\u00e7\u00e3o explicado no item 3 do\u00a0<a title=\"edital de abertura do processo seletivo\" href=\"https:\/\/email.ifms.edu.br\/lists\/lt.php?tid=KxkEC10OUVJUA0tSAFhSTlBVUwFOWAtaDhsPX1NSVFdXAARTUgEfVVYFBVRUWAROUlQDBE4NAABQG1lUAAZPBldRAVEHDFoDUQdeH1ICAwYCUlcDTghaXAYbDFZQBk8JVlZUH1AKVgBWAgNWVAIABw\" target=\"_blank\" rel=\"noopener noreferrer\">edital de abertura do processo seletivo<\/a>.<\/p>\n<p>Ao final, \u00e9 preciso anexar os seguintes documentos\u00a0digitalizados em formato PDF e arquivo\u00a0\u00fanico:<\/p>\n<ul>\n<li>fotoc\u00f3pia do RG (frente e verso) ou certid\u00e3o de nascimento e CPF;<\/li>\n<li>comprovante de resid\u00eancia;<\/li>\n<li>declara\u00e7\u00e3o de matr\u00edcula em escola p\u00fablica assinada e carimbada pela institui\u00e7\u00e3o, com o turno e o\u00a0ano em que o aluno est\u00e1 matriculado e que o candidato cursou todos os anos do ensino fundamental em escola p\u00fablica (Anexo I);<\/li>\n<li>autodeclara\u00e7\u00e3o de cor\/ra\u00e7a (Anexo II) ou Autodeclara\u00e7\u00e3o \u00c9tnica Ind\u00edgena (Anexo III) e Declara\u00e7\u00e3o de\u00a0Pertencimento \u00c9tnico Ind\u00edgena (Anexo IV) ou Declara\u00e7\u00e3o de Pertencimento \u00c9tnico Quilombola (Anexo V) ou\u00a0Laudo M\u00e9dico (para PCD); e<\/li>\n<li>folha resumo do\u00a0Cadastro \u00danico para Programas Sociais do Governo Federal (Cad\u00danico) atualizado (2024), para aqueles que precisam comprovar renda\u00a0<em>per capita<\/em>\u00a0igual ou inferior a um sal\u00e1rio m\u00ednimo.<\/li>\n<\/ul>\n<p>Quem n\u00e3o tiver computador ou acesso \u00e0 internet pode ir at\u00e9 Central de Relacionamento (Cerel) do campus do IFMS para fazer a inscri\u00e7\u00e3o. Para isso, \u00e9 preciso consultar os\u00a0<a title=\"endere\u00e7os e hor\u00e1rios de atendimento dos campi\" href=\"https:\/\/email.ifms.edu.br\/lists\/lt.php?tid=KxlQUQYLUVMBUEtRB1RWTlAGBlJOWAldBBsLAFYAVFRbBwwDVgwfVVYFBVRUWAROUlQDBE4NAABQG1lUAAZPBldRAVEHDFoDUQdeH1ICAwYCUlcDTghaXAYbDFZQBk8JVlZUH1AKVgBWAgNWVAIABw\" target=\"_blank\" rel=\"noopener noreferrer\">endere\u00e7os e hor\u00e1rios de funcionamento dos campi<\/a>.<\/p>\n<p><strong>Sele\u00e7\u00e3o<\/strong>\u00a0&#8211; Ser\u00e1 feita em duas etapas: an\u00e1lise dos documentos apresentados e sorteio eletr\u00f4nico.<\/p>\n<p>A previs\u00e3o \u00e9 que os resultados preliminar e final da an\u00e1lise documental sejam divulgados nos dias 2 e 4 de abril, respectivamente. O sorteio eletr\u00f4nico est\u00e1 previsto para o dia 7 de abril, e ser\u00e1 feito por grupos:<\/p>\n<ul>\n<li>EP: Escola P\u00fablica<\/li>\n<li>EP + BR: Escola P\u00fablica + Baixa Renda<\/li>\n<li>EP + PPI: Escola P\u00fablica + Pretos, Pardos e Ind\u00edgenas<\/li>\n<li>EP + Q: Escola P\u00fablica + Quilombola<\/li>\n<li>EP + PCD: Escola P\u00fablica + Pessoa Com Defici\u00eancia<\/li>\n<\/ul>\n<p>A descri\u00e7\u00e3o de cada grupo pode ser consultada no Quadro 3 (item 5.3) do\u00a0<a title=\"edital de abertura do processo seletivo\" href=\"https:\/\/email.ifms.edu.br\/lists\/lt.php?tid=KxkEC10OUVJUA0tSAFhSTlBVUwFOWAtaDhsPX1NSVFdXAARTUgEfVVYFBVRUWAROUlQDBE4NAABQG1lUAAZPBldRAVEHDFoDUQdeH1ICAwYCUlcDTghaXAYbDFZQBk8JVlZUH1AKVgBWAgNWVAIABw\" target=\"_blank\" rel=\"noopener noreferrer\">edital de abertura do processo seletivo<\/a>.<\/p>\n<p>O resultado do sorteio ser\u00e1 publicado no dia 8 de abril, com matr\u00edculas entre os dias 9 e 11. A previs\u00e3o \u00e9 que as aulas tenham in\u00edcio no dia 14 de abril.<\/p>\n<p><strong>Partiu IF<\/strong>\u00a0&#8211; Foi institu\u00eddo pelo MEC com a finalidade de atender a Meta 7 do\u00a0<a title=\"Plano Nacional de Educa\u00e7\u00e3o\" href=\"https:\/\/email.ifms.edu.br\/lists\/lt.php?tid=KxkGBgYJAAYFVksGAQdXTlAHAFpOWAkABRtdAAcAVANXXQVUVV0fVVYFBVRUWAROUlQDBE4NAABQG1lUAAZPBldRAVEHDFoDUQdeH1ICAwYCUlcDTghaXAYbDFZQBk8JVlZUH1AKVgBWAgNWVAIABw\" target=\"_blank\" rel=\"noopener noreferrer\">Plano Nacional de Educa\u00e7\u00e3o (PNE)<\/a>, que visa fomentar a qualidade da educa\u00e7\u00e3o b\u00e1sica em todas as etapas e modalidades, com melhoria do fluxo escolar e da aprendizagem, de forma a melhorar os resultados do \u00cdndice de Desenvolvimento da Educa\u00e7\u00e3o B\u00e1sica (Ideb).<\/p>\n<p>Com investimento de R$ 115 milh\u00f5es, a previs\u00e3o \u00e9 que no ciclo 2024-25 sejam ofertadas 26 mil vagas no curso preparat\u00f3rio em todo o pa\u00eds, e que at\u00e9 2027 sejam beneficiados pelo programa 78 mil estudantes brasileiros.<\/p>\n<p>Saiba mais sobre o programa no\u00a0<strong><a title=\"site do Partiu IF\" href=\"https:\/\/email.ifms.edu.br\/lists\/lt.php?tid=KxkAA10KVwZVBUsFBANVTlBXA1BOAFtaVxsOBAcCW1NQUlFRUg4fVVYFBVRUWAROUlQDBE4NAABQG1lUAAZPBldRAVEHDFoDUQdeH1ICAwYCUlcDTghaXAYbDFZQBk8JVlZUH1AKVgBWAgNWVAIABw\" target=\"_blank\" rel=\"noopener noreferrer\">site do Partiu IF<\/a>.<\/strong><\/p>\n","protected":false},"excerpt":{"rendered":"<p>O Instituto Federal de Mato Grosso do Sul (IFMS) est\u00e1 com\u00a0inscri\u00e7\u00f5es abertas\u00a0no curso preparat\u00f3rio gratuito\u00a0Partiu&#8230;<\/p>\n","protected":false},"author":9,"featured_media":11764429,"comment_status":"closed","ping_status":"closed","sticky":false,"template":"","format":"standard","meta":{"footnotes":""},"categories":[10],"tags":[194],"class_list":["post-11764428","post","type-post","status-publish","format-standard","has-post-thumbnail","hentry","category-educacao","tag-educacao"],"_links":{"self":[{"href":"https:\/\/www.corumbaonline.com.br\/news\/wp-json\/wp\/v2\/posts\/11764428","targetHints":{"allow":["GET"]}}],"collection":[{"href":"https:\/\/www.corumbaonline.com.br\/news\/wp-json\/wp\/v2\/posts"}],"about":[{"href":"https:\/\/www.corumbaonline.com.br\/news\/wp-json\/wp\/v2\/types\/post"}],"author":[{"embeddable":true,"href":"https:\/\/www.corumbaonline.com.br\/news\/wp-json\/wp\/v2\/users\/9"}],"replies":[{"embeddable":true,"href":"https:\/\/www.corumbaonline.com.br\/news\/wp-json\/wp\/v2\/comments?post=11764428"}],"version-history":[{"count":1,"href":"https:\/\/www.corumbaonline.com.br\/news\/wp-json\/wp\/v2\/posts\/11764428\/revisions"}],"predecessor-version":[{"id":11764430,"href":"https:\/\/www.corumbaonline.com.br\/news\/wp-json\/wp\/v2\/posts\/11764428\/revisions\/11764430"}],"wp:featuredmedia":[{"embeddable":true,"href":"https:\/\/www.corumbaonline.com.br\/news\/wp-json\/wp\/v2\/media\/11764429"}],"wp:attachment":[{"href":"https:\/\/www.corumbaonline.com.br\/news\/wp-json\/wp\/v2\/media?parent=11764428"}],"wp:term":[{"taxonomy":"category","embeddable":true,"href":"https:\/\/www.corumbaonline.com.br\/news\/wp-json\/wp\/v2\/categories?post=11764428"},{"taxonomy":"post_tag","embeddable":true,"href":"https:\/\/www.corumbaonline.com.br\/news\/wp-json\/wp\/v2\/tags?post=11764428"}],"curies":[{"name":"wp","href":"https:\/\/api.w.org\/{rel}","templated":true}]}}