{"id":11764440,"date":"2025-03-18T11:20:00","date_gmt":"2025-03-18T15:20:00","guid":{"rendered":"https:\/\/www.corumbaonline.com.br\/news\/?p=11764440"},"modified":"2025-03-18T12:23:57","modified_gmt":"2025-03-18T16:23:57","slug":"governo-de-ms-ouve-coletivo-com-demandas-e-sugestoes-para-fortalecer-protecao-as-mulheres","status":"publish","type":"post","link":"https:\/\/www.corumbaonline.com.br\/news\/governo-de-ms-ouve-coletivo-com-demandas-e-sugestoes-para-fortalecer-protecao-as-mulheres\/","title":{"rendered":"Governo de MS ouve coletivo com demandas e sugest\u00f5es para fortalecer prote\u00e7\u00e3o \u00e0s mulheres"},"content":{"rendered":"<p>Com a\u00e7\u00f5es voltadas a melhoria do servi\u00e7o de acolhimento e atendimento \u00e0s mulheres v\u00edtimas de viol\u00eancia em Mato Grosso do Sul, o Governo do Estado reuniu representantes da rede de prote\u00e7\u00e3o \u00e0s mulheres que apresentaram demandas e sugest\u00f5es.<\/p>\n<p>O governador Eduardo Riedel pontuou sobre os in\u00fameros desafios relacionados ao trabalho que envolve o aperfei\u00e7oamento para efici\u00eancia e celeridade em toda a estrutura de assist\u00eancia \u00e0s mulheres e tamb\u00e9m em rela\u00e7\u00e3o as mudan\u00e7as que j\u00e1 ocorreram ap\u00f3s a interven\u00e7\u00e3o do Governo do Estado.<\/p>\n<p>\u201cO tema \u00e9 complexo, envolve educa\u00e7\u00e3o, pol\u00edticas p\u00fablicas, transporte, e outras in\u00fameras coisas. \u00c9 desafiador transformar a realidade, mas o Mato Grosso do Sul tipifica os crimes de maneira correta e estamos aqui com absoluto compromisso com as mudan\u00e7as necess\u00e1rias\u201d, pontuou Riedel.<\/p>\n<div id=\"gallery-1\" class=\"gallery galleryid-505484 gallery-columns-2 gallery-size-full\">\n<figure class=\"gallery-item\">\n<div class=\"gallery-icon landscape\"><a href=\"https:\/\/agenciadenoticias.ms.gov.br\/wp-content\/uploads\/2025\/03\/Fotos-AlvaroRezende-7-scaled.jpg\"><img loading=\"lazy\" decoding=\"async\" class=\"attachment-full size-full\" src=\"https:\/\/agenciadenoticias.ms.gov.br\/wp-content\/uploads\/2025\/03\/Fotos-AlvaroRezende-7-scaled.jpg\" sizes=\"auto, (max-width: 1920px) 100vw, 1920px\" srcset=\"https:\/\/agenciadenoticias.ms.gov.br\/wp-content\/uploads\/2025\/03\/Fotos-AlvaroRezende-7-scaled.jpg 1920w, https:\/\/agenciadenoticias.ms.gov.br\/wp-content\/uploads\/2025\/03\/Fotos-AlvaroRezende-7-300x200.jpg 300w, https:\/\/agenciadenoticias.ms.gov.br\/wp-content\/uploads\/2025\/03\/Fotos-AlvaroRezende-7-1024x683.jpg 1024w, https:\/\/agenciadenoticias.ms.gov.br\/wp-content\/uploads\/2025\/03\/Fotos-AlvaroRezende-7-768x512.jpg 768w, https:\/\/agenciadenoticias.ms.gov.br\/wp-content\/uploads\/2025\/03\/Fotos-AlvaroRezende-7-1536x1024.jpg 1536w, https:\/\/agenciadenoticias.ms.gov.br\/wp-content\/uploads\/2025\/03\/Fotos-AlvaroRezende-7-2048x1365.jpg 2048w, https:\/\/agenciadenoticias.ms.gov.br\/wp-content\/uploads\/2025\/03\/Fotos-AlvaroRezende-7-350x232.jpg 350w\" alt=\"\" width=\"1920\" height=\"1280\" \/><\/a><\/div>\n<\/figure>\n<figure class=\"gallery-item\">\n<div class=\"gallery-icon landscape\"><a href=\"https:\/\/agenciadenoticias.ms.gov.br\/wp-content\/uploads\/2025\/03\/Fotos-AlvaroRezende-10-scaled.jpg\"><img loading=\"lazy\" decoding=\"async\" class=\"attachment-full size-full\" src=\"https:\/\/agenciadenoticias.ms.gov.br\/wp-content\/uploads\/2025\/03\/Fotos-AlvaroRezende-10-scaled.jpg\" sizes=\"auto, (max-width: 1920px) 100vw, 1920px\" srcset=\"https:\/\/agenciadenoticias.ms.gov.br\/wp-content\/uploads\/2025\/03\/Fotos-AlvaroRezende-10-scaled.jpg 1920w, https:\/\/agenciadenoticias.ms.gov.br\/wp-content\/uploads\/2025\/03\/Fotos-AlvaroRezende-10-300x200.jpg 300w, https:\/\/agenciadenoticias.ms.gov.br\/wp-content\/uploads\/2025\/03\/Fotos-AlvaroRezende-10-1024x683.jpg 1024w, https:\/\/agenciadenoticias.ms.gov.br\/wp-content\/uploads\/2025\/03\/Fotos-AlvaroRezende-10-768x512.jpg 768w, https:\/\/agenciadenoticias.ms.gov.br\/wp-content\/uploads\/2025\/03\/Fotos-AlvaroRezende-10-1536x1024.jpg 1536w, https:\/\/agenciadenoticias.ms.gov.br\/wp-content\/uploads\/2025\/03\/Fotos-AlvaroRezende-10-2048x1365.jpg 2048w, https:\/\/agenciadenoticias.ms.gov.br\/wp-content\/uploads\/2025\/03\/Fotos-AlvaroRezende-10-350x232.jpg 350w\" alt=\"\" width=\"1920\" height=\"1280\" \/><\/a><\/div>\n<\/figure>\n<\/div>\n<p>\u201cViemos reinvidicar uma s\u00e9rie de mudan\u00e7as necess\u00e1rias para a melhoria do atendimento \u00e0s mulheres, especialmente na \u00e1rea rural e no interior do Estado, pois \u00e9 necess\u00e1rio que a estrutura chegue \u00e0 todas que precisam de acolhimento nos munic\u00edpios\u201d, disse Adriane da Silva Soares, representante quilombola.<\/p>\n<p>A reuni\u00e3o realizada na tarde de hoje (17) foi coordenada pela deputada estadual Gleice Jane e contou com a participa\u00e7\u00e3o de lideran\u00e7as femininas em diversas \u00e1reas \u2013 \u00edndigenas, negras, quilombolas, transexuais, entre outras \u2013, al\u00e9m do vice-governador Jos\u00e9 Carlos Barbosa (Barbosinha), a secret\u00e1ria Viviane Luiza (Cidadania), a subsecret\u00e1ria Manuela Nicodemos (Pol\u00edticas P\u00fablicas para Mulheres), deputada federal Camila Jara e vereadoras de Campo Grande e Ribas do Rio Pardo.<\/p>\n<p>\u201cO Estado reconhece as falhas e estamos atuando em todas as \u00e1reas para poder solucionar os problemas, desde o atendimento na Casa da Mulher Brasileira at\u00e9 o andamento das investiga\u00e7\u00f5es, dando celeridade nas mais diversas frentes de trabalho\u201d, afirmou o vice-governador Jos\u00e9 Carlos Barbosa (Barbosinha), que coordena o GT (Grupo de Trabalho), criado para aperfei\u00e7oar a estrutura de atendimento \u00e0s mulheres no Estado.<\/p>\n<p><a href=\"https:\/\/agenciadenoticias.ms.gov.br\/wp-content\/uploads\/2025\/03\/Fotos-AlvaroRezende-9-scaled.jpg\"><img loading=\"lazy\" decoding=\"async\" class=\"aligncenter wp-image-505472 size-large\" src=\"https:\/\/agenciadenoticias.ms.gov.br\/wp-content\/uploads\/2025\/03\/Fotos-AlvaroRezende-9-1024x683.jpg\" sizes=\"auto, (max-width: 1024px) 100vw, 1024px\" srcset=\"https:\/\/agenciadenoticias.ms.gov.br\/wp-content\/uploads\/2025\/03\/Fotos-AlvaroRezende-9-1024x683.jpg 1024w, https:\/\/agenciadenoticias.ms.gov.br\/wp-content\/uploads\/2025\/03\/Fotos-AlvaroRezende-9-300x200.jpg 300w, https:\/\/agenciadenoticias.ms.gov.br\/wp-content\/uploads\/2025\/03\/Fotos-AlvaroRezende-9-768x512.jpg 768w, https:\/\/agenciadenoticias.ms.gov.br\/wp-content\/uploads\/2025\/03\/Fotos-AlvaroRezende-9-1536x1024.jpg 1536w, https:\/\/agenciadenoticias.ms.gov.br\/wp-content\/uploads\/2025\/03\/Fotos-AlvaroRezende-9-2048x1365.jpg 2048w, https:\/\/agenciadenoticias.ms.gov.br\/wp-content\/uploads\/2025\/03\/Fotos-AlvaroRezende-9-350x232.jpg 350w, https:\/\/agenciadenoticias.ms.gov.br\/wp-content\/uploads\/2025\/03\/Fotos-AlvaroRezende-9-scaled.jpg 1920w\" alt=\"\" width=\"1024\" height=\"683\" \/><\/a><\/p>\n<p><em>Natalia Yahn, Comunica\u00e7\u00e3o Governo de MS<\/em><br \/>\n<em>Fotos: \u00c1lvaro Rezende<\/em><\/p>\n","protected":false},"excerpt":{"rendered":"<p>Com a\u00e7\u00f5es voltadas a melhoria do servi\u00e7o de acolhimento e atendimento \u00e0s mulheres v\u00edtimas de&#8230;<\/p>\n","protected":false},"author":13,"featured_media":11764441,"comment_status":"closed","ping_status":"closed","sticky":false,"template":"","format":"standard","meta":{"footnotes":""},"categories":[19],"tags":[188],"class_list":["post-11764440","post","type-post","status-publish","format-standard","has-post-thumbnail","hentry","category-politica","tag-politica"],"_links":{"self":[{"href":"https:\/\/www.corumbaonline.com.br\/news\/wp-json\/wp\/v2\/posts\/11764440","targetHints":{"allow":["GET"]}}],"collection":[{"href":"https:\/\/www.corumbaonline.com.br\/news\/wp-json\/wp\/v2\/posts"}],"about":[{"href":"https:\/\/www.corumbaonline.com.br\/news\/wp-json\/wp\/v2\/types\/post"}],"author":[{"embeddable":true,"href":"https:\/\/www.corumbaonline.com.br\/news\/wp-json\/wp\/v2\/users\/13"}],"replies":[{"embeddable":true,"href":"https:\/\/www.corumbaonline.com.br\/news\/wp-json\/wp\/v2\/comments?post=11764440"}],"version-history":[{"count":1,"href":"https:\/\/www.corumbaonline.com.br\/news\/wp-json\/wp\/v2\/posts\/11764440\/revisions"}],"predecessor-version":[{"id":11764442,"href":"https:\/\/www.corumbaonline.com.br\/news\/wp-json\/wp\/v2\/posts\/11764440\/revisions\/11764442"}],"wp:featuredmedia":[{"embeddable":true,"href":"https:\/\/www.corumbaonline.com.br\/news\/wp-json\/wp\/v2\/media\/11764441"}],"wp:attachment":[{"href":"https:\/\/www.corumbaonline.com.br\/news\/wp-json\/wp\/v2\/media?parent=11764440"}],"wp:term":[{"taxonomy":"category","embeddable":true,"href":"https:\/\/www.corumbaonline.com.br\/news\/wp-json\/wp\/v2\/categories?post=11764440"},{"taxonomy":"post_tag","embeddable":true,"href":"https:\/\/www.corumbaonline.com.br\/news\/wp-json\/wp\/v2\/tags?post=11764440"}],"curies":[{"name":"wp","href":"https:\/\/api.w.org\/{rel}","templated":true}]}}