{"id":11764443,"date":"2025-03-18T11:37:00","date_gmt":"2025-03-18T15:37:00","guid":{"rendered":"https:\/\/www.corumbaonline.com.br\/news\/?p=11764443"},"modified":"2025-03-18T12:28:20","modified_gmt":"2025-03-18T16:28:20","slug":"dino-da-10-dias-para-congresso-explicar-nova-norma-sobre-emendas","status":"publish","type":"post","link":"https:\/\/www.corumbaonline.com.br\/news\/dino-da-10-dias-para-congresso-explicar-nova-norma-sobre-emendas\/","title":{"rendered":"Dino d\u00e1 10 dias para Congresso explicar nova norma sobre emendas"},"content":{"rendered":"<p>O ministro Fl\u00e1vio Dino, do Supremo Tribunal Federal (STF),\u00a0<strong>deu prazo de 10 dias para que a C\u00e2mara e o Senado expliquem<\/strong>\u00a0a\u00a0<a href=\"https:\/\/agenciabrasil.ebc.com.br\/politica\/noticia\/2025-03\/congresso-aprova-novas-regras-para-pagamento-de-emendas-parlamentares\" target=\"_blank\" rel=\"noopener\">resolu\u00e7\u00e3o aprovada na\u00a0 quinta-feira (13)<\/a>\u00a0sobre novas regras para garantir maior transpar\u00eancia e rastreabilidade das emendas parlamentares ao Or\u00e7amento federal.<img decoding=\"async\" src=\"https:\/\/agenciabrasil.ebc.com.br\/ebc.png?id=1634933&amp;o=node\" \/><img decoding=\"async\" src=\"https:\/\/agenciabrasil.ebc.com.br\/ebc.gif?id=1634933&amp;o=node\" \/><\/p>\n<p>O ministro\u00a0<strong>determinou a intima\u00e7\u00e3o da Advocacia-Geral da Uni\u00e3o (AGU) para que se manifeste<\/strong>\u00a0sobre a nova norma tamb\u00e9m em 10 dias.<\/p>\n<p>A medida foi ordenada\u00a0<strong>\u201c\u00e0 vista da necessidade de melhor esclarecimento dos fatos\u201d<\/strong>, argumentou Dino.<\/p>\n<p><strong>Ele atendeu a pedido feito pelo Instituto N\u00e3o Aceito Corrup\u00e7\u00e3o (Inac)<\/strong>, que atua nas a\u00e7\u00f5es sobre o tema como amicus curiae, ou seja, como amigo da corte, apto a apresentar manifesta\u00e7\u00f5es ao Supremo.<\/p>\n<p>O Inac informou ao Supremo que a nova resolu\u00e7\u00e3o sobre emendas continua a permitir a oculta\u00e7\u00e3o do congressista respons\u00e1vel por emendas, o que\u00a0<strong>j\u00e1 foi proibido pelo Supremo, por violar princ\u00edpios constitucionais relativos ao Or\u00e7amento<\/strong>.<\/p>\n<blockquote><p>\u201cO texto permite (arts. 45-A, 47 e 48- A) que os parlamentares fa\u00e7am indica\u00e7\u00f5es por meio de suas bancadas partid\u00e1rias, constando apenas a assinatura do l\u00edder da sigla, sem identifica\u00e7\u00e3o do autor original\u201d, diz o Inac.<\/p><\/blockquote>\n<p><strong>O instituto afirma que a nova modalidade de emendas de l\u00edder seriam \u201cuma nova fase do or\u00e7amento secreto\u201d<\/strong>, conforme trechos destacados pelo pr\u00f3prio Dino na decis\u00e3o desta ter\u00e7a-feira.<\/p>\n<h2>Entenda<\/h2>\n<p><a href=\"https:\/\/agenciabrasil.ebc.com.br\/tags\/emendas-parlamentares-0\" target=\"_blank\" rel=\"noopener\">As emendas parlamentares<\/a>\u00a0representam a parte do Or\u00e7amento que tem sua destina\u00e7\u00e3o definida de acordo com a indica\u00e7\u00e3o de deputados e senadores, que selecionam obras ou servi\u00e7os p\u00fablicos que devem receber os recursos, geralmente aplicados nas suas bases eleitorais.<\/p>\n<p>A express\u00e3o \u201cor\u00e7amento secreto\u201d se refere a emendas parlamentares que, nos \u00faltimos anos,\u00a0<strong>n\u00e3o permitiam, por exemplo, identificar qual parlamentar havia indicado a destina\u00e7\u00e3o do dinheiro<\/strong>, nem o benefici\u00e1rio final da verba p\u00fablica, entre outras irregularidades.<\/p>\n<p><strong>Desde dezembro de 2022, o Supremo tem atuado para disciplinar a proposi\u00e7\u00e3o e a libera\u00e7\u00e3o das emendas<\/strong>, considerando inconstitucionais as que n\u00e3o atendem a crit\u00e9rios m\u00ednimos de transpar\u00eancia e rastreabilidade.<\/p>\n<h2>Or\u00e7amento<\/h2>\n<p>A nova resolu\u00e7\u00e3o \u00e9 a culmin\u00e2ncia de um processo de concilia\u00e7\u00e3o tocado pelo Supremo e\u00a0<strong>faz parte de um plano de trabalho apresentado pelo Congresso para solucionar a quest\u00e3o<\/strong>.<\/p>\n<p>No mesmo dia em que a resolu\u00e7\u00e3o foi aprovada em sess\u00e3o conjunta do Congresso, Dino deu declara\u00e7\u00e3o afirmando que a\u00a0<a href=\"https:\/\/agenciabrasil.ebc.com.br\/justica\/noticia\/2025-03\/solucao-para-orcamento-secreto-esta-muito-longe-do-ideal-diz-dino\" target=\"_blank\" rel=\"noopener\">solu\u00e7\u00e3o encontrada para o or\u00e7amento secreto ainda estaria \u201clonge do ideal\u201d<\/a>.<\/p>\n<p><strong>O impasse relativo \u00e0s emendas \u00e9 uma das principais causas para o atraso no Or\u00e7amento de 2025<\/strong>, que ainda\u00a0<a href=\"https:\/\/agenciabrasil.ebc.com.br\/politica\/noticia\/2025-03\/votacao-do-orcamento-de-2025-em-comissao-e-adiada-para-sexta-feira\" target=\"_blank\" rel=\"noopener\">n\u00e3o foi votado na Comiss\u00e3o Mista de Or\u00e7amento do Congresso<\/a>. Ap\u00f3s sucessivos atrasos, a previs\u00e3o agora \u00e9 que a vota\u00e7\u00e3o fique para abril, diante da demora na apresenta\u00e7\u00e3o do parecer do relator \u00c2ngelo Coronel (PSD-BA).<\/p>\n","protected":false},"excerpt":{"rendered":"<p>O ministro Fl\u00e1vio Dino, do Supremo Tribunal Federal (STF),\u00a0deu prazo de 10 dias para que&#8230;<\/p>\n","protected":false},"author":4,"featured_media":11764444,"comment_status":"closed","ping_status":"closed","sticky":false,"template":"","format":"standard","meta":{"footnotes":""},"categories":[19],"tags":[188],"class_list":["post-11764443","post","type-post","status-publish","format-standard","has-post-thumbnail","hentry","category-politica","tag-politica"],"_links":{"self":[{"href":"https:\/\/www.corumbaonline.com.br\/news\/wp-json\/wp\/v2\/posts\/11764443","targetHints":{"allow":["GET"]}}],"collection":[{"href":"https:\/\/www.corumbaonline.com.br\/news\/wp-json\/wp\/v2\/posts"}],"about":[{"href":"https:\/\/www.corumbaonline.com.br\/news\/wp-json\/wp\/v2\/types\/post"}],"author":[{"embeddable":true,"href":"https:\/\/www.corumbaonline.com.br\/news\/wp-json\/wp\/v2\/users\/4"}],"replies":[{"embeddable":true,"href":"https:\/\/www.corumbaonline.com.br\/news\/wp-json\/wp\/v2\/comments?post=11764443"}],"version-history":[{"count":1,"href":"https:\/\/www.corumbaonline.com.br\/news\/wp-json\/wp\/v2\/posts\/11764443\/revisions"}],"predecessor-version":[{"id":11764445,"href":"https:\/\/www.corumbaonline.com.br\/news\/wp-json\/wp\/v2\/posts\/11764443\/revisions\/11764445"}],"wp:featuredmedia":[{"embeddable":true,"href":"https:\/\/www.corumbaonline.com.br\/news\/wp-json\/wp\/v2\/media\/11764444"}],"wp:attachment":[{"href":"https:\/\/www.corumbaonline.com.br\/news\/wp-json\/wp\/v2\/media?parent=11764443"}],"wp:term":[{"taxonomy":"category","embeddable":true,"href":"https:\/\/www.corumbaonline.com.br\/news\/wp-json\/wp\/v2\/categories?post=11764443"},{"taxonomy":"post_tag","embeddable":true,"href":"https:\/\/www.corumbaonline.com.br\/news\/wp-json\/wp\/v2\/tags?post=11764443"}],"curies":[{"name":"wp","href":"https:\/\/api.w.org\/{rel}","templated":true}]}}