{"id":11764475,"date":"2025-03-18T15:18:06","date_gmt":"2025-03-18T19:18:06","guid":{"rendered":"https:\/\/www.corumbaonline.com.br\/news\/?p=11764475"},"modified":"2025-03-18T15:18:08","modified_gmt":"2025-03-18T19:18:08","slug":"economia-brasileira-cresceu-03-de-dezembro-para-janeiro-estima-fgv","status":"publish","type":"post","link":"https:\/\/www.corumbaonline.com.br\/news\/economia-brasileira-cresceu-03-de-dezembro-para-janeiro-estima-fgv\/","title":{"rendered":"Economia brasileira cresceu 0,3% de dezembro para janeiro, estima FGV"},"content":{"rendered":"\n<p> Incertezas no cen\u00e1rio econ\u00f4mico internacional, provocadas pelo presidente americano Donald Trump, e o alto patamar dos juros no Brasil levaram \u00e0 desacelera\u00e7\u00e3o da economia brasileira no come\u00e7o de 2025.<img decoding=\"async\" src=\"https:\/\/agenciabrasil.ebc.com.br\/ebc.png?id=1635003&amp;o=node\"><img decoding=\"async\" src=\"https:\/\/agenciabrasil.ebc.com.br\/ebc.gif?id=1635003&amp;o=node\"><\/p>\n\n\n\n<p>De acordo com previs\u00e3o da Funda\u00e7\u00e3o Getulio Vargas (FGV),&nbsp;<strong>a economia do pa\u00eds cresceu 0,3% de dezembro de 2024 para janeiro deste ano.<\/strong>&nbsp;De novembro para dezembro, a expans\u00e3o tinha sido de 0,5%.<\/p>\n\n\n\n<p>A constata\u00e7\u00e3o de desacelera\u00e7\u00e3o faz parte do&nbsp;<a href=\"https:\/\/portalibre.fgv.br\/system\/files\/2025-03\/monitor-do-pib-fgv-marco-de-2025-ref.-de-janeiro.pdf\" target=\"_blank\" rel=\"noreferrer noopener\">Monitor do PIB<\/a>, estudo mensal elaborado pelo Instituto Brasileiro de Economia (Ibre) da FGV, divulgado nesta ter\u00e7a-feira (18).&nbsp;A pesquisa faz estimativas sobre&nbsp;o comportamento do Produto Interno Bruto (PIB), indicador do&nbsp;conjunto de todos os bens e servi\u00e7os produzidos no pa\u00eds.<\/p>\n\n\n\n<p>Os dados s\u00e3o dessazonalizados, isto \u00e9, foram exclu\u00eddas varia\u00e7\u00f5es sazonais, de forma que seja poss\u00edvel comparar per\u00edodos diferentes.<\/p>\n\n\n\n<p>O levantamento da FGV mostra que, em janeiro de 2025, a economia apresentou expans\u00e3o de 2,5% em rela\u00e7\u00e3o ao mesmo m\u00eas de 2024.&nbsp;<strong>No acumulado de 12 meses, o crescimento do pa\u00eds \u00e9&nbsp;de 3,2%.<\/strong><\/p>\n\n\n\n<p>De acordo com a coordenadora da pesquisa, Juliana Trece,&nbsp;<strong>embora a economia esteja com resultados positivos, \u201ch\u00e1 um processo disseminado de desacelera\u00e7\u00e3o<\/strong>\u201d.<\/p>\n\n\n\n<blockquote class=\"wp-block-quote is-layout-flow wp-block-quote-is-layout-flow\">\n<p>\u201cA eleva\u00e7\u00e3o da incerteza externa, aliada \u00e0&nbsp;alta taxa de juros interna com tend\u00eancia de aumento ao longo do ano, sinalizam dificuldades de crescimento dos setores mais relacionados ao ciclo econ\u00f4mico, como o industrial e o de investimentos\u201d, diz.<\/p>\n<\/blockquote>\n\n\n\n<p>O cen\u00e1rio de incerteza citado pela economista est\u00e1 ligado \u00e0\u00a0volta de Donald Trump \u00e0 presid\u00eancia dos Estados Unidos, em janeiro. Desde que reassumiu, o republicano tem anunciado medidas para proteger setores econ\u00f4micos de seu pa\u00eds contra a concorr\u00eancia estrangeira,\u00a0vistas por especialistas como indutoras de uma recess\u00e3o global. Entre elas, est\u00e1\u00a0a taxa\u00e7\u00e3o de a\u00e7o e alum\u00ednio de pa\u00edses parceiros, o que afeta diretamente o Brasil.<\/p>\n\n\n\n<figure class=\"wp-block-image\"><img decoding=\"async\" src=\"https:\/\/imagens.ebc.com.br\/_NFEBPaQDrQlBwaJbHmmGHtmaZg=\/365x0\/smart\/https:\/\/agenciabrasil.ebc.com.br\/sites\/default\/files\/thumbnails\/image\/2015-12-02t000000z_640900256_mt1imgcnpbu37067810_rtrmadp_3_china-aluminum.jpg?itok=K38yi9TT\" alt=\"Fabrica de Alum\u00ednio\" title=\"Reuters\/Dong naide\/Direitos reservados\"\/><\/figure>\n\n\n\n<p>Fabrica de Alum\u00ednio &#8211;&nbsp;<strong>Reuters\/Dong naide\/Direitos reservados<\/strong><\/p>\n\n\n\n<p>Outro fator que ajuda a desacelerar a economia brasileira \u00e9 a taxa b\u00e1sica de juros, a Selic, que determina o patamar b\u00e1sico de juros no pa\u00eds. A Selic alta \u00e9 a principal ferramenta de pol\u00edtica monet\u00e1ria do Banco Central (BC) para o controle de infla\u00e7\u00e3o. Quando ela aumenta, h\u00e1 um desest\u00edmulo \u00e0 contrata\u00e7\u00e3o de cr\u00e9dito e ao consumo, o que reduz a press\u00e3o da demanda sobre os pre\u00e7os.<\/p>\n\n\n\n<p>Atualmente,\u00a0a taxa est\u00e1 em 13,25% ao ano, e h\u00e1 a expectativa de mais um aumento nesta semana, quando acontece a reuni\u00e3o do Comit\u00ea de Pol\u00edtica Monet\u00e1ria (Copom) do BC. As reuni\u00f5es do Copom acontecem a aproximadamente cada 45 dias. Se confirmada, ser\u00e1 a quinta eleva\u00e7\u00e3o desde 31 de julho, quando os juros eram de 10,5% ao ano.\u00a0<\/p>\n\n\n\n<p>Apesar dos freios exercidos pelo cen\u00e1rio externo e pelos juros,&nbsp;<strong>Juliana Trece acredita que, caso o recorde esperado da safra agr\u00edcola para este ano se confirme, \u201co resultado positivo na agropecu\u00e1ria pode indicar um al\u00edvio para a atividade econ\u00f4mica\u201d.<\/strong><\/p>\n\n\n\n<p>De acordo com estimativa anunciada na quinta-feira (13) pela Companhia Nacional de Abastecimento (Conab),\u00a0a safra de gr\u00e3os 2024\/25 ser\u00e1 recorde, de 328,3 milh\u00f5es de toneladas, expans\u00e3o de 10,3% ante a safra 2023\/24.<\/p>\n\n\n\n<h2 class=\"wp-block-heading\">Dados setoriais<\/h2>\n\n\n\n<p>Para demonstrar a perda de ritmo da economia, o estudo da FGV mostra o comportamento do consumo das fam\u00edlias, que subiu 2,6% no trimestre m\u00f3vel terminado em janeiro. Foi o terceiro trimestre m\u00f3vel seguido de desacelera\u00e7\u00e3o e o menor crescimento desde o per\u00edodo terminado em dezembro de 2023 (2,6%).<\/p>\n\n\n\n<p>\u201cOs menores crescimentos registrados nos&nbsp;bens de consumo dur\u00e1veis, n\u00e3o dur\u00e1veis e de servi\u00e7os explicam essa desacelera\u00e7\u00e3o\u201d, especifica o estudo.<\/p>\n\n\n\n<figure class=\"wp-block-image\"><img decoding=\"async\" src=\"https:\/\/imagens.ebc.com.br\/qCqL_2rIHVsK6JLWCrL4IpTDBmc=\/754x0\/smart\/https:\/\/agenciabrasil.ebc.com.br\/sites\/default\/files\/atoms\/image\/carros-patio-montadora-sao_bernargo_sp1-marcelo_camargo.jpg?itok=0xe3xThO\" alt=\"S\u00e3o Paulo - P\u00e1tio de montadora em S\u00e3o Bernardo do Campo\" title=\"Marcelo Camargo\/Ag\u00eancia Brasil\"\/><\/figure>\n\n\n\n<p>P\u00e1tio de montadora em S\u00e3o Bernardo do Campo \u2500 carros est\u00e3o entre os bens de consumo dur\u00e1veis&nbsp;Foto:&nbsp;Marcelo Camargo\/Ag\u00eancia Brasil<\/p>\n\n\n\n<p>O Monitor do PIB aponta tamb\u00e9m que a taxa de varia\u00e7\u00e3o da Forma\u00e7\u00e3o Bruta de Capital Fixo, indicador que reflete o n\u00edvel de investimento, como compras de m\u00e1quinas e equipamentos, cresceu 8,8% no trimestre encerrado em janeiro de 2025.&nbsp;<strong>Esse foi o quarto trimestre m\u00f3vel seguido de desacelera\u00e7\u00e3o nos investimentos<\/strong>.<\/p>\n\n\n\n<p>As exporta\u00e7\u00f5es, vendas do Brasil para outros pa\u00edses, ca\u00edram&nbsp;pela segunda vez consecutiva (-2,5%), influenciadas pelo desempenho negativo dos produtos agropecu\u00e1rios e da ind\u00fastria extrativa mineral. Esse foi o pior resultado desde junho de 2022, quando retraiu 4,1%.<\/p>\n\n\n\n<h2 class=\"wp-block-heading\">Resultado oficial<\/h2>\n\n\n\n<p>O Monitor do PIB \u00e9 um dos estudos que servem como pr\u00e9via do comportamento real da economia brasileira. Outro levantamento \u00e9 o\u00a0\u00cdndice de Atividade Econ\u00f4mica do Banco Central (IBC-Br), divulgado nesta segunda-feira (17), que indicou expans\u00e3o de 0,9% na passagem de dezembro para janeiro.<\/p>\n\n\n\n<p>O resultado oficial do PIB \u00e9 apresentado trimestralmente pelo Instituto Brasileiro de Geografia e Estat\u00edstica (IBGE). A pr\u00f3xima divulga\u00e7\u00e3o ser\u00e1 referente ao primeiro trimestre de 2025, em 30 de maio.<\/p>\n","protected":false},"excerpt":{"rendered":"<p>Incertezas no cen\u00e1rio econ\u00f4mico internacional, provocadas pelo presidente americano Donald Trump, e o alto patamar&#8230;<\/p>\n","protected":false},"author":4,"featured_media":11761317,"comment_status":"closed","ping_status":"closed","sticky":false,"template":"","format":"standard","meta":{"footnotes":""},"categories":[14],"tags":[],"class_list":["post-11764475","post","type-post","status-publish","format-standard","has-post-thumbnail","hentry","category-geral"],"_links":{"self":[{"href":"https:\/\/www.corumbaonline.com.br\/news\/wp-json\/wp\/v2\/posts\/11764475","targetHints":{"allow":["GET"]}}],"collection":[{"href":"https:\/\/www.corumbaonline.com.br\/news\/wp-json\/wp\/v2\/posts"}],"about":[{"href":"https:\/\/www.corumbaonline.com.br\/news\/wp-json\/wp\/v2\/types\/post"}],"author":[{"embeddable":true,"href":"https:\/\/www.corumbaonline.com.br\/news\/wp-json\/wp\/v2\/users\/4"}],"replies":[{"embeddable":true,"href":"https:\/\/www.corumbaonline.com.br\/news\/wp-json\/wp\/v2\/comments?post=11764475"}],"version-history":[{"count":1,"href":"https:\/\/www.corumbaonline.com.br\/news\/wp-json\/wp\/v2\/posts\/11764475\/revisions"}],"predecessor-version":[{"id":11764476,"href":"https:\/\/www.corumbaonline.com.br\/news\/wp-json\/wp\/v2\/posts\/11764475\/revisions\/11764476"}],"wp:featuredmedia":[{"embeddable":true,"href":"https:\/\/www.corumbaonline.com.br\/news\/wp-json\/wp\/v2\/media\/11761317"}],"wp:attachment":[{"href":"https:\/\/www.corumbaonline.com.br\/news\/wp-json\/wp\/v2\/media?parent=11764475"}],"wp:term":[{"taxonomy":"category","embeddable":true,"href":"https:\/\/www.corumbaonline.com.br\/news\/wp-json\/wp\/v2\/categories?post=11764475"},{"taxonomy":"post_tag","embeddable":true,"href":"https:\/\/www.corumbaonline.com.br\/news\/wp-json\/wp\/v2\/tags?post=11764475"}],"curies":[{"name":"wp","href":"https:\/\/api.w.org\/{rel}","templated":true}]}}