{"id":11764477,"date":"2025-03-18T15:27:05","date_gmt":"2025-03-18T19:27:05","guid":{"rendered":"https:\/\/www.corumbaonline.com.br\/news\/?p=11764477"},"modified":"2025-03-18T15:27:07","modified_gmt":"2025-03-18T19:27:07","slug":"pgr-se-posiciona-contra-apreensao-de-passaporte-de-eduardo-bolsonaro","status":"publish","type":"post","link":"https:\/\/www.corumbaonline.com.br\/news\/pgr-se-posiciona-contra-apreensao-de-passaporte-de-eduardo-bolsonaro\/","title":{"rendered":"PGR se posiciona contra apreens\u00e3o de passaporte de Eduardo Bolsonaro"},"content":{"rendered":"\n<p>O procurador-geral da Rep\u00fablica, Paulo Gonet, enviou ao Supremo Tribunal Federal (STF) um parecer no qual defende a rejei\u00e7\u00e3o do pedido apresentado pelo Partido dos Trabalhadores (PT) para apreens\u00e3o do passaporte do deputado federal Eduardo Bolsonaro (PL-SP). O documento foi protocolado nesta ter\u00e7a-feira (18).<\/p>\n\n\n\n<p>No entendimento da Procuradoria-Geral da Rep\u00fablica (PGR), n\u00e3o h\u00e1 elementos concretos que justifiquem uma investiga\u00e7\u00e3o contra o parlamentar. Segundo Gonet, n\u00e3o foram apresentadas provas que indiquem que Bolsonaro estaria nos Estados Unidos com o objetivo de praticar atividades ilegais.<\/p>\n\n\n\n<p>&#8220;Os relatos dos noticiantes n\u00e3o cont\u00eam elementos informativos m\u00ednimos, que indiquem suficientemente a realidade de il\u00edcito penal, justificadora da deflagra\u00e7\u00e3o da pretendida investiga\u00e7\u00e3o&#8221;, afirmou Gonet em sua manifesta\u00e7\u00e3o.<\/p>\n\n\n\n<p>Com isso, a PGR pediu o arquivamento da solicita\u00e7\u00e3o feita pelo PT. O partido havia requisitado que o STF determinasse a apreens\u00e3o do passaporte do deputado, argumentando que ele poderia estar fora do pa\u00eds para escapar de eventuais responsabiliza\u00e7\u00f5es judiciais.<\/p>\n\n\n\n<p>Eduardo Bolsonaro permanece nos Estados Unidos e, na manh\u00e3 desta ter\u00e7a-feira, declarou que pretende continuar no pa\u00eds estrangeiro. Segundo o parlamentar, a decis\u00e3o se deve a amea\u00e7as que ele teria recebido do ministro do STF Alexandre de Moraes.<\/p>\n\n\n\n<p>Agora, caber\u00e1 ao Supremo analisar a manifesta\u00e7\u00e3o da PGR e decidir sobre o pedido de apreens\u00e3o do passaporte.<\/p>\n\n\n\n<p><br><br><\/p>\n","protected":false},"excerpt":{"rendered":"<p>O procurador-geral da Rep\u00fablica, Paulo Gonet, enviou ao Supremo Tribunal Federal (STF) um parecer no&#8230;<\/p>\n","protected":false},"author":6,"featured_media":0,"comment_status":"closed","ping_status":"closed","sticky":false,"template":"","format":"standard","meta":{"footnotes":""},"categories":[221],"tags":[],"class_list":["post-11764477","post","type-post","status-publish","format-standard","hentry","category-justica"],"_links":{"self":[{"href":"https:\/\/www.corumbaonline.com.br\/news\/wp-json\/wp\/v2\/posts\/11764477","targetHints":{"allow":["GET"]}}],"collection":[{"href":"https:\/\/www.corumbaonline.com.br\/news\/wp-json\/wp\/v2\/posts"}],"about":[{"href":"https:\/\/www.corumbaonline.com.br\/news\/wp-json\/wp\/v2\/types\/post"}],"author":[{"embeddable":true,"href":"https:\/\/www.corumbaonline.com.br\/news\/wp-json\/wp\/v2\/users\/6"}],"replies":[{"embeddable":true,"href":"https:\/\/www.corumbaonline.com.br\/news\/wp-json\/wp\/v2\/comments?post=11764477"}],"version-history":[{"count":1,"href":"https:\/\/www.corumbaonline.com.br\/news\/wp-json\/wp\/v2\/posts\/11764477\/revisions"}],"predecessor-version":[{"id":11764480,"href":"https:\/\/www.corumbaonline.com.br\/news\/wp-json\/wp\/v2\/posts\/11764477\/revisions\/11764480"}],"wp:attachment":[{"href":"https:\/\/www.corumbaonline.com.br\/news\/wp-json\/wp\/v2\/media?parent=11764477"}],"wp:term":[{"taxonomy":"category","embeddable":true,"href":"https:\/\/www.corumbaonline.com.br\/news\/wp-json\/wp\/v2\/categories?post=11764477"},{"taxonomy":"post_tag","embeddable":true,"href":"https:\/\/www.corumbaonline.com.br\/news\/wp-json\/wp\/v2\/tags?post=11764477"}],"curies":[{"name":"wp","href":"https:\/\/api.w.org\/{rel}","templated":true}]}}