{"id":11764488,"date":"2025-03-18T16:33:51","date_gmt":"2025-03-18T20:33:51","guid":{"rendered":"https:\/\/www.corumbaonline.com.br\/news\/?p=11764488"},"modified":"2025-03-18T16:35:36","modified_gmt":"2025-03-18T20:35:36","slug":"pessoas-com-deficiencia-podem-ter-direito-ao-auxilio-inclusao-saiba-como-solicitar","status":"publish","type":"post","link":"https:\/\/www.corumbaonline.com.br\/news\/pessoas-com-deficiencia-podem-ter-direito-ao-auxilio-inclusao-saiba-como-solicitar\/","title":{"rendered":"Pessoas com defici\u00eancia podem ter direito ao aux\u00edlio-inclus\u00e3o. Saiba como solicitar"},"content":{"rendered":"\n<p>O aux\u00edlio-inclus\u00e3o \u00e9 um benef\u00edcio assistencial mantido pelo Instituto Nacional do Seguro Social (INSS) que \u00e9 concedido para pessoas com defici\u00eancia que ingressam no mercado de trabalho e recebem at\u00e9 dois sal\u00e1rios-m\u00ednimos. O benef\u00edcio cumpre os requisitos estabelecidos pela Lei Brasileira de Inclus\u00e3o. Essa legisla\u00e7\u00e3o visa assegurar e promover, em condi\u00e7\u00f5es de igualdade, o exerc\u00edcio dos direitos e das liberdades fundamentais das pessoas com defici\u00eancia, com o objetivo de garantir sua plena inclus\u00e3o social e cidadania.<\/p>\n\n\n\n<p>Para ter direito a esse benef\u00edcio, a pessoa com defici\u00eancia moderada ou grave deve ter recebido o Benef\u00edcio de Presta\u00e7\u00e3o Continuada (BPC) por qualquer per\u00edodo nos \u00faltimos cinco anos anteriores ao in\u00edcio da atividade remunerada. Al\u00e9m disso, o BPC deve ter sido suspenso devido ao exerc\u00edcio de uma atividade remunerada, seja como empregado ou em outra forma de trabalho. No entanto, a concess\u00e3o do aux\u00edlio-inclus\u00e3o para contribuintes individuais, como prestadores de servi\u00e7o, trabalhadores avulsos e segurados especiais, est\u00e1 suspensa e depende de regulamenta\u00e7\u00e3o espec\u00edfica<\/p>\n\n\n\n<p>Em 2024, a renda mensal do aux\u00edlio-inclus\u00e3o foi de meio sal\u00e1rio-m\u00ednimo: R$ 706. O benef\u00edcio \u00e9 concedido enquanto forem mantidas as condi\u00e7\u00f5es que deram origem \u00e0 concess\u00e3o. Seu pagamento ser\u00e1 cessado se o benefici\u00e1rio deixar de atender aos crit\u00e9rios de elegibilidade, como n\u00e3o estar mais exercendo uma atividade remunerada ou n\u00e3o cumprir os requisitos de manuten\u00e7\u00e3o do Benef\u00edcio de Presta\u00e7\u00e3o Continuada (BPC), incluindo a suspens\u00e3o do BPC devido ao exerc\u00edcio de atividade remunerada.<\/p>\n\n\n\n<p>Para solicitar o aux\u00edlio-inclus\u00e3o, o benefici\u00e1rio pode ligar no 135 ou abrir o pedido por meio do aplicativo ou site do&nbsp;<a href=\"https:\/\/meu.inss.gov.br\/\" rel=\"noreferrer noopener\" target=\"_blank\">Meu INSS&nbsp;<\/a>e apresentar a documenta\u00e7\u00e3o necess\u00e1ria. Durante a vig\u00eancia do contrato de trabalho, o BPC do empregado \u00e9 suspenso, mas pode vir a ser reativado caso ele deixe de trabalhar por qualquer motivo.<\/p>\n\n\n\n<p>Outros crit\u00e9rios devem ser atendidos pelos requerentes como:<\/p>\n\n\n\n<ul class=\"wp-block-list\">\n<li>Possuir inscri\u00e7\u00e3o atualizada no Cadastro \u00danico do Governo Federal (Cad\u00danico);<\/li>\n\n\n\n<li>Ser titular do Benef\u00edcio Assistencial \u00e0 Pessoa com Defici\u00eancia (BPC-Loas);<\/li>\n\n\n\n<li>Exercer, na data de entrada do requerimento (DER), atividade remunerada que o enquadre como segurado obrigat\u00f3rio do Regime Geral de Previd\u00eancia Social ou como filiado a Regime Pr\u00f3prio de Previd\u00eancia Social da Uni\u00e3o, dos estados, do Distrito Federal ou dos munic\u00edpios;<\/li>\n\n\n\n<li>Ter inscri\u00e7\u00e3o regular no Cadastro de Pessoa F\u00edsica (CPF);<\/li>\n\n\n\n<li>Atender aos crit\u00e9rios de manuten\u00e7\u00e3o do BPC, inclu\u00eddos os relativos \u00e0 renda familiar mensal per capita exigida para o acesso ao benef\u00edcio, que atualmente \u00e9 igual ou inferior a \u00bc do sal\u00e1rio m\u00ednimo.<\/li>\n<\/ul>\n\n\n\n<h4 class=\"wp-block-heading\"><strong>Avalia\u00e7\u00e3o de renda per capita<\/strong><\/h4>\n\n\n\n<p>Atendimento aos crit\u00e9rios de manuten\u00e7\u00e3o do BPC relativos \u00e0 renda familiar mensal per capita:<\/p>\n\n\n\n<ul class=\"wp-block-list\">\n<li>Para os requerentes titulares de BPC ativo, o direito ao aux\u00edlio-inclus\u00e3o \u00e9 presumido;<\/li>\n\n\n\n<li>Para os demais requerentes, \u00e9 necess\u00e1rio comprovar o recebimento do BPC nos \u00faltimos cinco anos.<\/li>\n<\/ul>\n\n\n\n<p>Al\u00e9m disso, ser\u00e1 desconsiderado do c\u00e1lculo da renda per capita:<\/p>\n\n\n\n<ul class=\"wp-block-list\">\n<li>As remunera\u00e7\u00f5es obtidas pelo requerente em decorr\u00eancia de exerc\u00edcio de atividade laboral, desde que o total recebido no m\u00eas seja igual ou inferior a dois sal\u00e1rios-m\u00ednimos;<\/li>\n\n\n\n<li>As rendas provenientes de est\u00e1gio supervisionado e de aprendizagem;<\/li>\n\n\n\n<li>O valor do aux\u00edlio-inclus\u00e3o percebido por um membro da fam\u00edlia n\u00e3o ser\u00e1 considerado no c\u00e1lculo da renda familiar mensal per capita para concess\u00e3o e manuten\u00e7\u00e3o de outro aux\u00edlio-inclus\u00e3o no \u00e2mbito do mesmo grupo familiar.<\/li>\n<\/ul>\n\n\n\n<p>O pagamento do aux\u00edlio-inclus\u00e3o n\u00e3o ser\u00e1 acumulado com o pagamento de:<\/p>\n\n\n\n<ul class=\"wp-block-list\">\n<li>BPC;<\/li>\n\n\n\n<li>Presta\u00e7\u00f5es a t\u00edtulo de aposentadoria, de pens\u00f5es ou de benef\u00edcios por incapacidade pagos por qualquer regime de previd\u00eancia social;<\/li>\n\n\n\n<li>Seguro-desemprego.<\/li>\n<\/ul>\n\n\n\n<p>\u00c9 importante destacar que, em caso de cessa\u00e7\u00e3o do aux\u00edlio-inclus\u00e3o, o benefici\u00e1rio, mediante requerimento, pode ter o BPC restabelecido.<\/p>\n","protected":false},"excerpt":{"rendered":"<p>O aux\u00edlio-inclus\u00e3o \u00e9 um benef\u00edcio assistencial mantido pelo Instituto Nacional do Seguro Social (INSS) que&#8230;<\/p>\n","protected":false},"author":65,"featured_media":0,"comment_status":"closed","ping_status":"closed","sticky":false,"template":"","format":"standard","meta":{"footnotes":""},"categories":[14],"tags":[],"class_list":["post-11764488","post","type-post","status-publish","format-standard","hentry","category-geral"],"_links":{"self":[{"href":"https:\/\/www.corumbaonline.com.br\/news\/wp-json\/wp\/v2\/posts\/11764488","targetHints":{"allow":["GET"]}}],"collection":[{"href":"https:\/\/www.corumbaonline.com.br\/news\/wp-json\/wp\/v2\/posts"}],"about":[{"href":"https:\/\/www.corumbaonline.com.br\/news\/wp-json\/wp\/v2\/types\/post"}],"author":[{"embeddable":true,"href":"https:\/\/www.corumbaonline.com.br\/news\/wp-json\/wp\/v2\/users\/65"}],"replies":[{"embeddable":true,"href":"https:\/\/www.corumbaonline.com.br\/news\/wp-json\/wp\/v2\/comments?post=11764488"}],"version-history":[{"count":2,"href":"https:\/\/www.corumbaonline.com.br\/news\/wp-json\/wp\/v2\/posts\/11764488\/revisions"}],"predecessor-version":[{"id":11764491,"href":"https:\/\/www.corumbaonline.com.br\/news\/wp-json\/wp\/v2\/posts\/11764488\/revisions\/11764491"}],"wp:attachment":[{"href":"https:\/\/www.corumbaonline.com.br\/news\/wp-json\/wp\/v2\/media?parent=11764488"}],"wp:term":[{"taxonomy":"category","embeddable":true,"href":"https:\/\/www.corumbaonline.com.br\/news\/wp-json\/wp\/v2\/categories?post=11764488"},{"taxonomy":"post_tag","embeddable":true,"href":"https:\/\/www.corumbaonline.com.br\/news\/wp-json\/wp\/v2\/tags?post=11764488"}],"curies":[{"name":"wp","href":"https:\/\/api.w.org\/{rel}","templated":true}]}}