{"id":11764496,"date":"2025-03-18T17:45:48","date_gmt":"2025-03-18T21:45:48","guid":{"rendered":"https:\/\/www.corumbaonline.com.br\/news\/?p=11764496"},"modified":"2025-03-18T17:45:50","modified_gmt":"2025-03-18T21:45:50","slug":"quatro-fugitivas-do-8-1-sao-presas-ao-entrar-ilegalmente-nos-eua-e-aguardam-extradicao","status":"publish","type":"post","link":"https:\/\/www.corumbaonline.com.br\/news\/quatro-fugitivas-do-8-1-sao-presas-ao-entrar-ilegalmente-nos-eua-e-aguardam-extradicao\/","title":{"rendered":"Quatro fugitivas do 8\/1 s\u00e3o presas ao entrar ilegalmente nos EUA e aguardam extradi\u00e7\u00e3o"},"content":{"rendered":"\n<p>Quatro mulheres que participaram dos ataques de 8 de janeiro em Bras\u00edlia e s\u00e3o consideradas fugitivas foram presas ao entrar ilegalmente nos Estados Unidos. Tr\u00eas delas foram capturadas no dia 21 de janeiro, um dia ap\u00f3s a posse de Donald Trump. A maioria delas j\u00e1 possuem condena\u00e7\u00e3o pelos atentados na capital federal.&nbsp;<\/p>\n\n\n\n<p>A informa\u00e7\u00e3o foi dada inicialmente pelo UOL e confirmada ao Terra nesta ter\u00e7a-feira, 18, pelo Servi\u00e7o de Imigra\u00e7\u00e3o e Alf\u00e2ndega dos Estados Unidos (ICE, na sigla em ingl\u00eas). As brasileiras capturadas no pa\u00eds norte-americano s\u00e3o Rosana Maciel Gomes, de 52 anos, Raquel de Souza Lopes, de 51, Michely Paiva Alves, de 38, e Cristiane da Silva, de 33.<\/p>\n\n\n\n<p>Rosana, Michely e Cristiane foram presas um dia ap\u00f3s a posse de Trump, em El Paso, no Texas. De acordo com a ICE, no dia 27 de janeiro, elas foram removidas para o Centro de Processamento da cidade, j\u00e1 que foram processadas pelo governo, e aguardam a \u201cremo\u00e7\u00e3o para seu pa\u00eds de origem\u201d.&nbsp;<\/p>\n\n\n\n<p>Raquel foi presa dias antes, no dia 12 de janeiro, em La Grulla, tamb\u00e9m no Texas. Ela foi encaminhada no dia 19 daquele m\u00eas para o Centro de Deten\u00e7\u00e3o de El Valle, e assim como as outras, aguarda o processo de remo\u00e7\u00e3o acelerado para o Brasil.<\/p>\n\n\n\n<p>Inclusive, ela e Rosana estavam entre a lista dos dez bolsonaristas condenados pelos ataques \u00e0s sedes dos Tr\u00eas Poderes que haviam quebrado suas tornozeleiras eletr\u00f4nicas e fugiram do pa\u00eds. A fuga ocorreu para a Argentina e Uruguai, inicialmente, utilizando as fronteiras de Santa Catarina e Rio Grande do Sul.<\/p>\n\n\n\n<p>O Terra contatou o Itamaraty para checar como ser\u00e1 a processo de extradi\u00e7\u00e3o, mas o \u00f3rg\u00e3o afirmou que era necess\u00e1rio contatar o Minist\u00e9rio da Justi\u00e7a, que, por sua vez, pediu para encaminhar a demanda \u00e0 Pol\u00edcia Federal. A PF ainda n\u00e3o se posicionou.<\/p>\n\n\n\n<p>Ao ser questionado sobre o caso, o Supremo Tribunal Federal (STF) afirmou que n\u00e3o consta nenhuma notifica\u00e7\u00e3o nos autos desses processos.&nbsp;<\/p>\n\n\n\n<h2 class=\"wp-block-heading\"><strong>Condena\u00e7\u00f5es<\/strong><\/h2>\n\n\n\n<p><strong>Rosana Maciel Gomes, de 52 anos<\/strong><br>Ela \u00e9 de Goi\u00e2nia (GO) e foi condenada a 13 anos e seis meses de pris\u00e3o por cinco crimes:\u00a0 tentativa de aboli\u00e7\u00e3o violenta do Estado Democr\u00e1tico de Direito, Golpe de Estado, dano qualificado, deteriora\u00e7\u00e3o do Patrim\u00f4nio tombado e associa\u00e7\u00e3o criminosa armada.\u00a0<\/p>\n\n\n\n<p>A Procuradoria Geral da Rep\u00fablica (PGR) afirma que ele participou ativamente da depreda\u00e7\u00e3o \u00e0s sedes dos Tr\u00eas Poderes. No entanto, a defesa dela nega no processo sua participa\u00e7\u00e3o. H\u00e1 um mandado de pris\u00e3o em aberto contra ela. O Terra n\u00e3o conseguiu localizar seus advogados. O espa\u00e7o permanece aberto para manifesta\u00e7\u00f5es.\u00a0<\/p>\n\n\n\n<p><strong>Raquel de Souza Lopes, 51 anos<\/strong><\/p>\n\n\n\n<p>Raquel \u00e9 de Joinville (SC) e foi condenada a 17 anos e seis anos pelos mesmos crimes. Das tr\u00eas, ela \u00e9 a que aguarda h\u00e1 mais tempo pela extradi\u00e7\u00e3o. Aqui no Brasil, h\u00e1 um mandado de pris\u00e3o em aberto contra ela. A reportagem tentou contato com a sua defesa, mas n\u00e3o teve retorno at\u00e9 o momento. O espa\u00e7o segue aberto para manifesta\u00e7\u00f5es.<\/p>\n\n\n\n<p><strong>Michely Paiva Alves, 38 anos<\/strong><\/p>\n\n\n\n<p>Conforme a a\u00e7\u00e3o movida junto ao Tribunal de Justi\u00e7a Federal (STF), ela foi respons\u00e1vel pela contrata\u00e7\u00e3o do \u00f4nibus que saiu da cidade onde mora, em Limeira (SP), no dia 06 de janeiro de 2023, com um grupo de pessoas para ir \u00e0 Bras\u00edlia. Ela ainda n\u00e3o foi julgada, mas possui mandado de pris\u00e3o em aberto.\u00a0<\/p>\n\n\n\n<p>Em 2024, ela tentou ser candidata a vereadora na cidade do interior de S\u00e3o Paulo pelo Podemos, mas teve o processo indeferido. A reportagem tamb\u00e9m tentou localizar a defesa dela, mas n\u00e3o teve retorno at\u00e9 o momento. O espa\u00e7o permanece aberto para manifesta\u00e7\u00f5es.<\/p>\n\n\n\n<p><strong>Cristiane da Silva, 33 anos\u00a0<\/strong><\/p>\n\n\n\n<p>A moradora de Balne\u00e1rio Cambori\u00fa (SC) foi condenada a um ano de reclus\u00e3o por associa\u00e7\u00e3o criminosa, mas teve a pena convertida por presta\u00e7\u00e3o de servi\u00e7os \u00e0 comunidade ou a entidades p\u00fablicas, realiza\u00e7\u00e3o de curso presencial sobre a tem\u00e1tica \u2018Democracia, Estado de Direito e Golpe de Estado\u2019, al\u00e9m de ser proibida de sair de sua cidade, usar redes sociais. O Terra tamb\u00e9m procurou sua defesa, mas ainda n\u00e3o teve retorno. Assim que se posicionarem, o texto ser\u00e1 atualizado.\u00a0<\/p>\n\n\n\n<p>Extradi\u00e7\u00f5es de imigrantes<br>Mesmo antes de ser eleito, Trump destacava em sua campanha que iria reprimir a imigra\u00e7\u00e3o ilegal e iniciou seu segundo mandato implementando medidas para restringir a entrada de pessoas nos Estados Unidos.<\/p>\n\n\n\n<p>O republicano aprovou decretos de &#8220;emerg\u00eancia nacional&#8221; na regi\u00e3o sul da fronteira, declarou o refor\u00e7o militar na \u00e1rea e garantiu que ir\u00e1 deportar &#8220;milh\u00f5es e milh\u00f5es de estrangeiros criminosos&#8221;.&nbsp;<\/p>\n\n\n\n<p>As pol\u00edticas migrat\u00f3rias t\u00eam tomado cada vez mais for\u00e7a. Entre elas, opera\u00e7\u00f5es do Servi\u00e7o de Imigra\u00e7\u00e3o e Controle de Aduanas dos Estados Unidos (ICE, na sigla em ingl\u00eas) em diversos estados para prender e deportar as pessoas ilegais no pa\u00eds.<\/p>\n","protected":false},"excerpt":{"rendered":"<p>Quatro mulheres que participaram dos ataques de 8 de janeiro em Bras\u00edlia e s\u00e3o consideradas&#8230;<\/p>\n","protected":false},"author":11,"featured_media":11764497,"comment_status":"closed","ping_status":"closed","sticky":false,"template":"","format":"standard","meta":{"footnotes":""},"categories":[221],"tags":[268],"class_list":["post-11764496","post","type-post","status-publish","format-standard","has-post-thumbnail","hentry","category-justica","tag-justica"],"_links":{"self":[{"href":"https:\/\/www.corumbaonline.com.br\/news\/wp-json\/wp\/v2\/posts\/11764496","targetHints":{"allow":["GET"]}}],"collection":[{"href":"https:\/\/www.corumbaonline.com.br\/news\/wp-json\/wp\/v2\/posts"}],"about":[{"href":"https:\/\/www.corumbaonline.com.br\/news\/wp-json\/wp\/v2\/types\/post"}],"author":[{"embeddable":true,"href":"https:\/\/www.corumbaonline.com.br\/news\/wp-json\/wp\/v2\/users\/11"}],"replies":[{"embeddable":true,"href":"https:\/\/www.corumbaonline.com.br\/news\/wp-json\/wp\/v2\/comments?post=11764496"}],"version-history":[{"count":1,"href":"https:\/\/www.corumbaonline.com.br\/news\/wp-json\/wp\/v2\/posts\/11764496\/revisions"}],"predecessor-version":[{"id":11764498,"href":"https:\/\/www.corumbaonline.com.br\/news\/wp-json\/wp\/v2\/posts\/11764496\/revisions\/11764498"}],"wp:featuredmedia":[{"embeddable":true,"href":"https:\/\/www.corumbaonline.com.br\/news\/wp-json\/wp\/v2\/media\/11764497"}],"wp:attachment":[{"href":"https:\/\/www.corumbaonline.com.br\/news\/wp-json\/wp\/v2\/media?parent=11764496"}],"wp:term":[{"taxonomy":"category","embeddable":true,"href":"https:\/\/www.corumbaonline.com.br\/news\/wp-json\/wp\/v2\/categories?post=11764496"},{"taxonomy":"post_tag","embeddable":true,"href":"https:\/\/www.corumbaonline.com.br\/news\/wp-json\/wp\/v2\/tags?post=11764496"}],"curies":[{"name":"wp","href":"https:\/\/api.w.org\/{rel}","templated":true}]}}