{"id":11764505,"date":"2025-03-19T08:07:00","date_gmt":"2025-03-19T12:07:00","guid":{"rendered":"https:\/\/www.corumbaonline.com.br\/news\/?p=11764505"},"modified":"2025-03-19T08:02:01","modified_gmt":"2025-03-19T12:02:01","slug":"alms-deputados-devem-votar-mudanca-de-regra-para-eleicao-da-mesa-diretora","status":"publish","type":"post","link":"https:\/\/www.corumbaonline.com.br\/news\/alms-deputados-devem-votar-mudanca-de-regra-para-eleicao-da-mesa-diretora\/","title":{"rendered":"ALMS: deputados devem votar mudan\u00e7a de regra para elei\u00e7\u00e3o da Mesa Diretora"},"content":{"rendered":"<p>Quatro projetos est\u00e3o na pauta da Ordem do Dia da sess\u00e3o plen\u00e1ria desta ter\u00e7a-feira (18) na Assembleia Legislativa de Mato Grosso do Sul (ALEMS). Entre as proposi\u00e7\u00f5es, est\u00e1 o\u00a0<a href=\"http:\/\/sgpl.consulta.al.ms.gov.br\/sgpl-publico\/#\/linha-tempo?idProposicao=324652\" target=\"_blank\" rel=\"noopener\">Projeto de Resolu\u00e7\u00e3o 114\/2024<\/a>, que altera o Regimento Interno (<a href=\"https:\/\/al.ms.gov.br\/upload\/Pdf\/2023_08_07_04_14_21_regimento_interno-atualizado_22_06_2023.pdf\" target=\"_blank\" rel=\"noopener\">Resolu\u00e7\u00e3o 65\/2008<\/a>) no que se refere a uma das regras para elei\u00e7\u00e3o da Mesa Diretora. Essa e as demais propostas est\u00e3o pautadas para primeira discuss\u00e3o.<\/p>\n<p>O texto proposto no Projeto de Resolu\u00e7\u00e3o estabelece que a elei\u00e7\u00e3o da Mesa Diretora para o \u00faltimo bi\u00eanio de cada legislatura dever\u00e1 ser realizada em per\u00edodo definido. A reda\u00e7\u00e3o atual do Regimento determina que a elei\u00e7\u00e3o da Mesa para a terceira e quarta sess\u00f5es legislativas (isto \u00e9, o \u00faltimo bi\u00eanio) deve ser realizada at\u00e9 a antepen\u00faltima sess\u00e3o ordin\u00e1ria da segunda sess\u00e3o legislativa. O novo texto acrescenta data inicial: segunda quinzena de outubro.<\/p>\n<p>Tamb\u00e9m deve ser votado o\u00a0<a href=\"http:\/\/sgpl.consulta.al.ms.gov.br\/sgpl-publico\/#\/linha-tempo?idProposicao=325342\" target=\"_blank\" rel=\"noopener\">Projeto de Lei 39\/2025<\/a>, de autoria do deputado Marcio Fernandes e coautorias dos deputados Gerson Claro (PP), Neno Razuk (PL)\u00a0 e Paulo Corr\u00eaa (PSDB). A proposta altera a\u00a0<a href=\"http:\/\/aacpdappls.net.ms.gov.br\/appls\/legislacao\/secoge\/govato.nsf\/448b683bce4ca84704256c0b00651e9d\/ba3d27b2a6fd66690425837f0041725a?OpenDocument\" target=\"_blank\" rel=\"noopener\">Lei 5.321\/2019<\/a>\u00a0para estender por mais dois anos a veda\u00e7\u00e3o \u00e0 captura, embarque, transporte, comercializa\u00e7\u00e3o, processamento e industrializa\u00e7\u00e3o do Dourado.<\/p>\n<p>O\u00a0<a href=\"http:\/\/sgpl.consulta.al.ms.gov.br\/sgpl-publico\/#\/linha-tempo?idProposicao=323981\">Projeto de Lei 224\/2024<\/a>, de autoria do deputado Junior Mochi (MDB), tamb\u00e9m est\u00e1 na pauta desta ter\u00e7a-feira. A proposta obriga as ag\u00eancias de viagens e turismo, que ofere\u00e7am pacotes tur\u00edstico em Mato Grosso do Sul, a informar ao consumidor, no momento da contrata\u00e7\u00e3o, sua pol\u00edtica de cancelamento e de reembolso.<\/p>\n<p>Os parlamentares devem votar, ainda, o\u00a0<a href=\"http:\/\/sgpl.consulta.al.ms.gov.br\/sgpl-publico\/#\/linha-tempo?idProposicao=324051\" target=\"_blank\" rel=\"noopener\">Projeto de Lei 232\/2024<\/a>. De autoria do deputado Antonio Vaz (Republicanos), a proposta institui a campanha &#8220;Salve uma Crian\u00e7a&#8221;, com o objetivo de promover a conscientiza\u00e7\u00e3o e a sensibiliza\u00e7\u00e3o da sociedade sobre a import\u00e2ncia de auxiliar crian\u00e7as e adolescentes v\u00edtimas de viol\u00eancia sexual.<\/p>\n<p>As sess\u00f5es ordin\u00e1rias da ALEMS s\u00e3o realizados no plen\u00e1rio J\u00falio Maia a partir das 9h nas ter\u00e7as, quartas e quintas-feiras. \u00c9 aberta para participa\u00e7\u00e3o da imprensa e do p\u00fablico geral.<\/p>\n","protected":false},"excerpt":{"rendered":"<p>Quatro projetos est\u00e3o na pauta da Ordem do Dia da sess\u00e3o plen\u00e1ria desta ter\u00e7a-feira (18)&#8230;<\/p>\n","protected":false},"author":12,"featured_media":11764506,"comment_status":"closed","ping_status":"closed","sticky":false,"template":"","format":"standard","meta":{"footnotes":""},"categories":[19],"tags":[188],"class_list":["post-11764505","post","type-post","status-publish","format-standard","has-post-thumbnail","hentry","category-politica","tag-politica"],"_links":{"self":[{"href":"https:\/\/www.corumbaonline.com.br\/news\/wp-json\/wp\/v2\/posts\/11764505","targetHints":{"allow":["GET"]}}],"collection":[{"href":"https:\/\/www.corumbaonline.com.br\/news\/wp-json\/wp\/v2\/posts"}],"about":[{"href":"https:\/\/www.corumbaonline.com.br\/news\/wp-json\/wp\/v2\/types\/post"}],"author":[{"embeddable":true,"href":"https:\/\/www.corumbaonline.com.br\/news\/wp-json\/wp\/v2\/users\/12"}],"replies":[{"embeddable":true,"href":"https:\/\/www.corumbaonline.com.br\/news\/wp-json\/wp\/v2\/comments?post=11764505"}],"version-history":[{"count":1,"href":"https:\/\/www.corumbaonline.com.br\/news\/wp-json\/wp\/v2\/posts\/11764505\/revisions"}],"predecessor-version":[{"id":11764507,"href":"https:\/\/www.corumbaonline.com.br\/news\/wp-json\/wp\/v2\/posts\/11764505\/revisions\/11764507"}],"wp:featuredmedia":[{"embeddable":true,"href":"https:\/\/www.corumbaonline.com.br\/news\/wp-json\/wp\/v2\/media\/11764506"}],"wp:attachment":[{"href":"https:\/\/www.corumbaonline.com.br\/news\/wp-json\/wp\/v2\/media?parent=11764505"}],"wp:term":[{"taxonomy":"category","embeddable":true,"href":"https:\/\/www.corumbaonline.com.br\/news\/wp-json\/wp\/v2\/categories?post=11764505"},{"taxonomy":"post_tag","embeddable":true,"href":"https:\/\/www.corumbaonline.com.br\/news\/wp-json\/wp\/v2\/tags?post=11764505"}],"curies":[{"name":"wp","href":"https:\/\/api.w.org\/{rel}","templated":true}]}}