{"id":11764578,"date":"2025-03-19T14:19:49","date_gmt":"2025-03-19T18:19:49","guid":{"rendered":"https:\/\/www.corumbaonline.com.br\/news\/?p=11764578"},"modified":"2025-03-19T14:19:51","modified_gmt":"2025-03-19T18:19:51","slug":"stf-marca-para-final-de-abril-julgamento-de-ex-assessores-de-bolsonaro","status":"publish","type":"post","link":"https:\/\/www.corumbaonline.com.br\/news\/stf-marca-para-final-de-abril-julgamento-de-ex-assessores-de-bolsonaro\/","title":{"rendered":"STF marca para final de abril julgamento de ex-assessores de Bolsonaro"},"content":{"rendered":"\n<p><strong>O Supremo Tribunal Federal (STF) marcou para os dias 29 e 30 abril o julgamento da den\u00fancia apresentada pelo procurador-geral da Rep\u00fablica, Paulo Gonet, para tornar r\u00e9us os acusados do n\u00facleo 2 da trama golpista<\/strong>.<img decoding=\"async\" src=\"https:\/\/agenciabrasil.ebc.com.br\/ebc.png?id=1635176&amp;o=node\"><img decoding=\"async\" src=\"https:\/\/agenciabrasil.ebc.com.br\/ebc.gif?id=1635176&amp;o=node\"><\/p>\n\n\n\n<p>A data foi marcada pelo ministro Cristiano Zanin ap\u00f3s o relator do caso,&nbsp;Alexandre de Moraes, liberar a den\u00fancia para julgamento. Zanin \u00e9 presidente da Primeira Turma da Corte, colegiado que ser\u00e1 respons\u00e1vel pelo julgamento.<\/p>\n\n\n\n<p><strong>Ontem (18), o procurador-geral\u00a0rebateu as alega\u00e7\u00f5es das defesas\u00a0dos seis denunciados do n\u00facleo,<\/strong>\u00a0que s\u00e3o acusados de organizar a\u00e7\u00f5es para \u201csustentar a perman\u00eancia ileg\u00edtima\u201d de Bolsonaro no poder, em 2022.\u00a0<\/p>\n\n\n\n<p>Entre as alega\u00e7\u00f5es, as defesas sustentaram a incompet\u00eancia da Primeira Turma do STF para julgar os denunciados e a nulidade da dela\u00e7\u00e3o de Mauro Cid, ex-ajudante de ordens de Jair Bolsonaro.<\/p>\n\n\n\n<p><strong>Fazem parte deste n\u00facleo:<\/strong><\/p>\n\n\n\n<ul class=\"wp-block-list\">\n<li>Filipe Martins (ex-assessor de assuntos internacionais de Bolsonaro)<\/li>\n\n\n\n<li>Marcelo C\u00e2mara (ex-assessor de Bolsonaro)<\/li>\n\n\n\n<li>Silvinei Vasques (ex-diretor da Pol\u00edcia Rodovi\u00e1ria Federal)<\/li>\n\n\n\n<li>M\u00e1rio Fernandes (general do Ex\u00e9rcito)<\/li>\n\n\n\n<li>Mar\u00edlia de Alencar (ex-subsecret\u00e1ria de Seguran\u00e7a do Distrito Federal)<\/li>\n\n\n\n<li>Fernando de Sousa Oliveira (ex-secret\u00e1rio-adjunto da Secretaria de Seguran\u00e7a do Distrito Federal).<\/li>\n\n\n\n<li>Primeira Turma<\/li>\n<\/ul>\n\n\n\n<p>O colegiado \u00e9 composto pelo relator da den\u00fancia, Alexandre de Moraes, e os ministros Fl\u00e1vio Dino, Cristiano Zanin, C\u00e1rmen L\u00facia e Luiz Fux.<\/p>\n\n\n\n<p>Pelo regimento interno da Corte, cabe \u00e0s duas turmas do tribunal julgar a\u00e7\u00f5es penais. Como o relator faz parte da Primeira Turma, a acusa\u00e7\u00e3o ser\u00e1 julgada pelo colegiado.<\/p>\n\n\n\n<p>O julgamento do n\u00facleo 1, formado pelo ex-presidente e o general Braga Netto, al\u00e9m de outros acusados,\u00a0foi marcado para 25 de mar\u00e7o.\u00a0\u00a0J\u00e1 o\u00a0julgamento do n\u00facleo 3\u00a0da acusa\u00e7\u00e3o da trama golpista est\u00e1 marcado para 8 de abril.\u00a0<\/p>\n\n\n\n<p>Se a maioria dos ministros aceitar a den\u00fancia, Bolsonaro e os outros acusados viram r\u00e9us e passam a responder a uma a\u00e7\u00e3o penal no STF.<\/p>\n","protected":false},"excerpt":{"rendered":"<p>O Supremo Tribunal Federal (STF) marcou para os dias 29 e 30 abril o julgamento&#8230;<\/p>\n","protected":false},"author":4,"featured_media":11740973,"comment_status":"closed","ping_status":"closed","sticky":false,"template":"","format":"standard","meta":{"footnotes":""},"categories":[221],"tags":[],"class_list":["post-11764578","post","type-post","status-publish","format-standard","has-post-thumbnail","hentry","category-justica"],"_links":{"self":[{"href":"https:\/\/www.corumbaonline.com.br\/news\/wp-json\/wp\/v2\/posts\/11764578","targetHints":{"allow":["GET"]}}],"collection":[{"href":"https:\/\/www.corumbaonline.com.br\/news\/wp-json\/wp\/v2\/posts"}],"about":[{"href":"https:\/\/www.corumbaonline.com.br\/news\/wp-json\/wp\/v2\/types\/post"}],"author":[{"embeddable":true,"href":"https:\/\/www.corumbaonline.com.br\/news\/wp-json\/wp\/v2\/users\/4"}],"replies":[{"embeddable":true,"href":"https:\/\/www.corumbaonline.com.br\/news\/wp-json\/wp\/v2\/comments?post=11764578"}],"version-history":[{"count":1,"href":"https:\/\/www.corumbaonline.com.br\/news\/wp-json\/wp\/v2\/posts\/11764578\/revisions"}],"predecessor-version":[{"id":11764579,"href":"https:\/\/www.corumbaonline.com.br\/news\/wp-json\/wp\/v2\/posts\/11764578\/revisions\/11764579"}],"wp:featuredmedia":[{"embeddable":true,"href":"https:\/\/www.corumbaonline.com.br\/news\/wp-json\/wp\/v2\/media\/11740973"}],"wp:attachment":[{"href":"https:\/\/www.corumbaonline.com.br\/news\/wp-json\/wp\/v2\/media?parent=11764578"}],"wp:term":[{"taxonomy":"category","embeddable":true,"href":"https:\/\/www.corumbaonline.com.br\/news\/wp-json\/wp\/v2\/categories?post=11764578"},{"taxonomy":"post_tag","embeddable":true,"href":"https:\/\/www.corumbaonline.com.br\/news\/wp-json\/wp\/v2\/tags?post=11764578"}],"curies":[{"name":"wp","href":"https:\/\/api.w.org\/{rel}","templated":true}]}}