{"id":11764588,"date":"2025-03-19T16:15:04","date_gmt":"2025-03-19T20:15:04","guid":{"rendered":"https:\/\/www.corumbaonline.com.br\/news\/?p=11764588"},"modified":"2025-03-19T16:15:06","modified_gmt":"2025-03-19T20:15:06","slug":"criadas-frentes-parlamentes-da-rota-bioceanica-e-da-assistencia-social","status":"publish","type":"post","link":"https:\/\/www.corumbaonline.com.br\/news\/criadas-frentes-parlamentes-da-rota-bioceanica-e-da-assistencia-social\/","title":{"rendered":"Criadas frentes parlamentes da Rota Bioce\u00e2nica e da Assist\u00eancia Social"},"content":{"rendered":"\n<p>A Mesa Diretora da Assembleia Legislativa de Mato Grosso do Sul (ALEMS) publicou nesta quarta-feira (19) no&nbsp;<a href=\"https:\/\/diariooficial.al.ms.gov.br\/DiarioOficial\/DownloadPdf?q=T7l8trocaDivstrocaDivZDM42dS2liDkbSA==\" target=\"_blank\" rel=\"noreferrer noopener\">Di\u00e1rio Oficial do Parlamento<\/a>&nbsp;atos que instituem duas novas frentes parlamentares. Os grupos de trabalho dizem respeito \u00e0 Rota Bioce\u00e2nica e \u00e0 Assist\u00eancia Social. Tamb\u00e9m foi publicado um terceiro ato que prorroga a frente parlamentar relativa \u00e0s Santas Casas e hospitais filantr\u00f3picos.<\/p>\n\n\n\n<p>Os Atos 21\/2025 e 22\/2025 instituem, respectivamente, as Frentes Parlamentares em Defesa da Rota Bioce\u00e2nica Rodoferrovi\u00e1ria e Energ\u00e9tica e em Defesa da Assist\u00eancia Social. J\u00e1 o Ato 23\/2025 prorroga o funcionamento da Frente Parlamentar de Defesa das Santas Casas e Hospitais Filantr\u00f3picos do Estado e de Apoio \u00e0s Comunidades Terap\u00eauticas.<\/p>\n\n\n\n<p>De acordo com o Ato 21\/2025, a Frente Parlamentar em Defesa da Rota Bioce\u00e2nica Rodoferrovi\u00e1ria e Energ\u00e9tica objetiva acompanhar os investimentos e a\u00e7\u00f5es para implanta\u00e7\u00e3o da Rota Bioce\u00e2nica, al\u00e9m de propor e discutir as pol\u00edticas p\u00fablicas relacionadas a este projeto.<\/p>\n\n\n\n<p>S\u00e3o membros desse grupo de trabalho o deputado Zeca do PT, que \u00e9 propositor e coordenador do grupo, &nbsp;e os deputados Ant\u00f4nio Vaz (Republicanos), Caravina (PSDB), Coronel David (PL), Gerson Claro (PP), Gleice Jane (PT), Jamilson Name (PSDB), Jo\u00e3o Henrique (PL), Junior Mochi (MDB), Lia Nogueira (PSDB), Lidio Lopes (sem partido), Londres Machado (PP), Lucas de Lima (sem partido), Mara Caseiro (PSDB), Marcio Fernandes (MDB), Neno Razuk (PL), Paulo Corr\u00eaa (PSDB), Paulo Duarte (PSB), Pedro Kemp (PT), Pedrossian Neto (PSD), Renato C\u00e2mara (MDB), Professor Rinaldo Modesto (Podemos), Roberto Hashioka (Uni\u00e3o) e Z\u00e9 Teixeira (PSDB).<\/p>\n\n\n\n<p>Institu\u00edda pelo Ato 22\/2025, a Frente Parlamentar em Defesa da Assist\u00eancia Social busca propor, implementar, discutir, apoiar e acompanhar as pol\u00edticas p\u00fablicas em vista do fortalecimento do Sistema \u00danico de Assist\u00eancia Social (SUAS), nas esferas dos governos estadual e federal.<\/p>\n\n\n\n<p>Fazem parte dessa frente o deputado Lidio Lopes, propositor e coordenador do grupo, e os deputados Caravina, Jamilson Name, Marcio Fernandes, Paulo Corr\u00eaa, Paulo Duarte, Renato C\u00e2mara e Z\u00e9 Teixeira.<\/p>\n\n\n\n<p><strong>Santas Casas e hospitais filantr\u00f3picos<\/strong><\/p>\n\n\n\n<p>Coordenada pelo deputado Pedrossian Neto, a Frente Parlamentar de Defesa das Santas Casas e Hospitais Filantr\u00f3picos do Estado e de Apoio \u00e0s Comunidades Terap\u00eauticas, que encerrou suas atividades em dezembro passado, teve seu funcionamento prorrogado para a 3\u00aa e 4\u00aa Sess\u00e3o Legislativa da 12\u00aa Legislatura, ou seja, at\u00e9 o fim de 2026.<\/p>\n\n\n\n<p>Na segunda-feira (17), por proposi\u00e7\u00e3o do deputado Pedrossian Neto, foi realizada audi\u00eancia p\u00fablica na ALEMS para discutir a situa\u00e7\u00e3o financeira da Santa Casa de Campo Grande (<a href=\"https:\/\/al.ms.gov.br\/Noticias\/141676\/baudiencia-publica-b-com-baixo-repasse-santa-casa-tem-deficit-de-r-158-milhoes\" target=\"_blank\" rel=\"noreferrer noopener\">veja mat\u00e9ria<\/a>). Na ocasi\u00e3o, foi informado que o hospital tem d\u00e9ficit anual de R$ 158,85 milh\u00f5es, devido \u00e0 despropor\u00e7\u00e3o entre os valores que recebe e os custos que precisa arcar.<\/p>\n","protected":false},"excerpt":{"rendered":"<p>A Mesa Diretora da Assembleia Legislativa de Mato Grosso do Sul (ALEMS) publicou nesta quarta-feira&#8230;<\/p>\n","protected":false},"author":12,"featured_media":11764589,"comment_status":"closed","ping_status":"closed","sticky":false,"template":"","format":"standard","meta":{"footnotes":""},"categories":[19],"tags":[],"class_list":["post-11764588","post","type-post","status-publish","format-standard","has-post-thumbnail","hentry","category-politica"],"_links":{"self":[{"href":"https:\/\/www.corumbaonline.com.br\/news\/wp-json\/wp\/v2\/posts\/11764588","targetHints":{"allow":["GET"]}}],"collection":[{"href":"https:\/\/www.corumbaonline.com.br\/news\/wp-json\/wp\/v2\/posts"}],"about":[{"href":"https:\/\/www.corumbaonline.com.br\/news\/wp-json\/wp\/v2\/types\/post"}],"author":[{"embeddable":true,"href":"https:\/\/www.corumbaonline.com.br\/news\/wp-json\/wp\/v2\/users\/12"}],"replies":[{"embeddable":true,"href":"https:\/\/www.corumbaonline.com.br\/news\/wp-json\/wp\/v2\/comments?post=11764588"}],"version-history":[{"count":1,"href":"https:\/\/www.corumbaonline.com.br\/news\/wp-json\/wp\/v2\/posts\/11764588\/revisions"}],"predecessor-version":[{"id":11764590,"href":"https:\/\/www.corumbaonline.com.br\/news\/wp-json\/wp\/v2\/posts\/11764588\/revisions\/11764590"}],"wp:featuredmedia":[{"embeddable":true,"href":"https:\/\/www.corumbaonline.com.br\/news\/wp-json\/wp\/v2\/media\/11764589"}],"wp:attachment":[{"href":"https:\/\/www.corumbaonline.com.br\/news\/wp-json\/wp\/v2\/media?parent=11764588"}],"wp:term":[{"taxonomy":"category","embeddable":true,"href":"https:\/\/www.corumbaonline.com.br\/news\/wp-json\/wp\/v2\/categories?post=11764588"},{"taxonomy":"post_tag","embeddable":true,"href":"https:\/\/www.corumbaonline.com.br\/news\/wp-json\/wp\/v2\/tags?post=11764588"}],"curies":[{"name":"wp","href":"https:\/\/api.w.org\/{rel}","templated":true}]}}