{"id":11764593,"date":"2025-03-19T17:07:35","date_gmt":"2025-03-19T21:07:35","guid":{"rendered":"https:\/\/www.corumbaonline.com.br\/news\/?p=11764593"},"modified":"2025-03-19T17:39:14","modified_gmt":"2025-03-19T21:39:14","slug":"apos-ser-condenado-gusttavo-lima-desiste-da-disputa-eleitoral-de-2026","status":"publish","type":"post","link":"https:\/\/www.corumbaonline.com.br\/news\/apos-ser-condenado-gusttavo-lima-desiste-da-disputa-eleitoral-de-2026\/","title":{"rendered":"Ap\u00f3s ser condenado, Gusttavo Lima desiste da disputa eleitoral de 2026"},"content":{"rendered":"\n<p>O cantor Gusttavo Lima, que surpreendeu o pa\u00eds ao anunciar sua disposi\u00e7\u00e3o para concorrer \u00e0 presid\u00eancia, em janeiro de 2025, decidiu desistir a disputa eleitoral de 2026. Em entrevista ao portal Metr\u00f3poles, o cantor afirmou que vai priorizar sua carreira internacional e lan\u00e7ar o Instituto Gusttavo Lima, voltado para a\u00e7\u00f5es sociais.<\/p>\n\n\n\n<p>A decis\u00e3o foi tomada ap\u00f3s resist\u00eancia de familiares e amigos pr\u00f3ximos, que n\u00e3o aprovaram sua entrada na pol\u00edtica, apesar do apoio recebido de muitos f\u00e3s. \u201cMuitas pessoas pr\u00f3ximas se posicionaram contra, inclusive minha fam\u00edlia, o que pesou muito. As elei\u00e7\u00f5es de 2026 ainda ser\u00e3o muito polarizadas. Voc\u00ea tem que sentar para negociar coisas que, \u00e0s vezes, n\u00e3o s\u00e3o de interesse do Brasil, mas de partidos e de pessoas. N\u00e3o tenho est\u00f4mago. Meu neg\u00f3cio \u00e9 trabalhar e ajudar as pessoas\u201d.<\/p>\n\n\n\n<p>Mesmo sem seguir na pol\u00edtica, o cantor refor\u00e7ou seu desejo de contribuir para a sociedade e revelou que vai fundar o Instituto Gusttavo Lima, que pretende oferecer assist\u00eancia a 2 mil idosos ainda neste ano. \u201cEssa \u00e9 uma miss\u00e3o divina. Acredito 100% nisso\u201d.<\/p>\n\n\n\n<p>Gusttavo Lima afirma que, agora, pretende focar exclusivamente em sua carreira musical fora do Brasil. Ele anunciou uma parceria com a Sony Mundo e j\u00e1 tem compromissos marcados no exterior. \u201cVou para Miami no s\u00e1bado e passo a semana inteira gravando as m\u00fasicas novas. \u00c9 isso que eu sei fazer\u201d.<\/p>\n\n\n\n<p>Apesar da desist\u00eancia, o sertanejo n\u00e3o descarta futuro envolvimento no debate pol\u00edtico e j\u00e1 adiantou que acompanhar\u00e1 de perto as elei\u00e7\u00f5es. \u201cVou ver quem vai permanecer como candidato nesses meses que faltam para a elei\u00e7\u00e3o. Com certeza devo opinar nas elei\u00e7\u00f5es, mas do lado de fora&#8221;.<\/p>\n\n\n\n<p><strong>Apoio<\/strong><\/p>\n\n\n\n<p>Na mais recente pesquisa Quaest de inten\u00e7\u00e3o de voto para 2026, realizada em fevereiro, Gusttavo Lima apareceu como o candidato mais pr\u00f3ximo de Lula em um eventual segundo turno, com 35% dos votos contra 41% do atual presidente. Ele superou nomes como Tarc\u00edsio de Freitas e Michelle Bolsonaro.<\/p>\n\n\n\n<p>De acordo com o colunista Lauro Jardim, existe uma informa\u00e7\u00e3o de que o governador de Goi\u00e1s, Ronaldo Caiado, que deve lan\u00e7ar a sua pr\u00e9-candidatura \u00e0 presid\u00eancia em Salvador em quatro de abril, surgiu com a ideia de que ele o cantor &#8220;caminhem juntos&#8221; em uma chapa; mas diante da not\u00edcia de desist\u00eancia, ser\u00e1 exigida uma nova solu\u00e7\u00e3o. <\/p>\n\n\n\n<p><strong>Condena\u00e7\u00e3o <\/strong><\/p>\n\n\n\n<p>A Justi\u00e7a de Pernambuco condenou Gusttavo Lima\u00a0a pagar R$ 70 mil a um homem, que teve o n\u00famero do celular &#8220;divulgado&#8221; na m\u00fasica Bloqueado, como indeniza\u00e7\u00e3o por danos morais. <\/p>\n","protected":false},"excerpt":{"rendered":"<p>O cantor Gusttavo Lima, que surpreendeu o pa\u00eds ao anunciar sua disposi\u00e7\u00e3o para concorrer \u00e0&#8230;<\/p>\n","protected":false},"author":130,"featured_media":11764596,"comment_status":"closed","ping_status":"closed","sticky":false,"template":"","format":"standard","meta":{"footnotes":""},"categories":[19],"tags":[645,644],"class_list":["post-11764593","post","type-post","status-publish","format-standard","has-post-thumbnail","hentry","category-politica","tag-eleicoes-2026","tag-gusttavo-lima"],"_links":{"self":[{"href":"https:\/\/www.corumbaonline.com.br\/news\/wp-json\/wp\/v2\/posts\/11764593","targetHints":{"allow":["GET"]}}],"collection":[{"href":"https:\/\/www.corumbaonline.com.br\/news\/wp-json\/wp\/v2\/posts"}],"about":[{"href":"https:\/\/www.corumbaonline.com.br\/news\/wp-json\/wp\/v2\/types\/post"}],"author":[{"embeddable":true,"href":"https:\/\/www.corumbaonline.com.br\/news\/wp-json\/wp\/v2\/users\/130"}],"replies":[{"embeddable":true,"href":"https:\/\/www.corumbaonline.com.br\/news\/wp-json\/wp\/v2\/comments?post=11764593"}],"version-history":[{"count":3,"href":"https:\/\/www.corumbaonline.com.br\/news\/wp-json\/wp\/v2\/posts\/11764593\/revisions"}],"predecessor-version":[{"id":11764599,"href":"https:\/\/www.corumbaonline.com.br\/news\/wp-json\/wp\/v2\/posts\/11764593\/revisions\/11764599"}],"wp:featuredmedia":[{"embeddable":true,"href":"https:\/\/www.corumbaonline.com.br\/news\/wp-json\/wp\/v2\/media\/11764596"}],"wp:attachment":[{"href":"https:\/\/www.corumbaonline.com.br\/news\/wp-json\/wp\/v2\/media?parent=11764593"}],"wp:term":[{"taxonomy":"category","embeddable":true,"href":"https:\/\/www.corumbaonline.com.br\/news\/wp-json\/wp\/v2\/categories?post=11764593"},{"taxonomy":"post_tag","embeddable":true,"href":"https:\/\/www.corumbaonline.com.br\/news\/wp-json\/wp\/v2\/tags?post=11764593"}],"curies":[{"name":"wp","href":"https:\/\/api.w.org\/{rel}","templated":true}]}}