{"id":11764601,"date":"2025-03-19T17:54:58","date_gmt":"2025-03-19T21:54:58","guid":{"rendered":"https:\/\/www.corumbaonline.com.br\/news\/?p=11764601"},"modified":"2025-03-19T17:55:04","modified_gmt":"2025-03-19T21:55:04","slug":"oportunidades-e-dinamica-de-crescimento-em-ms-sao-apresentadas-ao-embaixador-da-austria-no-brasil","status":"publish","type":"post","link":"https:\/\/www.corumbaonline.com.br\/news\/oportunidades-e-dinamica-de-crescimento-em-ms-sao-apresentadas-ao-embaixador-da-austria-no-brasil\/","title":{"rendered":"Oportunidades e din\u00e2mica de crescimento em MS s\u00e3o apresentadas ao embaixador da \u00c1ustria no Brasil"},"content":{"rendered":"\n<p>O governador Eduardo Riedel recebeu nesta quarta-feira (19) o embaixador da \u00c1ustria, Stefan Scholz, acompanhado da embaixatriz Angelika Scholz. Na visita a Mato Grosso do Sul, o chefe da miss\u00e3o diplom\u00e1tica austr\u00edaca no Brasil obteve informa\u00e7\u00f5es importantes sobre o desenvolvimento econ\u00f4mico sustent\u00e1vel no Estado. A reuni\u00e3o foi uma oportunidade para a troca de experi\u00eancias e possibilidades de estreitar as rela\u00e7\u00f5es entre Mato Grosso do Sul e a \u00c1ustria.<\/p>\n\n\n\n<p>Riedel explicou ao emiss\u00e1rio austr\u00edaco creditado no Brasil que o Governo do Estado promove uma linha de a\u00e7\u00e3o em defesa do meio ambiente, especialmente, no bioma Pantanal, al\u00e9m de desenvolver iniciativas como o Carbono Neutro.<\/p>\n\n\n\n<p>De acordo com o secret\u00e1rio Jaime Verruck (Semadesc), que participou do encontro, o Mato Grosso do Sul j\u00e1 possui aportes de investidores austr\u00edacos, respons\u00e1veis por servi\u00e7os industriais no setor de celulose, e que poder\u00e3o ser ampliados com a implanta\u00e7\u00e3o de novas plantas fabris.<\/p>\n\n\n<div class=\"wp-block-image\">\n<figure class=\"aligncenter\"><a href=\"https:\/\/agenciadenoticias.ms.gov.br\/wp-content\/uploads\/2025\/03\/Governador-recebe-o-Embaixador-da-Austria-Stefan-Scholz-e-Angelika-Scholz-Foto-Bruno-Rezende-01-scaled.jpg\"><img decoding=\"async\" src=\"https:\/\/agenciadenoticias.ms.gov.br\/wp-content\/uploads\/2025\/03\/Governador-recebe-o-Embaixador-da-Austria-Stefan-Scholz-e-Angelika-Scholz-Foto-Bruno-Rezende-01-1024x683.jpg\" alt=\"\" class=\"wp-image-505693\"\/><\/a><\/figure>\n<\/div>\n\n\n<p>J\u00e1 o secret\u00e1rio H\u00e9lio Daher, que tamb\u00e9m esteve presente na reuni\u00e3o, frisou que o Estado tem entre as suas inspira\u00e7\u00f5es o modelo austr\u00edaco &#8211; de setor produtivo e tamb\u00e9m o curr\u00edculo da educa\u00e7\u00e3o profissional e b\u00e1sica.<\/p>\n\n\n\n<p>O Brasil \u00e9 o maior parceiro comercial da \u00c1ustria na Am\u00e9rica Latina. Praticamente metade do total do com\u00e9rcio externo austr\u00edaco com esta regi\u00e3o \u00e9 realizada com o Brasil. Cerca de 5.000 austr\u00edacos residem no Brasil, uma boa parte deles de fam\u00edlias que vivem aqui h\u00e1 gera\u00e7\u00f5es. Os primeiros emigrantes austr\u00edacos chegaram ao Brasil j\u00e1 em meados do s\u00e9culo 19.<\/p>\n","protected":false},"excerpt":{"rendered":"<p>O governador Eduardo Riedel recebeu nesta quarta-feira (19) o embaixador da \u00c1ustria, Stefan Scholz, acompanhado&#8230;<\/p>\n","protected":false},"author":13,"featured_media":11764602,"comment_status":"closed","ping_status":"closed","sticky":false,"template":"","format":"standard","meta":{"footnotes":""},"categories":[9],"tags":[647,648,649,650,646],"class_list":["post-11764601","post","type-post","status-publish","format-standard","has-post-thumbnail","hentry","category-economia","tag-angelika-scholz","tag-austria","tag-carbono-neutro","tag-celulose","tag-embaixada-da-austria"],"_links":{"self":[{"href":"https:\/\/www.corumbaonline.com.br\/news\/wp-json\/wp\/v2\/posts\/11764601","targetHints":{"allow":["GET"]}}],"collection":[{"href":"https:\/\/www.corumbaonline.com.br\/news\/wp-json\/wp\/v2\/posts"}],"about":[{"href":"https:\/\/www.corumbaonline.com.br\/news\/wp-json\/wp\/v2\/types\/post"}],"author":[{"embeddable":true,"href":"https:\/\/www.corumbaonline.com.br\/news\/wp-json\/wp\/v2\/users\/13"}],"replies":[{"embeddable":true,"href":"https:\/\/www.corumbaonline.com.br\/news\/wp-json\/wp\/v2\/comments?post=11764601"}],"version-history":[{"count":1,"href":"https:\/\/www.corumbaonline.com.br\/news\/wp-json\/wp\/v2\/posts\/11764601\/revisions"}],"predecessor-version":[{"id":11764603,"href":"https:\/\/www.corumbaonline.com.br\/news\/wp-json\/wp\/v2\/posts\/11764601\/revisions\/11764603"}],"wp:featuredmedia":[{"embeddable":true,"href":"https:\/\/www.corumbaonline.com.br\/news\/wp-json\/wp\/v2\/media\/11764602"}],"wp:attachment":[{"href":"https:\/\/www.corumbaonline.com.br\/news\/wp-json\/wp\/v2\/media?parent=11764601"}],"wp:term":[{"taxonomy":"category","embeddable":true,"href":"https:\/\/www.corumbaonline.com.br\/news\/wp-json\/wp\/v2\/categories?post=11764601"},{"taxonomy":"post_tag","embeddable":true,"href":"https:\/\/www.corumbaonline.com.br\/news\/wp-json\/wp\/v2\/tags?post=11764601"}],"curies":[{"name":"wp","href":"https:\/\/api.w.org\/{rel}","templated":true}]}}