{"id":11764619,"date":"2025-03-20T08:10:00","date_gmt":"2025-03-20T12:10:00","guid":{"rendered":"https:\/\/www.corumbaonline.com.br\/news\/?p=11764619"},"modified":"2025-03-20T07:44:23","modified_gmt":"2025-03-20T11:44:23","slug":"alms-proposta-do-tuiuiu-como-ave-simbolo-do-pantanal-sul-mato-grossense-sera-votada","status":"publish","type":"post","link":"https:\/\/www.corumbaonline.com.br\/news\/alms-proposta-do-tuiuiu-como-ave-simbolo-do-pantanal-sul-mato-grossense-sera-votada\/","title":{"rendered":"ALMS: proposta do Tuiui\u00fa como ave-s\u00edmbolo do Pantanal Sul-mato-grossense ser\u00e1 votada"},"content":{"rendered":"<p>Os parlamentares analisar\u00e3o tr\u00eas projetos de lei na sess\u00e3o ordin\u00e1ria desta quinta-feira (20) da Assembleia Legislativa de Mato Grosso do Sul (ALEMS). Conforme a\u00a0<a href=\"https:\/\/al.ms.gov.br\/Ordemdodia\" target=\"_blank\" rel=\"noopener\">Ordem do Dia<\/a>, as propostas ser\u00e3o votadas em primeira e segunda discuss\u00e3o. A sess\u00e3o tem in\u00edcio \u00e0s 9h e \u00e9 aberta \u00e0 participa\u00e7\u00e3o de toda sociedade.<\/p>\n<p>Em primeira discuss\u00e3o os deputados votar\u00e3o duas propostas: O\u00a0<a href=\"http:\/\/sgpl.consulta.al.ms.gov.br\/sgpl-publico\/#\/linha-tempo?idProposicao=324789\" target=\"_blank\" rel=\"noopener\">Projeto de Lei 290\/2024<\/a>, de autoria do deputado Junior Mochi (MDB), que institui o Tuiui\u00fa (Jabiru mycteria) como ave s\u00edmbolo do Pantanal Sul-mato-grossense, e d\u00e1 outras provid\u00eancias. Conforme a proposta, esse reconhecimento contribuir\u00e1 para aumentar a conscientiza\u00e7\u00e3o sobre a necessidade de preservar o Pantanal e suas esp\u00e9cies, promover a identidade cultural e ambiental do Mato Grosso do Sul, fortalecer o turismo sustent\u00e1vel com \u00eanfase na observa\u00e7\u00e3o de aves e apoiar pol\u00edticas p\u00fablicas e iniciativas privadas de conserva\u00e7\u00e3o ambiental.<\/p>\n<p>E o\u00a0<a href=\"http:\/\/sgpl.consulta.al.ms.gov.br\/sgpl-publico\/#\/linha-tempo?idProposicao=323308\" target=\"_blank\" rel=\"noopener\">Projeto de Lei 176\/2024<\/a>, de autoria dos deputados Gerson Claro (PP) e Paulo Duarte (PSB), que acrescenta dispositivos \u00e0 Lei no 4.282, de 14 de dezembro de 2012, que estabelece os valores das taxas da Tabela de Servi\u00e7os do Departamento Estadual de Tr\u00e2nsito de Mato Grosso do Sul (Detran-MS).<\/p>\n<p>Em segunda discuss\u00e3o\u00a0ser\u00e1 votado o\u00a0<a href=\"http:\/\/sgpl.consulta.al.ms.gov.br\/sgpl-publico\/#\/linha-tempo?idProposicao=325234\" target=\"_blank\" rel=\"noopener\">Projeto de Lei 29\/2025<\/a>, de autoria do Tribunal de Contas, que fixa o subs\u00eddio mensal dos Conselheiros, dos Conselheiros Substitutos e dos Membros do Minist\u00e9rio P\u00fablico de Contas do Estado de Mato Grosso do Sul, consoante disp\u00f5em os \u00a7\u00a7 4\u00ba e 5\u00ba do art. 80 e \u00a7 4\u00ba do art. 81, ambos da Constitui\u00e7\u00e3o Estadual.<\/p>\n<p><strong>Servi\u00e7o<\/strong><\/p>\n<p>As sess\u00f5es plen\u00e1rias podem ser acompanhadas presencialmente ou pela transmiss\u00e3o ao vivo dos canais oficiais de comunica\u00e7\u00e3o da Casa de Leis:\u00a0 TV ALEMS canal\u00a07.2 no sinal aberto e canal\u00a09 da Claro NET TV, ou ainda no\u00a0link\u00a0<a href=\"https:\/\/al.ms.gov.br\/TvAssembleia\" target=\"_blank\" rel=\"noopener\">TV ALEMS<\/a>;\u00a0R\u00e1dio ALEMS FM 105.5, sinal aberto, ou no link\u00a0<a href=\"https:\/\/al.ms.gov.br\/RadioAssembleia\/Audios?idMenu=601\" target=\"_blank\" rel=\"noopener\">R\u00e1dio ALEMS<\/a>;\u00a0<ins><a href=\"https:\/\/www.facebook.com\/assembleiams\" target=\"_blank\" rel=\"noopener\">Facebook<\/a>\u00a0e\u00a0<\/ins><a href=\"https:\/\/www.youtube.com\/c\/AssembleiaLegislativadeMS?app=desktop%C2%A0\" target=\"_blank\" rel=\"noopener\">Youtube<\/a>.<\/p>\n","protected":false},"excerpt":{"rendered":"<p>Os parlamentares analisar\u00e3o tr\u00eas projetos de lei na sess\u00e3o ordin\u00e1ria desta quinta-feira (20) da Assembleia&#8230;<\/p>\n","protected":false},"author":12,"featured_media":11764620,"comment_status":"closed","ping_status":"closed","sticky":false,"template":"","format":"standard","meta":{"footnotes":""},"categories":[19],"tags":[188],"class_list":["post-11764619","post","type-post","status-publish","format-standard","has-post-thumbnail","hentry","category-politica","tag-politica"],"_links":{"self":[{"href":"https:\/\/www.corumbaonline.com.br\/news\/wp-json\/wp\/v2\/posts\/11764619","targetHints":{"allow":["GET"]}}],"collection":[{"href":"https:\/\/www.corumbaonline.com.br\/news\/wp-json\/wp\/v2\/posts"}],"about":[{"href":"https:\/\/www.corumbaonline.com.br\/news\/wp-json\/wp\/v2\/types\/post"}],"author":[{"embeddable":true,"href":"https:\/\/www.corumbaonline.com.br\/news\/wp-json\/wp\/v2\/users\/12"}],"replies":[{"embeddable":true,"href":"https:\/\/www.corumbaonline.com.br\/news\/wp-json\/wp\/v2\/comments?post=11764619"}],"version-history":[{"count":1,"href":"https:\/\/www.corumbaonline.com.br\/news\/wp-json\/wp\/v2\/posts\/11764619\/revisions"}],"predecessor-version":[{"id":11764621,"href":"https:\/\/www.corumbaonline.com.br\/news\/wp-json\/wp\/v2\/posts\/11764619\/revisions\/11764621"}],"wp:featuredmedia":[{"embeddable":true,"href":"https:\/\/www.corumbaonline.com.br\/news\/wp-json\/wp\/v2\/media\/11764620"}],"wp:attachment":[{"href":"https:\/\/www.corumbaonline.com.br\/news\/wp-json\/wp\/v2\/media?parent=11764619"}],"wp:term":[{"taxonomy":"category","embeddable":true,"href":"https:\/\/www.corumbaonline.com.br\/news\/wp-json\/wp\/v2\/categories?post=11764619"},{"taxonomy":"post_tag","embeddable":true,"href":"https:\/\/www.corumbaonline.com.br\/news\/wp-json\/wp\/v2\/tags?post=11764619"}],"curies":[{"name":"wp","href":"https:\/\/api.w.org\/{rel}","templated":true}]}}