{"id":11764627,"date":"2025-03-20T08:52:00","date_gmt":"2025-03-20T12:52:00","guid":{"rendered":"https:\/\/www.corumbaonline.com.br\/news\/?p=11764627"},"modified":"2025-03-20T07:59:33","modified_gmt":"2025-03-20T11:59:33","slug":"delas-day-protagonismo-feminino-e-incentivado-com-debates-sobre-empreendedorismo-e-participacao-politica","status":"publish","type":"post","link":"https:\/\/www.corumbaonline.com.br\/news\/delas-day-protagonismo-feminino-e-incentivado-com-debates-sobre-empreendedorismo-e-participacao-politica\/","title":{"rendered":"Delas Day: protagonismo feminino \u00e9 incentivado com debates sobre empreendedorismo e participa\u00e7\u00e3o pol\u00edtica"},"content":{"rendered":"<p>O Governo de Mato Grosso do Sul est\u00e1 levando ao evento Delas Day uma programa\u00e7\u00e3o especial e transformadora, com a participa\u00e7\u00e3o de agentes p\u00fablicos e convidados das secretarias da Cidadania (SEC), de Turismo, Esporte e Cultura (Setesc), Procuradoria-Geral do Estado (PGE) e Funtrab (Funda\u00e7\u00e3o do Trabalho de Mato Grosso do Sul).<\/p>\n<p>Temas sobre lideran\u00e7a, empreendedorismo, inclus\u00e3o social, pol\u00edtica, diversidade, justi\u00e7a, educa\u00e7\u00e3o, economia criativa, al\u00e9m de ofertas exclusivas de emprego, ser\u00e3o apresentados durante o evento, que conta com o mote &#8216;Jornadas que inspiram novas hist\u00f3rias&#8217; e acontece nos dias 26 e 27 de mar\u00e7o, com entrada gratuita, no Bosque Expo (Shopping Bosque dos Ip\u00eas), em Campo Grande.<\/p>\n<p>J\u00e1 no primeiro dia (26), a Secretaria da Cidadania preparou um painel que ir\u00e1 discutir o papel das mulheres no desenvolvimento social e econ\u00f4mico do Estado, tendo como mediadora a primeira-dama, M\u00f4nica Riedel, e uma das convidadas, a gerente de Gente e Gest\u00e3o da empresa Suzano, Angela Aparecida dos Santos.<\/p>\n<p>Na quinta-feira (27), a partir das 14 horas, a SEC promove um painel sobre a participa\u00e7\u00e3o da mulher na pol\u00edtica e democracia. A mediadora do encontro ser\u00e1 a secret\u00e1ria Viviane Luiza, tendo como convidadas a senadora Tereza Cristina, a prefeita Adriane Lopes, a deputada estadual Mara Caseiro, e a vereadora de Ant\u00f4nio Jo\u00e3o, Inaye Lopes Kaiow\u00e1.<\/p>\n<p>Viviane Luiza diz que o evento tem por objetivo trazer mulheres, sejam elas donas de casa ou mulheres de neg\u00f3cios, m\u00e3es, l\u00edderes de comunidades ou pol\u00edticas, empres\u00e1rias, aspirantes a empreendedoras e estudantes.<\/p>\n<p>&#8220;\u00c9 oportuno discutir constantemente e incessantemente o protagonismo feminino e dar voz \u00e0s mulheres, trazendo hist\u00f3rias inspiradoras de lideran\u00e7a e supera\u00e7\u00e3o e novas trajet\u00f3rias de vida&#8221;, destaca a secret\u00e1ria Viviane.<\/p>\n<div id=\"gallery-1\" class=\"gallery galleryid-505723 gallery-columns-2 gallery-size-large\">\n<figure class=\"gallery-item\">\n<div class=\"gallery-icon landscape\"><a href=\"https:\/\/agenciadenoticias.ms.gov.br\/wp-content\/uploads\/2024\/12\/Startup-Foto-Bruno-Rezende-08-scaled.jpg\"><img loading=\"lazy\" decoding=\"async\" class=\"attachment-large size-large\" src=\"https:\/\/agenciadenoticias.ms.gov.br\/wp-content\/uploads\/2024\/12\/Startup-Foto-Bruno-Rezende-08-1024x683.jpg\" sizes=\"auto, (max-width: 1024px) 100vw, 1024px\" srcset=\"https:\/\/agenciadenoticias.ms.gov.br\/wp-content\/uploads\/2024\/12\/Startup-Foto-Bruno-Rezende-08-1024x683.jpg 1024w, https:\/\/agenciadenoticias.ms.gov.br\/wp-content\/uploads\/2024\/12\/Startup-Foto-Bruno-Rezende-08-300x200.jpg 300w, https:\/\/agenciadenoticias.ms.gov.br\/wp-content\/uploads\/2024\/12\/Startup-Foto-Bruno-Rezende-08-768x512.jpg 768w, https:\/\/agenciadenoticias.ms.gov.br\/wp-content\/uploads\/2024\/12\/Startup-Foto-Bruno-Rezende-08-1536x1024.jpg 1536w, https:\/\/agenciadenoticias.ms.gov.br\/wp-content\/uploads\/2024\/12\/Startup-Foto-Bruno-Rezende-08-2048x1365.jpg 2048w, https:\/\/agenciadenoticias.ms.gov.br\/wp-content\/uploads\/2024\/12\/Startup-Foto-Bruno-Rezende-08-350x232.jpg 350w, https:\/\/agenciadenoticias.ms.gov.br\/wp-content\/uploads\/2024\/12\/Startup-Foto-Bruno-Rezende-08-scaled.jpg 1920w\" alt=\"\" width=\"1024\" height=\"683\" \/><\/a><\/div>\n<\/figure>\n<figure class=\"gallery-item\">\n<div class=\"gallery-icon landscape\"><a href=\"https:\/\/agenciadenoticias.ms.gov.br\/wp-content\/uploads\/2024\/12\/Startup-Foto-Bruno-Rezende-07-scaled.jpg\"><img loading=\"lazy\" decoding=\"async\" class=\"attachment-large size-large\" src=\"https:\/\/agenciadenoticias.ms.gov.br\/wp-content\/uploads\/2024\/12\/Startup-Foto-Bruno-Rezende-07-1024x683.jpg\" sizes=\"auto, (max-width: 1024px) 100vw, 1024px\" srcset=\"https:\/\/agenciadenoticias.ms.gov.br\/wp-content\/uploads\/2024\/12\/Startup-Foto-Bruno-Rezende-07-1024x683.jpg 1024w, https:\/\/agenciadenoticias.ms.gov.br\/wp-content\/uploads\/2024\/12\/Startup-Foto-Bruno-Rezende-07-300x200.jpg 300w, https:\/\/agenciadenoticias.ms.gov.br\/wp-content\/uploads\/2024\/12\/Startup-Foto-Bruno-Rezende-07-768x512.jpg 768w, https:\/\/agenciadenoticias.ms.gov.br\/wp-content\/uploads\/2024\/12\/Startup-Foto-Bruno-Rezende-07-1536x1024.jpg 1536w, https:\/\/agenciadenoticias.ms.gov.br\/wp-content\/uploads\/2024\/12\/Startup-Foto-Bruno-Rezende-07-2048x1365.jpg 2048w, https:\/\/agenciadenoticias.ms.gov.br\/wp-content\/uploads\/2024\/12\/Startup-Foto-Bruno-Rezende-07-350x232.jpg 350w, https:\/\/agenciadenoticias.ms.gov.br\/wp-content\/uploads\/2024\/12\/Startup-Foto-Bruno-Rezende-07-scaled.jpg 1920w\" alt=\"\" width=\"1024\" height=\"683\" \/><\/a><\/div>\n<\/figure>\n<figure class=\"gallery-item\">\n<div class=\"gallery-icon landscape\"><a href=\"https:\/\/agenciadenoticias.ms.gov.br\/wp-content\/uploads\/2024\/12\/Startup-Foto-Bruno-Rezende-09-scaled.jpg\"><img loading=\"lazy\" decoding=\"async\" class=\"attachment-large size-large\" src=\"https:\/\/agenciadenoticias.ms.gov.br\/wp-content\/uploads\/2024\/12\/Startup-Foto-Bruno-Rezende-09-1024x683.jpg\" sizes=\"auto, (max-width: 1024px) 100vw, 1024px\" srcset=\"https:\/\/agenciadenoticias.ms.gov.br\/wp-content\/uploads\/2024\/12\/Startup-Foto-Bruno-Rezende-09-1024x683.jpg 1024w, https:\/\/agenciadenoticias.ms.gov.br\/wp-content\/uploads\/2024\/12\/Startup-Foto-Bruno-Rezende-09-300x200.jpg 300w, https:\/\/agenciadenoticias.ms.gov.br\/wp-content\/uploads\/2024\/12\/Startup-Foto-Bruno-Rezende-09-768x512.jpg 768w, https:\/\/agenciadenoticias.ms.gov.br\/wp-content\/uploads\/2024\/12\/Startup-Foto-Bruno-Rezende-09-1536x1024.jpg 1536w, https:\/\/agenciadenoticias.ms.gov.br\/wp-content\/uploads\/2024\/12\/Startup-Foto-Bruno-Rezende-09-2048x1365.jpg 2048w, https:\/\/agenciadenoticias.ms.gov.br\/wp-content\/uploads\/2024\/12\/Startup-Foto-Bruno-Rezende-09-350x232.jpg 350w, https:\/\/agenciadenoticias.ms.gov.br\/wp-content\/uploads\/2024\/12\/Startup-Foto-Bruno-Rezende-09-scaled.jpg 1920w\" alt=\"\" width=\"1024\" height=\"683\" \/><\/a><\/div>\n<\/figure>\n<figure class=\"gallery-item\">\n<div class=\"gallery-icon landscape\"><a href=\"https:\/\/agenciadenoticias.ms.gov.br\/wp-content\/uploads\/2024\/12\/Startup-Foto-Bruno-Rezende-10-scaled.jpg\"><img loading=\"lazy\" decoding=\"async\" class=\"attachment-large size-large\" src=\"https:\/\/agenciadenoticias.ms.gov.br\/wp-content\/uploads\/2024\/12\/Startup-Foto-Bruno-Rezende-10-1024x683.jpg\" sizes=\"auto, (max-width: 1024px) 100vw, 1024px\" srcset=\"https:\/\/agenciadenoticias.ms.gov.br\/wp-content\/uploads\/2024\/12\/Startup-Foto-Bruno-Rezende-10-1024x683.jpg 1024w, https:\/\/agenciadenoticias.ms.gov.br\/wp-content\/uploads\/2024\/12\/Startup-Foto-Bruno-Rezende-10-300x200.jpg 300w, https:\/\/agenciadenoticias.ms.gov.br\/wp-content\/uploads\/2024\/12\/Startup-Foto-Bruno-Rezende-10-768x512.jpg 768w, https:\/\/agenciadenoticias.ms.gov.br\/wp-content\/uploads\/2024\/12\/Startup-Foto-Bruno-Rezende-10-1536x1024.jpg 1536w, https:\/\/agenciadenoticias.ms.gov.br\/wp-content\/uploads\/2024\/12\/Startup-Foto-Bruno-Rezende-10-2048x1365.jpg 2048w, https:\/\/agenciadenoticias.ms.gov.br\/wp-content\/uploads\/2024\/12\/Startup-Foto-Bruno-Rezende-10-350x232.jpg 350w, https:\/\/agenciadenoticias.ms.gov.br\/wp-content\/uploads\/2024\/12\/Startup-Foto-Bruno-Rezende-10-scaled.jpg 1920w\" alt=\"\" width=\"1024\" height=\"683\" \/><\/a><\/div>\n<\/figure>\n<\/div>\n<p><a href=\"https:\/\/agenciadenoticias.ms.gov.br\/com-inovacao-ms-se-destaca-nacionalmente-e-apoia-pesquisas-e-empreendedores-sociais\/\"><em>Mato Grosso do Sul \u00e9 um dos estados que mais se destaca no Brasil quando o assunto \u00e9 empreendedorismo social<\/em><\/a><\/p>\n<p>Em seguida, no mesmo dia, \u00e0s 17 horas, a subsecret\u00e1ria de Pol\u00edticas P\u00fablicas para Mulheres da SEC, Manuela Nicodemos Bailosa, ser\u00e1 a mediadora do painel Empreendedorismo e Diversidade.<\/p>\n<p>Est\u00e1 a cargo da PGE, no dia 26, \u00e0s 15h30, debater sobre o papel das mulheres em diferentes \u00f3rg\u00e3os e institui\u00e7\u00f5es do sistema de Justi\u00e7a em Mato Grosso do Sul, com foco na constru\u00e7\u00e3o de pol\u00edticas p\u00fablicas em \u00e1reas como seguran\u00e7a, educa\u00e7\u00e3o e desenvolvimento sustent\u00e1vel.<\/p>\n<p>Entre as participantes est\u00e1 a desembargadora Jaceguara Dantas da Silva, do TJMS (Tribunal de Justi\u00e7a de Mato Grosso do Sul), com media\u00e7\u00e3o da procuradora-geral da PGE, Ana Ali Garcia.<\/p>\n<p>A Setesc promove no dia 27 (quinta-feira), a partir das 17 horas, um di\u00e1logo com mulheres empreendedoras na economia criativa. V\u00e3o estar presentes Ana Mirian (Inspira\u00ea), Beatriz (Angi Chocolates), Lucimar (Fibra Morena) e Jenny (Borogod\u00f3).<\/p>\n<p>Al\u00e9m disso, a FCMS (Funda\u00e7\u00e3o de Cultura de Mato Grosso do Sul) realiza uma feira de artesanato com artes\u00e3s selecionadas pelo Sebrae, em parceria com a Diretoria de Artesanato, Design e Moda, da Funda\u00e7\u00e3o de Cultura.<\/p>\n<p>A Funtrab estar\u00e1 presente no Delas Day oferecendo vagas de emprego exclusivas para mulheres e informa\u00e7\u00f5es sobre o mercado de trabalho. Servidores da Funda\u00e7\u00e3o estar\u00e3o dispon\u00edveis para esclarecer d\u00favidas e auxiliar nas oportunidades.<\/p>\n<figure id=\"attachment_468415\" class=\"wp-caption aligncenter\" aria-describedby=\"caption-attachment-468415\"><a href=\"https:\/\/agenciadenoticias.ms.gov.br\/wp-content\/uploads\/2024\/03\/Ouvir-as-mulheres-e-construir-politicas-publicas-scaled.jpeg\"><img loading=\"lazy\" decoding=\"async\" class=\"wp-image-468415 size-large\" src=\"https:\/\/agenciadenoticias.ms.gov.br\/wp-content\/uploads\/2024\/03\/Ouvir-as-mulheres-e-construir-politicas-publicas-1024x768.jpeg\" sizes=\"auto, (max-width: 1024px) 100vw, 1024px\" srcset=\"https:\/\/agenciadenoticias.ms.gov.br\/wp-content\/uploads\/2024\/03\/Ouvir-as-mulheres-e-construir-politicas-publicas-1024x768.jpeg 1024w, https:\/\/agenciadenoticias.ms.gov.br\/wp-content\/uploads\/2024\/03\/Ouvir-as-mulheres-e-construir-politicas-publicas-300x225.jpeg 300w, https:\/\/agenciadenoticias.ms.gov.br\/wp-content\/uploads\/2024\/03\/Ouvir-as-mulheres-e-construir-politicas-publicas-768x576.jpeg 768w, https:\/\/agenciadenoticias.ms.gov.br\/wp-content\/uploads\/2024\/03\/Ouvir-as-mulheres-e-construir-politicas-publicas-1536x1152.jpeg 1536w, https:\/\/agenciadenoticias.ms.gov.br\/wp-content\/uploads\/2024\/03\/Ouvir-as-mulheres-e-construir-politicas-publicas-2048x1536.jpeg 2048w, https:\/\/agenciadenoticias.ms.gov.br\/wp-content\/uploads\/2024\/03\/Ouvir-as-mulheres-e-construir-politicas-publicas-320x240.jpeg 320w, https:\/\/agenciadenoticias.ms.gov.br\/wp-content\/uploads\/2024\/03\/Ouvir-as-mulheres-e-construir-politicas-publicas-scaled.jpeg 1920w\" alt=\"\" width=\"1024\" height=\"768\" \/><\/a><figcaption id=\"caption-attachment-468415\" class=\"wp-caption-text\">Delas Day \u00e9 s\u00f3 mais uma entre tantas a\u00e7\u00f5es do Governo de MS voltado para as mulheres (Foto: Matheus Carvalho\/SEC)<\/figcaption><\/figure>\n<p><strong>Delas Day<\/strong><\/p>\n<p>A infraestrutura do Delas Day foi pensada para oferecer um ambiente acolhedor e inclusivo, com pra\u00e7a de alimenta\u00e7\u00e3o com food trucks e salas exclusivas para rodadas de neg\u00f3cios e mostra de expositoras.<\/p>\n<p>O Delas Day \u00e9 fruto de uma parceria entre institui\u00e7\u00f5es comprometidas com o desenvolvimento social e econ\u00f4mico do Estado. A realiza\u00e7\u00e3o \u00e9 uma iniciativa do Sebrae\/MS, Sistema Fiems, Sistema Com\u00e9rcio MS (Fecom\u00e9rcio, Sesc, Senac), Governo de Mato Grosso do Sul, Faculdade Insted e Universidade Federal de Mato Grosso do Sul (UFMS).<\/p>\n<p>O evento tamb\u00e9m conta com o apoio da Federa\u00e7\u00e3o das Associa\u00e7\u00f5es Empresariais de Mato Grosso do Sul (FAEMS), Universidade Estadual de Mato Grosso do Sul (UEMS), Associa\u00e7\u00e3o das Microempresas e Empresas de Pequeno Porte do Estado de Mato Grosso do Sul (AMEMS), Banco do Brasil, Conselho da Mulher Empreendedora e da Cultura (CMEC), Associa\u00e7\u00e3o dos Munic\u00edpios de Mato Grosso do Sul (ASSOMASUL), Prefeitura de Campo Grande e TV Morena.<\/p>\n","protected":false},"excerpt":{"rendered":"<p>O Governo de Mato Grosso do Sul est\u00e1 levando ao evento Delas Day uma programa\u00e7\u00e3o&#8230;<\/p>\n","protected":false},"author":13,"featured_media":11764628,"comment_status":"closed","ping_status":"closed","sticky":false,"template":"","format":"standard","meta":{"footnotes":""},"categories":[14],"tags":[],"class_list":["post-11764627","post","type-post","status-publish","format-standard","has-post-thumbnail","hentry","category-geral"],"_links":{"self":[{"href":"https:\/\/www.corumbaonline.com.br\/news\/wp-json\/wp\/v2\/posts\/11764627","targetHints":{"allow":["GET"]}}],"collection":[{"href":"https:\/\/www.corumbaonline.com.br\/news\/wp-json\/wp\/v2\/posts"}],"about":[{"href":"https:\/\/www.corumbaonline.com.br\/news\/wp-json\/wp\/v2\/types\/post"}],"author":[{"embeddable":true,"href":"https:\/\/www.corumbaonline.com.br\/news\/wp-json\/wp\/v2\/users\/13"}],"replies":[{"embeddable":true,"href":"https:\/\/www.corumbaonline.com.br\/news\/wp-json\/wp\/v2\/comments?post=11764627"}],"version-history":[{"count":1,"href":"https:\/\/www.corumbaonline.com.br\/news\/wp-json\/wp\/v2\/posts\/11764627\/revisions"}],"predecessor-version":[{"id":11764629,"href":"https:\/\/www.corumbaonline.com.br\/news\/wp-json\/wp\/v2\/posts\/11764627\/revisions\/11764629"}],"wp:featuredmedia":[{"embeddable":true,"href":"https:\/\/www.corumbaonline.com.br\/news\/wp-json\/wp\/v2\/media\/11764628"}],"wp:attachment":[{"href":"https:\/\/www.corumbaonline.com.br\/news\/wp-json\/wp\/v2\/media?parent=11764627"}],"wp:term":[{"taxonomy":"category","embeddable":true,"href":"https:\/\/www.corumbaonline.com.br\/news\/wp-json\/wp\/v2\/categories?post=11764627"},{"taxonomy":"post_tag","embeddable":true,"href":"https:\/\/www.corumbaonline.com.br\/news\/wp-json\/wp\/v2\/tags?post=11764627"}],"curies":[{"name":"wp","href":"https:\/\/api.w.org\/{rel}","templated":true}]}}