{"id":11764701,"date":"2025-03-21T09:09:00","date_gmt":"2025-03-21T13:09:00","guid":{"rendered":"https:\/\/www.corumbaonline.com.br\/news\/?p=11764701"},"modified":"2025-03-21T10:27:49","modified_gmt":"2025-03-21T14:27:49","slug":"acima-da-media-nacional-ms-apresenta-63-de-indice-de-aleitamento-materno-exclusivo","status":"publish","type":"post","link":"https:\/\/www.corumbaonline.com.br\/news\/acima-da-media-nacional-ms-apresenta-63-de-indice-de-aleitamento-materno-exclusivo\/","title":{"rendered":"Acima da m\u00e9dia nacional, MS apresenta 63% de \u00edndice de aleitamento materno exclusivo"},"content":{"rendered":"<p>Mato Grosso do Sul apresenta 63% de \u00edndice de aleitamento materno exclusivo, que \u00e9 a pr\u00e1tica de alimentar um beb\u00ea apenas com leite materno, sem outros alimentos ou bebidas, nos primeiros seis meses de vida. No mesmo panorama, o Estado apresenta 60% de aleitamento materno complementar, quando a crian\u00e7a recebe alimentos s\u00f3lidos ou semiss\u00f3lidos em conjunto com o leite materno, de 6 meses a 2 anos de idade.<\/p>\n<p>De acordo com o ENANI (Estudo Nacional de Alimenta\u00e7\u00e3o e Nutri\u00e7\u00e3o Infantil), a taxa de aleitamento materno exclusivo no Brasil \u00e9 de 45,8% entre crian\u00e7as menores de 6 meses. O Brasil estabeleceu a meta, recomendada pela OMS (Organiza\u00e7\u00e3o Mundial da Sa\u00fade), de que 70% das crian\u00e7as sejam amamentadas exclusivamente at\u00e9 2030.<\/p>\n<p>Os indicadores foram divulgados nesta quinta-feira (20), durante o lan\u00e7amento do XVII ENAM (Encontro Nacional de Aleitamento Materno) e VII Encontro Nacional de Alimenta\u00e7\u00e3o Complementar Saud\u00e1vel (VII ENCS), no Audit\u00f3rio do Bioparque Pantanal. Promovido pela SES (Secretaria de Estado de Sa\u00fade) o evento \u00e9 uma oficina preparat\u00f3ria para encontro nacional que vai acontecer em 2026 e conta com a parceria da IBFAN-Brasil (Rede Internacional em Defesa do Direito de Amamentar), da Sesau (Secretaria Municipal de Sa\u00fade de Campo Grande) e de outras institui\u00e7\u00f5es comprometidas com a sa\u00fade materno-infantil.<\/p>\n<p><a href=\"https:\/\/www.saude.ms.gov.br\/wp-content\/uploads\/2025\/03\/WhatsApp-Image-2025-03-20-at-14.56.08.jpeg\"><img loading=\"lazy\" decoding=\"async\" class=\"aligncenter wp-image-34301 size-large\" src=\"https:\/\/www.saude.ms.gov.br\/wp-content\/uploads\/2025\/03\/WhatsApp-Image-2025-03-20-at-14.56.08-1024x768.jpeg\" alt=\"\" width=\"1024\" height=\"768\" \/><\/a><\/p>\n<p>A oficina preparat\u00f3ria \u00e9 uma oportunidade para profissionais de sa\u00fade, educadores, assistentes sociais e demais agentes envolvidos no cuidado materno-infantil atualizarem seus conhecimentos sobre pr\u00e1ticas de sa\u00fade e nutri\u00e7\u00e3o para gestantes e crian\u00e7as.<\/p>\n<p><a href=\"https:\/\/www.saude.ms.gov.br\/wp-content\/uploads\/2025\/03\/WhatsApp-Image-2025-03-20-at-14.49.39.jpeg\"><img loading=\"lazy\" decoding=\"async\" class=\"alignleft size-medium wp-image-34302\" src=\"https:\/\/www.saude.ms.gov.br\/wp-content\/uploads\/2025\/03\/WhatsApp-Image-2025-03-20-at-14.49.39-300x225.jpeg\" alt=\"\" width=\"300\" height=\"225\" \/><\/a>De acordo com a gerente da Rede Alyne com \u00eanfase em Aleitamento materno da SES\/MS, Liliane Rodrigues, o encontro aborda temas fundamentais para o desenvolvimento saud\u00e1vel de crian\u00e7as de zero a dois anos, como o aleitamento materno e a alimenta\u00e7\u00e3o complementar. Tamb\u00e9m traz discuss\u00f5es sobre a import\u00e2ncia de pol\u00edticas p\u00fablicas de apoio \u00e0 amamenta\u00e7\u00e3o e as estrat\u00e9gias para combater preconceitos.<\/p>\n<p>\u201cNosso objetivo \u00e9 capacitar os profissionais de sa\u00fade para que possam oferecer um atendimento mais eficaz, disseminando as pr\u00e1ticas cient\u00edficas mais recentes sobre aleitamento materno e alimenta\u00e7\u00e3o complementar saud\u00e1vel. O aleitamento materno \u00e9 fundamental para o desenvolvimento saud\u00e1vel das crian\u00e7as, especialmente nos primeiros anos de vida, e traz benef\u00edcios tanto para a crian\u00e7a quanto para a m\u00e3e. Este evento proporciona uma excelente oportunidade de atualiza\u00e7\u00e3o e troca de conhecimentos entre os profissionais que atuam na sa\u00fade materno-infantil, refor\u00e7ando a import\u00e2ncia da promo\u00e7\u00e3o de pol\u00edticas p\u00fablicas que garantam o acesso e apoio ao aleitamento materno em nosso estado\u201d<\/p>\n<p><a href=\"https:\/\/www.saude.ms.gov.br\/wp-content\/uploads\/2025\/03\/WhatsApp-Image-2025-03-20-at-14.49.40.jpeg\"><img loading=\"lazy\" decoding=\"async\" class=\"alignright size-medium wp-image-34303\" src=\"https:\/\/www.saude.ms.gov.br\/wp-content\/uploads\/2025\/03\/WhatsApp-Image-2025-03-20-at-14.49.40-300x225.jpeg\" alt=\"\" width=\"300\" height=\"225\" \/><\/a>Para a Prof.\u00aa Dr.\u00aa da UFMS, Osvaldinete Oliveira, o encontro \u00e9 uma atualiza\u00e7\u00e3o e qualifica\u00e7\u00e3o t\u00e9cnico-cient\u00edfica, voltado principalmente para profissionais de sa\u00fade, ativistas, estudantes, gestores em sa\u00fade p\u00fablica e toda a rede de apoio que a mulher precisa para conseguir amamentar com sucesso e com tranquilidade.<\/p>\n<p>\u201cA import\u00e2ncia deste encontro \u00e9 exatamente melhorarmos os nossos indicadores de aleitamento materno. A partir do momento que voc\u00ea tem uma equipe de sa\u00fade qualificada, temos mais chances de promover e defender a amamenta\u00e7\u00e3o, melhorando os nossos indicadores de sa\u00fade materna infantil no estado. O MS tem um hist\u00f3rico importante, inclusive existe uma lei estadual que disp\u00f5e sobre o aleitamento materno. Nossos \u00edndices est\u00e3o em torno de 63% de beb\u00eas amamentando exclusivamente at\u00e9 6 meses de idade e 60% de crian\u00e7as at\u00e9 2 anos de idade. S\u00e3o \u00edndices razo\u00e1veis, mas que precisamos ainda aumentar, pelo menos 80%, das crian\u00e7as sendo amamentadas exclusivamente at\u00e9 6 meses e de forma continuada at\u00e9 2 anos\u201d, enfatiza Osvaldinete Oliveira, que tamb\u00e9m \u00e9 membro da IBFAN-Brasil e presidente do XVII ENAM e do VII ENCS.<\/p>\n<p>Al\u00e9m de capacitar profissionais da \u00e1rea, a SES busca sensibilizar a sociedade para a relev\u00e2ncia do aleitamento materno e de uma alimenta\u00e7\u00e3o saud\u00e1vel na primeira inf\u00e2ncia, fortalecendo a rede de apoio \u00e0 sa\u00fade de m\u00e3es e crian\u00e7as em todo o estado, em alinhamento com os ODS (Objetivos de Desenvolvimento Sustent\u00e1vel).<\/p>\n<div id=\"gallery-1\" class=\"gallery galleryid-505797 gallery-columns-2 gallery-size-full\">\n<figure class=\"gallery-item\">\n<div class=\"gallery-icon landscape\"><a href=\"https:\/\/agenciadenoticias.ms.gov.br\/acima-da-media-nacional-ms-apresenta-63-de-indice-de-aleitamento-materno-exclusivo\/whatsapp-image-2025-03-20-at-14-49-40-1\/\"><img loading=\"lazy\" decoding=\"async\" class=\"attachment-full size-full\" src=\"https:\/\/agenciadenoticias.ms.gov.br\/wp-content\/uploads\/2025\/03\/WhatsApp-Image-2025-03-20-at-14.49.40-1.jpeg\" sizes=\"auto, (max-width: 1280px) 100vw, 1280px\" srcset=\"https:\/\/agenciadenoticias.ms.gov.br\/wp-content\/uploads\/2025\/03\/WhatsApp-Image-2025-03-20-at-14.49.40-1.jpeg 1280w, https:\/\/agenciadenoticias.ms.gov.br\/wp-content\/uploads\/2025\/03\/WhatsApp-Image-2025-03-20-at-14.49.40-1-300x225.jpeg 300w, https:\/\/agenciadenoticias.ms.gov.br\/wp-content\/uploads\/2025\/03\/WhatsApp-Image-2025-03-20-at-14.49.40-1-1024x768.jpeg 1024w, https:\/\/agenciadenoticias.ms.gov.br\/wp-content\/uploads\/2025\/03\/WhatsApp-Image-2025-03-20-at-14.49.40-1-768x576.jpeg 768w, https:\/\/agenciadenoticias.ms.gov.br\/wp-content\/uploads\/2025\/03\/WhatsApp-Image-2025-03-20-at-14.49.40-1-320x240.jpeg 320w\" alt=\"\" width=\"1280\" height=\"960\" \/><\/a><\/div>\n<\/figure>\n<figure class=\"gallery-item\">\n<div class=\"gallery-icon landscape\"><a href=\"https:\/\/agenciadenoticias.ms.gov.br\/acima-da-media-nacional-ms-apresenta-63-de-indice-de-aleitamento-materno-exclusivo\/whatsapp-image-2025-03-20-at-14-49-41-1\/\"><img loading=\"lazy\" decoding=\"async\" class=\"attachment-full size-full\" src=\"https:\/\/agenciadenoticias.ms.gov.br\/wp-content\/uploads\/2025\/03\/WhatsApp-Image-2025-03-20-at-14.49.41-1.jpeg\" sizes=\"auto, (max-width: 1280px) 100vw, 1280px\" srcset=\"https:\/\/agenciadenoticias.ms.gov.br\/wp-content\/uploads\/2025\/03\/WhatsApp-Image-2025-03-20-at-14.49.41-1.jpeg 1280w, https:\/\/agenciadenoticias.ms.gov.br\/wp-content\/uploads\/2025\/03\/WhatsApp-Image-2025-03-20-at-14.49.41-1-300x225.jpeg 300w, https:\/\/agenciadenoticias.ms.gov.br\/wp-content\/uploads\/2025\/03\/WhatsApp-Image-2025-03-20-at-14.49.41-1-1024x768.jpeg 1024w, https:\/\/agenciadenoticias.ms.gov.br\/wp-content\/uploads\/2025\/03\/WhatsApp-Image-2025-03-20-at-14.49.41-1-768x576.jpeg 768w, https:\/\/agenciadenoticias.ms.gov.br\/wp-content\/uploads\/2025\/03\/WhatsApp-Image-2025-03-20-at-14.49.41-1-320x240.jpeg 320w\" alt=\"\" width=\"1280\" height=\"960\" \/><\/a><\/div>\n<\/figure>\n<\/div>\n<p>A OMS (Organiza\u00e7\u00e3o Mundial de Sa\u00fade) recomenda que as crian\u00e7as sejam amamentadas exclusivamente nos primeiros seis meses de vida. Ap\u00f3s esse per\u00edodo, deve-se introduzir uma alimenta\u00e7\u00e3o complementar saud\u00e1vel, adequada e segura. A OMS tamb\u00e9m recomenda que a amamenta\u00e7\u00e3o continue at\u00e9 os dois anos de idade ou mais.<\/p>\n<p><strong>Rede Alyne<\/strong><\/p>\n<p>Em setembro de 2024, o Governo Federal lan\u00e7ou a Rede Alyne &#8211; estrat\u00e9gia de reestrutura\u00e7\u00e3o da antiga Rede Cegonha, cujo objetivo \u00e9 reduzir a mortalidade materna em 25%. Al\u00e9m da expans\u00e3o das a\u00e7\u00f5es voltadas para a sa\u00fade materno-infantil, o novo programa busca diminuir a mortalidade materna de mulheres negras em 50% at\u00e9 2027.<\/p>\n<p>A iniciativa homenageia a jovem negra Alyne Pimentel, que morreu aos 28 anos, gestante e v\u00edtima de neglig\u00eancia m\u00e9dica, em novembro de 2002. Cinco anos depois, a fam\u00edlia entrou com uma a\u00e7\u00e3o no Comit\u00ea pela Elimina\u00e7\u00e3o de Todas as Formas de Discrimina\u00e7\u00e3o contra as Mulheres (Cedaw) da Organiza\u00e7\u00e3o das Na\u00e7\u00f5es Unidas (ONU). Quatro anos depois, o comit\u00ea emitiu condena\u00e7\u00e3o ao Brasil por n\u00e3o prestar atendimento adequado desde o surgimento das complica\u00e7\u00f5es, determinou indeniza\u00e7\u00e3o para a fam\u00edlia e recomendou pol\u00edticas para melhoria do atendimento a gestantes pelo servi\u00e7o p\u00fablico de sa\u00fade.<\/p>\n<p>O caso de Alyne levou o Brasil a ser o primeiro pa\u00eds condenado por morte materna pelo Sistema Global de Direitos Humanos em todo o mundo. Em 2014, o governo federal indenizou a m\u00e3e de Alyne e entregou um certificado que reconhece a responsabilidade do Estado na morte da gestante.<\/p>\n","protected":false},"excerpt":{"rendered":"<p>Mato Grosso do Sul apresenta 63% de \u00edndice de aleitamento materno exclusivo, que \u00e9 a&#8230;<\/p>\n","protected":false},"author":13,"featured_media":11764702,"comment_status":"closed","ping_status":"closed","sticky":false,"template":"","format":"standard","meta":{"footnotes":""},"categories":[14,21],"tags":[222],"class_list":["post-11764701","post","type-post","status-publish","format-standard","has-post-thumbnail","hentry","category-geral","category-saude","tag-saude"],"_links":{"self":[{"href":"https:\/\/www.corumbaonline.com.br\/news\/wp-json\/wp\/v2\/posts\/11764701","targetHints":{"allow":["GET"]}}],"collection":[{"href":"https:\/\/www.corumbaonline.com.br\/news\/wp-json\/wp\/v2\/posts"}],"about":[{"href":"https:\/\/www.corumbaonline.com.br\/news\/wp-json\/wp\/v2\/types\/post"}],"author":[{"embeddable":true,"href":"https:\/\/www.corumbaonline.com.br\/news\/wp-json\/wp\/v2\/users\/13"}],"replies":[{"embeddable":true,"href":"https:\/\/www.corumbaonline.com.br\/news\/wp-json\/wp\/v2\/comments?post=11764701"}],"version-history":[{"count":1,"href":"https:\/\/www.corumbaonline.com.br\/news\/wp-json\/wp\/v2\/posts\/11764701\/revisions"}],"predecessor-version":[{"id":11764704,"href":"https:\/\/www.corumbaonline.com.br\/news\/wp-json\/wp\/v2\/posts\/11764701\/revisions\/11764704"}],"wp:featuredmedia":[{"embeddable":true,"href":"https:\/\/www.corumbaonline.com.br\/news\/wp-json\/wp\/v2\/media\/11764702"}],"wp:attachment":[{"href":"https:\/\/www.corumbaonline.com.br\/news\/wp-json\/wp\/v2\/media?parent=11764701"}],"wp:term":[{"taxonomy":"category","embeddable":true,"href":"https:\/\/www.corumbaonline.com.br\/news\/wp-json\/wp\/v2\/categories?post=11764701"},{"taxonomy":"post_tag","embeddable":true,"href":"https:\/\/www.corumbaonline.com.br\/news\/wp-json\/wp\/v2\/tags?post=11764701"}],"curies":[{"name":"wp","href":"https:\/\/api.w.org\/{rel}","templated":true}]}}