{"id":11764723,"date":"2025-03-21T14:19:30","date_gmt":"2025-03-21T18:19:30","guid":{"rendered":"https:\/\/www.corumbaonline.com.br\/news\/?p=11764723"},"modified":"2025-03-21T14:19:32","modified_gmt":"2025-03-21T18:19:32","slug":"stf-tem-tres-votos-para-condenar-a-deputada-carla-zambelli","status":"publish","type":"post","link":"https:\/\/www.corumbaonline.com.br\/news\/stf-tem-tres-votos-para-condenar-a-deputada-carla-zambelli\/","title":{"rendered":"STF tem tr\u00eas votos para condenar a deputada Carla Zambelli"},"content":{"rendered":"\n<p>O Supremo Tribunal Federal (STF) come\u00e7ou nesta sexta-feira (21) o julgamento, no plen\u00e1rio virtual, da a\u00e7\u00e3o contra deputada federal Carla Zambelli (PL-SP)(Foto)&nbsp;<strong>pelos crimes de porte ilegal de arma de fogo e constrangimento ilegal com emprego de arma de fogo<\/strong>.<img decoding=\"async\" src=\"https:\/\/agenciabrasil.ebc.com.br\/ebc.png?id=1635544&amp;o=node\"><img decoding=\"async\" src=\"https:\/\/agenciabrasil.ebc.com.br\/ebc.gif?id=1635544&amp;o=node\"><\/p>\n\n\n\n<p>Em agosto de 2023,\u00a0Zambelli virou r\u00e9 no Supremo\u00a0por sacar uma arma de fogo e perseguir o jornalista Luan Ara\u00fajo \u00e0s v\u00e9speras do segundo turno das elei\u00e7\u00f5es de 2022. A persegui\u00e7\u00e3o come\u00e7ou ap\u00f3s Zambelli e Luan trocarem provoca\u00e7\u00f5es durante um ato pol\u00edtico no bairro dos Jardins, em S\u00e3o Paulo.<\/p>\n\n\n\n<p><strong>A tese de condena\u00e7\u00e3o j\u00e1 tem os votos do ministro relator do caso, Gilmar Mendes, e dos ministros Alexandre de Moraes e C\u00e1rmen L\u00facia.<\/strong>&nbsp;A parlamentar pode ser condenada a 5 anos e 3 meses de pris\u00e3o em regime semiaberto. O voto do relator tamb\u00e9m condena Zambelli \u00e0 perda do mandato em fun\u00e7\u00e3o da condena\u00e7\u00e3o criminal.<\/p>\n\n\n\n<p>No voto, Gilmar Mendes argumenta que a rea\u00e7\u00e3o armada diante de ofensas n\u00e3o encontra amparo no Estado Democr\u00e1tico de Direito.<\/p>\n\n\n\n<blockquote class=\"wp-block-quote is-layout-flow wp-block-quote-is-layout-flow\">\n<p>&#8220;Ao adentrar no estabelecimento comercial com a arma em punho apontada para Luan, determinando repetidas vezes que o mesmo deitasse no ch\u00e3o, a r\u00e9 claramente for\u00e7ou-o a fazer ato contr\u00e1rio a sua vontade, utilizando-se da arma de fogo para subjug\u00e1-lo, mediante grave amea\u00e7a, restringindo sua liberdade momentaneamente&#8221;, afirmou Gilmar Mendes.&nbsp;<\/p>\n\n\n\n<p><strong>O julgamento no plen\u00e1rio virtual vai at\u00e9 sexta-feira (28)<\/strong>. Ainda faltam os votos de oito ministros.<\/p>\n\n\n\n<p><\/p>\n<\/blockquote>\n","protected":false},"excerpt":{"rendered":"<p>O Supremo Tribunal Federal (STF) come\u00e7ou nesta sexta-feira (21) o julgamento, no plen\u00e1rio virtual, da&#8230;<\/p>\n","protected":false},"author":4,"featured_media":11731243,"comment_status":"closed","ping_status":"closed","sticky":false,"template":"","format":"standard","meta":{"footnotes":""},"categories":[221],"tags":[],"class_list":["post-11764723","post","type-post","status-publish","format-standard","has-post-thumbnail","hentry","category-justica"],"_links":{"self":[{"href":"https:\/\/www.corumbaonline.com.br\/news\/wp-json\/wp\/v2\/posts\/11764723","targetHints":{"allow":["GET"]}}],"collection":[{"href":"https:\/\/www.corumbaonline.com.br\/news\/wp-json\/wp\/v2\/posts"}],"about":[{"href":"https:\/\/www.corumbaonline.com.br\/news\/wp-json\/wp\/v2\/types\/post"}],"author":[{"embeddable":true,"href":"https:\/\/www.corumbaonline.com.br\/news\/wp-json\/wp\/v2\/users\/4"}],"replies":[{"embeddable":true,"href":"https:\/\/www.corumbaonline.com.br\/news\/wp-json\/wp\/v2\/comments?post=11764723"}],"version-history":[{"count":1,"href":"https:\/\/www.corumbaonline.com.br\/news\/wp-json\/wp\/v2\/posts\/11764723\/revisions"}],"predecessor-version":[{"id":11764724,"href":"https:\/\/www.corumbaonline.com.br\/news\/wp-json\/wp\/v2\/posts\/11764723\/revisions\/11764724"}],"wp:featuredmedia":[{"embeddable":true,"href":"https:\/\/www.corumbaonline.com.br\/news\/wp-json\/wp\/v2\/media\/11731243"}],"wp:attachment":[{"href":"https:\/\/www.corumbaonline.com.br\/news\/wp-json\/wp\/v2\/media?parent=11764723"}],"wp:term":[{"taxonomy":"category","embeddable":true,"href":"https:\/\/www.corumbaonline.com.br\/news\/wp-json\/wp\/v2\/categories?post=11764723"},{"taxonomy":"post_tag","embeddable":true,"href":"https:\/\/www.corumbaonline.com.br\/news\/wp-json\/wp\/v2\/tags?post=11764723"}],"curies":[{"name":"wp","href":"https:\/\/api.w.org\/{rel}","templated":true}]}}