{"id":11764752,"date":"2025-03-22T13:00:00","date_gmt":"2025-03-22T17:00:00","guid":{"rendered":"https:\/\/www.corumbaonline.com.br\/news\/?p=11764752"},"modified":"2025-03-22T13:45:27","modified_gmt":"2025-03-22T17:45:27","slug":"ao-celebrar-o-dia-da-agua-sanesul-reforca-compromisso-com-a-seguranca-hidrica-em-ms","status":"publish","type":"post","link":"https:\/\/www.corumbaonline.com.br\/news\/ao-celebrar-o-dia-da-agua-sanesul-reforca-compromisso-com-a-seguranca-hidrica-em-ms\/","title":{"rendered":"Ao celebrar o Dia da \u00c1gua, Sanesul refor\u00e7a compromisso com a seguran\u00e7a h\u00eddrica em MS"},"content":{"rendered":"<p>No Dia Mundial da \u00c1gua, celebrado neste s\u00e1bado (22), a Sanesul (Empresa de Saneamento de Mato Grosso do Sul) refor\u00e7a seu papel na garantia da seguran\u00e7a h\u00eddrica nos 68 munic\u00edpios onde opera. A empresa investe continuamente em infraestrutura e tecnologia para assegurar o abastecimento regular e de qualidade, sobretudo em per\u00edodos de estiagem, quando a demanda por solu\u00e7\u00f5es sustent\u00e1veis se intensifica.<\/p>\n<p>Uma das principais iniciativas \u00e9 a perfura\u00e7\u00e3o de novos po\u00e7os artesianos em locais onde os mananciais superficiais n\u00e3o s\u00e3o suficientes para suprir a popula\u00e7\u00e3o. Essa estrat\u00e9gia garante o acesso \u00e0 \u00e1gua pot\u00e1vel em regi\u00f5es mais vulner\u00e1veis, promovendo qualidade de vida e desenvolvimento local.<\/p>\n<p>Al\u00e9m disso, a Sanesul amplia e moderniza ETAs (Esta\u00e7\u00f5es de Tratamento de \u00c1gua), essenciais para a potabiliza\u00e7\u00e3o da \u00e1gua captada. Essas unidades asseguram que a distribui\u00e7\u00e3o atenda aos mais altos padr\u00f5es de qualidade e seguran\u00e7a sanit\u00e1ria. Atualmente, a Sanesul distribui 11,7 bilh\u00f5es de litros de \u00e1gua tratada por m\u00eas, atendendo 664 mil liga\u00e7\u00f5es de \u00e1gua e 344 mil de esgoto nos 68 munic\u00edpios sob sua concess\u00e3o.<\/p>\n<p><strong>Preserva\u00e7\u00e3o ambiental e combate ao desperd\u00edcio<\/strong><\/p>\n<p>A seguran\u00e7a h\u00eddrica est\u00e1 diretamente ligada \u00e0 conserva\u00e7\u00e3o ambiental. Para isso, a Sanesul desenvolve programas de prote\u00e7\u00e3o de nascentes e mananciais, al\u00e9m de a\u00e7\u00f5es educativas que incentivam o uso consciente da \u00e1gua.<\/p>\n<p>A empresa realiza blitzes educativas para conscientizar a popula\u00e7\u00e3o sobre a import\u00e2ncia desse recurso, incentivando pr\u00e1ticas como evitar vazamentos, reduzir o consumo desnecess\u00e1rio e reutilizar a \u00e1gua sempre que poss\u00edvel. Outra frente de atua\u00e7\u00e3o inclui o reflorestamento de \u00e1reas estrat\u00e9gicas e a ado\u00e7\u00e3o de tecnologias sustent\u00e1veis na opera\u00e7\u00e3o dos sistemas.<\/p>\n<p>Embora Mato Grosso do Sul j\u00e1 tenha a universaliza\u00e7\u00e3o do abastecimento de \u00e1gua, a Sanesul segue investindo na moderniza\u00e7\u00e3o de seus servi\u00e7os. Entre as inova\u00e7\u00f5es est\u00e3o sistemas inteligentes de detec\u00e7\u00e3o de vazamentos e controle remoto das esta\u00e7\u00f5es de tratamento, tornando a distribui\u00e7\u00e3o mais eficiente e confi\u00e1vel.<\/p>\n<figure id=\"attachment_505816\" class=\"wp-caption aligncenter\" aria-describedby=\"caption-attachment-505816\"><a href=\"https:\/\/agenciadenoticias.ms.gov.br\/wp-content\/uploads\/2025\/03\/dia-da-agua-2.jpg\"><img loading=\"lazy\" decoding=\"async\" class=\"wp-image-505816 size-full\" src=\"https:\/\/agenciadenoticias.ms.gov.br\/wp-content\/uploads\/2025\/03\/dia-da-agua-2.jpg\" sizes=\"auto, (max-width: 917px) 100vw, 917px\" srcset=\"https:\/\/agenciadenoticias.ms.gov.br\/wp-content\/uploads\/2025\/03\/dia-da-agua-2.jpg 917w, https:\/\/agenciadenoticias.ms.gov.br\/wp-content\/uploads\/2025\/03\/dia-da-agua-2-300x139.jpg 300w, https:\/\/agenciadenoticias.ms.gov.br\/wp-content\/uploads\/2025\/03\/dia-da-agua-2-768x355.jpg 768w, https:\/\/agenciadenoticias.ms.gov.br\/wp-content\/uploads\/2025\/03\/dia-da-agua-2-350x162.jpg 350w\" alt=\"\" width=\"917\" height=\"424\" \/><\/a><figcaption id=\"caption-attachment-505816\" class=\"wp-caption-text\">Laborat\u00f3rio de macromedi\u00e7\u00e3o, no Complexo Maria Cec\u00edlia Barbosa, em Campo Grande<\/figcaption><\/figure>\n<p>O diretor-presidente da Sanesul, Renato Marc\u00edlio, ressalta a import\u00e2ncia desse trabalho cont\u00ednuo. &#8220;Nosso compromisso \u00e9 garantir que a popula\u00e7\u00e3o de Mato Grosso do Sul tenha acesso \u00e0 \u00e1gua de qualidade, independentemente das condi\u00e7\u00f5es clim\u00e1ticas. Investimos constantemente para aprimorar os servi\u00e7os oferecidos, trazendo inova\u00e7\u00f5es que melhoram a seguran\u00e7a h\u00eddrica e a qualidade de vida dos sul-mato-grossenses&#8221;, assegura o dirigente.<\/p>\n<div class=\"figuraInferiorEsquerdaPaisagem\">\n<\/div>\n<p><strong>Compromisso renovado no Dia Mundial da \u00c1gua<\/strong><\/p>\n<p>A data refor\u00e7a a necessidade de valoriza\u00e7\u00e3o da \u00e1gua como recurso essencial para a vida. A Sanesul reafirma seu compromisso com a gest\u00e3o eficiente e sustent\u00e1vel dos recursos h\u00eddricos, garantindo que Mato Grosso do Sul continue avan\u00e7ando na qualidade dos servi\u00e7os e na preserva\u00e7\u00e3o desse bem fundamental para as futuras gera\u00e7\u00f5es.<\/p>\n<p><strong>Macromedi\u00e7\u00e3o e controle de perdas<\/strong><\/p>\n<p>No fim de 2024, a empresa inaugurou um moderno laborat\u00f3rio de macromedi\u00e7\u00e3o no Complexo \u2018Maria Cec\u00edlia Barbosa\u2019, em Campo Grande, consolidando seu compromisso com a moderniza\u00e7\u00e3o do saneamento e a redu\u00e7\u00e3o de perdas de \u00e1gua.<\/p>\n<p>A macromedi\u00e7\u00e3o \u00e9 uma ferramenta essencial para a efici\u00eancia e sustentabilidade no setor, permitindo um controle rigoroso da produ\u00e7\u00e3o e distribui\u00e7\u00e3o ao medir o volume de \u00e1gua em grandes blocos. Esse monitoramento \u00e9 fundamental para identificar e corrigir perdas no sistema, seja por vazamentos, liga\u00e7\u00f5es irregulares ou falhas operacionais.<\/p>\n<p>Com dados mais precisos, a Sanesul poder\u00e1 otimizar o uso de recursos, beneficiando tanto a empresa quanto os consumidores. Essa iniciativa fortalece a gest\u00e3o h\u00eddrica e aprimora a efici\u00eancia do abastecimento no Estado.<\/p>\n<p><strong>Alinhamento \u00e0s diretrizes nacionais<\/strong><\/p>\n<figure id=\"attachment_505818\" class=\"wp-caption aligncenter\" aria-describedby=\"caption-attachment-505818\"><a href=\"https:\/\/agenciadenoticias.ms.gov.br\/wp-content\/uploads\/2025\/03\/dia-da-agua.jpg\"><img loading=\"lazy\" decoding=\"async\" class=\"wp-image-505818 size-full\" src=\"https:\/\/agenciadenoticias.ms.gov.br\/wp-content\/uploads\/2025\/03\/dia-da-agua.jpg\" sizes=\"auto, (max-width: 1000px) 100vw, 1000px\" srcset=\"https:\/\/agenciadenoticias.ms.gov.br\/wp-content\/uploads\/2025\/03\/dia-da-agua.jpg 1000w, https:\/\/agenciadenoticias.ms.gov.br\/wp-content\/uploads\/2025\/03\/dia-da-agua-300x200.jpg 300w, https:\/\/agenciadenoticias.ms.gov.br\/wp-content\/uploads\/2025\/03\/dia-da-agua-768x512.jpg 768w, https:\/\/agenciadenoticias.ms.gov.br\/wp-content\/uploads\/2025\/03\/dia-da-agua-350x232.jpg 350w\" alt=\"\" width=\"1000\" height=\"667\" \/><\/a><figcaption id=\"caption-attachment-505818\" class=\"wp-caption-text\">Imagem do registro em po\u00e7o na cidade de Dois Irm\u00e3os do Buriti<\/figcaption><\/figure>\n<p>O Brasil enfrenta desafios h\u00eddricos significativos, especialmente em regi\u00f5es com escassez de \u00e1gua e crescimento populacional acelerado. Segundo a ANA (Ag\u00eancia Nacional de \u00c1guas e Saneamento B\u00e1sico), o PNSH (Plano Nacional de Seguran\u00e7a H\u00eddrica) destaca a necessidade de investimentos em infraestrutura e gest\u00e3o sustent\u00e1vel para garantir a disponibilidade de \u00e1gua no futuro.<\/p>\n<p>Nesse contexto, a atua\u00e7\u00e3o da Sanesul est\u00e1 alinhada \u00e0s diretrizes nacionais, priorizando solu\u00e7\u00f5es inovadoras para manter a efici\u00eancia no abastecimento. A universaliza\u00e7\u00e3o do saneamento, uma das metas do novo marco legal do setor, prev\u00ea que at\u00e9 2033 todos os brasileiros tenham acesso \u00e0 \u00e1gua tratada e coleta de esgoto.<\/p>\n<p>O compromisso da Sanesul refor\u00e7a essa miss\u00e3o, garantindo que Mato Grosso do Sul continue sendo refer\u00eancia em gest\u00e3o h\u00eddrica e servi\u00e7os de qualidade.<\/p>\n","protected":false},"excerpt":{"rendered":"<p>No Dia Mundial da \u00c1gua, celebrado neste s\u00e1bado (22), a Sanesul (Empresa de Saneamento de&#8230;<\/p>\n","protected":false},"author":13,"featured_media":11764753,"comment_status":"closed","ping_status":"closed","sticky":false,"template":"","format":"standard","meta":{"footnotes":""},"categories":[8,17],"tags":[209],"class_list":["post-11764752","post","type-post","status-publish","format-standard","has-post-thumbnail","hentry","category-destaque","category-meio-ambiente","tag-meio-ambiente"],"_links":{"self":[{"href":"https:\/\/www.corumbaonline.com.br\/news\/wp-json\/wp\/v2\/posts\/11764752","targetHints":{"allow":["GET"]}}],"collection":[{"href":"https:\/\/www.corumbaonline.com.br\/news\/wp-json\/wp\/v2\/posts"}],"about":[{"href":"https:\/\/www.corumbaonline.com.br\/news\/wp-json\/wp\/v2\/types\/post"}],"author":[{"embeddable":true,"href":"https:\/\/www.corumbaonline.com.br\/news\/wp-json\/wp\/v2\/users\/13"}],"replies":[{"embeddable":true,"href":"https:\/\/www.corumbaonline.com.br\/news\/wp-json\/wp\/v2\/comments?post=11764752"}],"version-history":[{"count":1,"href":"https:\/\/www.corumbaonline.com.br\/news\/wp-json\/wp\/v2\/posts\/11764752\/revisions"}],"predecessor-version":[{"id":11764754,"href":"https:\/\/www.corumbaonline.com.br\/news\/wp-json\/wp\/v2\/posts\/11764752\/revisions\/11764754"}],"wp:featuredmedia":[{"embeddable":true,"href":"https:\/\/www.corumbaonline.com.br\/news\/wp-json\/wp\/v2\/media\/11764753"}],"wp:attachment":[{"href":"https:\/\/www.corumbaonline.com.br\/news\/wp-json\/wp\/v2\/media?parent=11764752"}],"wp:term":[{"taxonomy":"category","embeddable":true,"href":"https:\/\/www.corumbaonline.com.br\/news\/wp-json\/wp\/v2\/categories?post=11764752"},{"taxonomy":"post_tag","embeddable":true,"href":"https:\/\/www.corumbaonline.com.br\/news\/wp-json\/wp\/v2\/tags?post=11764752"}],"curies":[{"name":"wp","href":"https:\/\/api.w.org\/{rel}","templated":true}]}}